{"id":3086,"date":"2022-08-24T10:42:40","date_gmt":"2022-08-24T10:42:40","guid":{"rendered":"https:\/\/revistacienciaecultura.org.br\/?p=3086"},"modified":"2022-08-24T10:42:40","modified_gmt":"2022-08-24T10:42:40","slug":"mais-de-20-candidatos-ao-legislativo-ja-assinaram-carta-de-compromissos-enviada-pela-sbpc","status":"publish","type":"post","link":"https:\/\/revistacienciaecultura.org.br\/?p=3086","title":{"rendered":"Mais de 20 candidatos ao Legislativo j\u00e1 assinaram carta de compromissos enviada pela SBPC"},"content":{"rendered":"<p><em>Documento traz propostas da comunidade cient\u00edfica para a defesa e o avan\u00e7o da Ci\u00eancia, Tecnologia e Inova\u00e7\u00e3o, Educa\u00e7\u00e3o e Democracia no Pa\u00eds. Acesse a p\u00e1gina do Observat\u00f3rio das Elei\u00e7\u00f5es no portal da SBPC<\/em><\/p>\n<p>Mais de 20 candidatos ao Legislativo Pa\u00eds j\u00e1 responderam \u00e0\u00a0<a href=\"http:\/\/www.jornaldaciencia.org.br\/wp-content\/uploads\/2022\/08\/carta-compromisso-aos-candidatos-2022.pdf\" target=\"_blank\" rel=\"noopener\"><strong><span style=\"color: #800000;\">carta de compromissos da Sociedade Brasileira para o Progresso da Ci\u00eancia (SBPC)<\/span><\/strong><\/a>\u00a0na qual solicita posicionamento sobre propostas fundamentais \u00e0s \u00e1reas de Ci\u00eancia, Tecnologia e Inova\u00e7\u00e3o, Educa\u00e7\u00e3o, Sa\u00fade, Seguran\u00e7a P\u00fablica, Cultura e Democracia. O documento traz propostas de pol\u00edticas p\u00fablicas elaboradas pela comunidade cient\u00edfica que tratam de diferentes temas relevantes para a sociedade brasileira.\u00a0<strong><span style=\"color: #800000;\"><a style=\"color: #800000;\" href=\"http:\/\/portal.sbpcnet.org.br\/observatorio-eleicoes2022\/legislativo\/\" target=\"_blank\" rel=\"noopener\">A lista dos candidatos que j\u00e1 enviaram suas manifesta\u00e7\u00f5es em favor dos compromissos est\u00e1 dispon\u00edvel no portal da SBPC, neste link<\/a><\/span><\/strong>.<\/p>\n<p>Em fun\u00e7\u00e3o das elei\u00e7\u00f5es que acontecem em outubro de 2022, a SBPC organizou no primeiro semestre de 2022 uma s\u00e9rie de 13 debates com especialistas de diferentes \u00e1reas de conhecimento e de diferentes atua\u00e7\u00f5es profissionais. O objetivo foi a elabora\u00e7\u00e3o de diretrizes e propostas de pol\u00edticas organizadas e detalhadas no caderno \u201c<strong><span style=\"color: #800000;\"><a style=\"color: #800000;\" href=\"http:\/\/portal.sbpcnet.org.br\/wp-content\/uploads\/2022\/07\/cadernos_SBPC_2022_1907.pdf\" target=\"_blank\" rel=\"noopener\">Projeto Brasil Novo<\/a><\/span><\/strong>\u201d.<\/p>\n<p>A partir desse documento, a SBPC produziu a carta de compromissos, visando exigir dos atores que desejam ingressar ou permanecer no cen\u00e1rio pol\u00edtico ap\u00f3s as elei\u00e7\u00f5es de 2022 o comprometimento com essas pautas, por meio da assinatura dos candidatos.<\/p>\n<p>\u201cEst\u00e3o hoje amea\u00e7adas a continuidade de pesquisas cient\u00edficas importantes e a forma\u00e7\u00e3o de novos pesquisadores. Por outro lado, as v\u00e1rias amea\u00e7as\u00a0\u00a0 aos direitos humanos colocam em xeque qualquer plano de avan\u00e7o econ\u00f4mico e social do Pa\u00eds\u201d, alerta a entidade na carta.<\/p>\n<p>As respostas dos candidatos est\u00e3o organizadas no portal da SBPC, na p\u00e1gina \u201cObservat\u00f3rio das Elei\u00e7\u00f5es 2022\u201d (<strong><span style=\"color: #800000;\"><a style=\"color: #800000;\" href=\"http:\/\/portal.sbpcnet.org.br\/observatorio-eleicoes2022\/\" target=\"_blank\" rel=\"noopener\">http:\/\/portal.sbpcnet.org.br\/observatorio-eleicoes2022\/<\/a><\/span><\/strong>), e tamb\u00e9m s\u00e3o amplamente divulgadas nos meios de comunica\u00e7\u00e3o e redes sociais da entidade.<\/p>\n<p><a href=\"http:\/\/www.jornaldaciencia.org.br\/wp-content\/uploads\/2022\/08\/carta-compromisso-aos-candidatos-2022.pdf\" target=\"_blank\" rel=\"noopener\">Confira a carta na \u00edntegra neste link<\/a>.<\/p>\n<p><span style=\"color: #800000;\"><strong><a style=\"color: #800000;\" href=\"http:\/\/www.jornaldaciencia.org.br\/edicoes\/?url=http:\/\/jcnoticias.jornaldaciencia.org.br\"><em>Jornal da Ci\u00eancia<\/em><\/a><\/strong><\/span><\/p>\n","protected":false},"excerpt":{"rendered":"Documento traz propostas da comunidade cient\u00edfica para a defesa e o avan\u00e7o&hellip;\n","protected":false},"author":19,"featured_media":3087,"comment_status":"open","ping_status":"open","sticky":false,"template":"","format":"standard","meta":[],"categories":[1,2],"tags":[],"acf":[],"_links":{"self":[{"href":"https:\/\/revistacienciaecultura.org.br\/index.php?rest_route=\/wp\/v2\/posts\/3086"}],"collection":[{"href":"https:\/\/revistacienciaecultura.org.br\/index.php?rest_route=\/wp\/v2\/posts"}],"about":[{"href":"https:\/\/revistacienciaecultura.org.br\/index.php?rest_route=\/wp\/v2\/types\/post"}],"author":[{"embeddable":true,"href":"https:\/\/revistacienciaecultura.org.br\/index.php?rest_route=\/wp\/v2\/users\/19"}],"replies":[{"embeddable":true,"href":"https:\/\/revistacienciaecultura.org.br\/index.php?rest_route=%2Fwp%2Fv2%2Fcomments&post=3086"}],"version-history":[{"count":1,"href":"https:\/\/revistacienciaecultura.org.br\/index.php?rest_route=\/wp\/v2\/posts\/3086\/revisions"}],"predecessor-version":[{"id":3088,"href":"https:\/\/revistacienciaecultura.org.br\/index.php?rest_route=\/wp\/v2\/posts\/3086\/revisions\/3088"}],"wp:featuredmedia":[{"embeddable":true,"href":"https:\/\/revistacienciaecultura.org.br\/index.php?rest_route=\/wp\/v2\/media\/3087"}],"wp:attachment":[{"href":"https:\/\/revistacienciaecultura.org.br\/index.php?rest_route=%2Fwp%2Fv2%2Fmedia&parent=3086"}],"wp:term":[{"taxonomy":"category","embeddable":true,"href":"https:\/\/revistacienciaecultura.org.br\/index.php?rest_route=%2Fwp%2Fv2%2Fcategories&post=3086"},{"taxonomy":"post_tag","embeddable":true,"href":"https:\/\/revistacienciaecultura.org.br\/index.php?rest_route=%2Fwp%2Fv2%2Ftags&post=3086"}],"curies":[{"name":"wp","href":"https:\/\/api.w.org\/{rel}","templated":true}]}}