{"id":3099,"date":"2022-08-25T18:10:25","date_gmt":"2022-08-25T18:10:25","guid":{"rendered":"https:\/\/revistacienciaecultura.org.br\/?p=3099"},"modified":"2022-08-25T18:10:25","modified_gmt":"2022-08-25T18:10:25","slug":"sbpc-divulga-programacao-de-serie-de-conferencias-contagem-regressiva-para-o-bicentenario-rumos-a-independencia","status":"publish","type":"post","link":"https:\/\/revistacienciaecultura.org.br\/?p=3099","title":{"rendered":"SBPC divulga programa\u00e7\u00e3o de S\u00e9rie de Confer\u00eancias \u201cContagem Regressiva para o Bicenten\u00e1rio: Rumos \u00e0 Independ\u00eancia\u201d"},"content":{"rendered":"<h4 id=\"com-sessoes-de-30-de-agosto-a-6-de-setembro-as-atividades-irao-discutir-temas-sobre-meio-ambiente-saude-educacao-industrializacao-e-como-a-ciencia-pode-contribuir-para-a-soberania-e-independencia\"><span style=\"color: #808080;\">Com sess\u00f5es de 30 de agosto a 6 de setembro, as atividades ir\u00e3o discutir temas sobre meio ambiente, sa\u00fade, educa\u00e7\u00e3o, industrializa\u00e7\u00e3o e como a ci\u00eancia pode contribuir para a soberania e independ\u00eancia nacional<\/span><\/h4>\n<p>Com o objetivo de iniciar as discuss\u00f5es sobre os 200 anos da Independ\u00eancia, a Sociedade Brasileira para o Progresso da Ci\u00eancia (SBPC) realiza de 30 de agosto a 6 de setembro a s\u00e9rie de Confer\u00eancias \u201cContagem Regressiva para o Bicenten\u00e1rio: Rumos \u00e0 Independ\u00eancia\u201d. As atividades ser\u00e3o presenciais e tamb\u00e9m com transmiss\u00e3o pelo<a href=\"https:\/\/youtube.com\/canalsbpc\" target=\"_blank\" rel=\"noopener\">\u00a0<strong><span style=\"color: #800000;\">canal da SBPC no Youtube<\/span><\/strong><\/a>.<\/p>\n<p>Renato Janine Ribeiro, presidente da SBPC, comenta que esta \u00e9 uma \u00f3tima oportunidade para deixar claro como a ci\u00eancia, a tecnologia, a inova\u00e7\u00e3o, a educa\u00e7\u00e3o, a cultura, a sa\u00fade, o meio ambiente e a inclus\u00e3o social, valores que a SBPC defende e apoia desde sua funda\u00e7\u00e3o, s\u00e3o decisivos para garantir a soberania nacional.<\/p>\n<p>\u201cA independ\u00eancia n\u00e3o \u00e9 algo que s\u00f3 se refere ao passado. Por isso, queremos debater o presente e pensar o futuro. Mostrar como que esse c\u00edrculo virtuoso \u2013ci\u00eancia, tecnologia, inova\u00e7\u00e3o, educa\u00e7\u00e3o, cultura, sa\u00fade, meio ambiente e inclus\u00e3o social\u00a0 \u2013 pode garantir a soberania do Brasil\u201d, diz.<\/p>\n<p>Cl\u00e1udia Linhares Sales, diretora da SBPC, conta que os temas foram escolhidos com a inten\u00e7\u00e3o de capturar o momento atual, de crises em v\u00e1rios aspectos. Segundo ela, que somente com a ci\u00eancia o Pa\u00eds poder\u00e1 alcan\u00e7ar a real independ\u00eancia e \u00e9 isso que os debates querem mostrar. \u201cS\u00e3o temas importantes que n\u00e3o podem passar em branco nessa reflex\u00e3o sobre a Independ\u00eancia. Os desafios que a na\u00e7\u00e3o brasileira enfrenta atualmente s\u00e3o gigantes. A gente n\u00e3o vai sair da crise da educa\u00e7\u00e3o ou do meio ambiente sem ci\u00eancia. A gente n\u00e3o vai alcan\u00e7ar os objetivos de desenvolvimento sustent\u00e1vel sem ci\u00eancia\u201d, diz.<\/p>\n<p>As sess\u00f5es trar\u00e3o discuss\u00f5es sobre como a ci\u00eancia contribui para a soberania e independ\u00eancia nacional em diversos setores. Entre os temas discutidos est\u00e3o \u201cCi\u00eancia e desenvolvimento industrial\u201d, \u201cCi\u00eancia e meio ambiente\u201d, \u201cCi\u00eancia e educa\u00e7\u00e3o\u201d, \u201cCi\u00eancia e sa\u00fade\u201d e \u201cCi\u00eancia e desenvolvimento sustent\u00e1vel\u201d.\u00a0Acompanhe e participe!<\/p>\n<p><strong>Veja a programa\u00e7\u00e3o:<\/strong><\/p>\n<p><strong>30\/08 \u00e0s 18h \u2013 CI\u00caNCIA E DESENVOLVIMENTO INDUSTRIAL<\/strong><br \/>\nPalestrante: Fernando Sarti (Unicamp)<br \/>\nApresentador: S\u00e1vio M. Cavalcante (SBPC-SPII)<br \/>\nDebatedor: Marcelo Knobel (Unicamp)<br \/>\nModalidade: presencial com transmiss\u00e3o ao vivo (<a href=\"http:\/\/youtube.com\/canalsbpc\" target=\"_blank\" rel=\"noopener\"><strong><span style=\"color: #800000;\">youtube.com\/canalsbpc<\/span><\/strong><\/a>)<br \/>\nLocal: Universidade Estadual de Campinas (Unicamp). Audit\u00f3rio do IC-3. R. Saturnino de Brito, 573 \u2013 Cidade Universit\u00e1ria, Campinas \u2013 SP<\/p>\n<p><strong>31\/08 \u00e0s 18h \u2013 CI\u00caNCIA E MEIO AMBIENTE<\/strong><br \/>\nPalestrante: Ima C\u00e9lia Guimar\u00e3es Vieira<br \/>\nApresentadora: Rosa Carmina de Sena Couto (SBPC-PA)<br \/>\nDebatedor: Edna Maria Ramos de Castro (UFPA)<br \/>\nModalidade: Live em<strong><span style=\"color: #800000;\">\u00a0<a style=\"color: #800000;\" href=\"http:\/\/youtube.com\/canalsbpc\" target=\"_blank\" rel=\"noopener\">youtube.com\/canalsbpc<\/a><\/span><\/strong><\/p>\n<p><strong>01\/09 \u00e0s 14h \u2013 CI\u00caNCIA\u00a0E EDUCA\u00c7\u00c3O<\/strong><br \/>\nPalestrante: Jos\u00e9 Francisco Soares (UFMG)<br \/>\nApresentador: Paulo S\u00e9rgio Lacerda Beir\u00e3o (UFMG\/SBPC)<br \/>\nDebatedor: C\u00e9sar Callegari (ex-secret\u00e1rio de Educa\u00e7\u00e3o B\u00e1sica do MEC)<br \/>\nModalidade: Live em\u00a0<span style=\"color: #800000;\"><strong><a style=\"color: #800000;\" href=\"http:\/\/youtube.com\/canalsbpc\" target=\"_blank\" rel=\"noopener\">youtube.com\/canalsbpc<\/a><\/strong><\/span><\/p>\n<p><strong>02\/09 \u00e0s 14h \u2013\u00a0CI\u00caNCIA E SEGURAN\u00c7A P\u00daBLICA<\/strong><br \/>\nPalestrante: Daniel Cerqueira (IPEA)<br \/>\nApresentadora: Maria do Ros\u00e1rio de F\u00e1tima Andrade Leit\u00e3o (SBPC-PE)<br \/>\nDebatedor: Murilo Cavalcanti\u00a0 (secret\u00e1rio de Seguran\u00e7a Cidad\u00e3 \u2013 Prefeitura do Recife)<br \/>\nModalidade: presencial com transmiss\u00e3o ao vivo (<span style=\"color: #800000;\"><strong><a style=\"color: #800000;\" href=\"http:\/\/youtube.com\/canalsbpc\" target=\"_blank\" rel=\"noopener\">youtube.com\/canalsbpc<\/a><\/strong><\/span>)<br \/>\nLocal: Universidade Federal Rural de Pernambuco \u2013 UFRPE. Audit\u00f3rio do Centro de Ensino de Gradua\u00e7\u00e3o\/CEGOE<\/p>\n<p><strong>05\/09 \u00e0s 18h \u2013 CI\u00caNCIA E SA\u00daDE<\/strong><br \/>\nPalestrante: N\u00edsia Trindade Lima (Fiocruz-RJ)<br \/>\nApresentadora: L\u00edgia Bahia (SBPC-RJ)<br \/>\nDebatedor: Paulo Niemeyer Soares Filho (ANM)<br \/>\nModalidade: presencial com transmiss\u00e3o ao vivo (<span style=\"color: #800000;\"><strong><a style=\"color: #800000;\" href=\"http:\/\/youtube.com\/canalsbpc\" target=\"_blank\" rel=\"noopener\">youtube.com\/canalsbpc<\/a><\/strong><\/span>)<br \/>\nLocal: Audit\u00f3rio da Academia Brasileira de Ci\u00eancias \u2013 ABC (Rua Anfil\u00f3fio de Carvalho, n\u00ba 29 \u2013 3\u00ba andar).<\/p>\n<p><strong>06\/09 \u00e0s 16h \u2013\u00a0CI\u00caNCIA E DESENVOLVIMENTO SUSTENT\u00c1VEL<\/strong><br \/>\nPalestrante: Paulo Artaxo (USP)<br \/>\nApresentadora: Giselle Zenker Justo (SBPC-SP I)<br \/>\nDebatedora: Izabella Teixeira (ex-ministra do Meio Ambiente)<br \/>\nModalidade: Live em\u00a0<span style=\"color: #800000;\"><strong><a style=\"color: #800000;\" href=\"http:\/\/youtube.com\/canalsbpc\" target=\"_blank\" rel=\"noopener\">youtube.com\/canalsbpc<\/a><\/strong><\/span><\/p>\n<p><strong><span style=\"color: #800000;\"><a style=\"color: #800000;\" href=\"http:\/\/www.sbpcnet.org.br\/\"><em>SBPC<\/em><\/a><\/span><\/strong><\/p>\n","protected":false},"excerpt":{"rendered":"Com sess\u00f5es de 30 de agosto a 6 de setembro, as atividades&hellip;\n","protected":false},"author":19,"featured_media":3100,"comment_status":"open","ping_status":"open","sticky":false,"template":"","format":"standard","meta":[],"categories":[1,2],"tags":[],"acf":[],"_links":{"self":[{"href":"https:\/\/revistacienciaecultura.org.br\/index.php?rest_route=\/wp\/v2\/posts\/3099"}],"collection":[{"href":"https:\/\/revistacienciaecultura.org.br\/index.php?rest_route=\/wp\/v2\/posts"}],"about":[{"href":"https:\/\/revistacienciaecultura.org.br\/index.php?rest_route=\/wp\/v2\/types\/post"}],"author":[{"embeddable":true,"href":"https:\/\/revistacienciaecultura.org.br\/index.php?rest_route=\/wp\/v2\/users\/19"}],"replies":[{"embeddable":true,"href":"https:\/\/revistacienciaecultura.org.br\/index.php?rest_route=%2Fwp%2Fv2%2Fcomments&post=3099"}],"version-history":[{"count":1,"href":"https:\/\/revistacienciaecultura.org.br\/index.php?rest_route=\/wp\/v2\/posts\/3099\/revisions"}],"predecessor-version":[{"id":3101,"href":"https:\/\/revistacienciaecultura.org.br\/index.php?rest_route=\/wp\/v2\/posts\/3099\/revisions\/3101"}],"wp:featuredmedia":[{"embeddable":true,"href":"https:\/\/revistacienciaecultura.org.br\/index.php?rest_route=\/wp\/v2\/media\/3100"}],"wp:attachment":[{"href":"https:\/\/revistacienciaecultura.org.br\/index.php?rest_route=%2Fwp%2Fv2%2Fmedia&parent=3099"}],"wp:term":[{"taxonomy":"category","embeddable":true,"href":"https:\/\/revistacienciaecultura.org.br\/index.php?rest_route=%2Fwp%2Fv2%2Fcategories&post=3099"},{"taxonomy":"post_tag","embeddable":true,"href":"https:\/\/revistacienciaecultura.org.br\/index.php?rest_route=%2Fwp%2Fv2%2Ftags&post=3099"}],"curies":[{"name":"wp","href":"https:\/\/api.w.org\/{rel}","templated":true}]}}