{"id":3110,"date":"2022-08-30T10:50:16","date_gmt":"2022-08-30T10:50:16","guid":{"rendered":"https:\/\/revistacienciaecultura.org.br\/?p=3110"},"modified":"2022-08-30T10:50:16","modified_gmt":"2022-08-30T10:50:16","slug":"ano-internacional-das-ciencias-basicas-ciencias-basicas-sao-indispensaveis-para-o-desenvolvimento-sustentavel","status":"publish","type":"post","link":"https:\/\/revistacienciaecultura.org.br\/?p=3110","title":{"rendered":"Ano Internacional das Ci\u00eancias B\u00e1sicas: Ci\u00eancias b\u00e1sicas s\u00e3o indispens\u00e1veis para o desenvolvimento sustent\u00e1vel"},"content":{"rendered":"<h4 id=\"as-ciencias-basicas-fornecem-os-meios-essenciais-para-enfrentar-desafios-como-o-acesso-universal-a-alimentos-energia-cobertura-de-saude-e-tecnologias-de-comunicacao\"><span style=\"color: #808080;\">As ci\u00eancias b\u00e1sicas fornecem os meios essenciais para enfrentar desafios como o acesso universal a alimentos, energia, cobertura de sa\u00fade e tecnologias de comunica\u00e7\u00e3o <\/span><\/h4>\n<p>&nbsp;<\/p>\n<p>2022 \u00e9 o Ano Internacional das Ci\u00eancias B\u00e1sicas para o Desenvolvimento Sustent\u00e1vel. A data foi definida pela <span style=\"color: #800000;\"><strong><a style=\"color: #800000;\" href=\"http:\/\/www.un.org\">Organiza\u00e7\u00e3o das Na\u00e7\u00f5es Unidas<\/a><\/strong><\/span> (ONU) para ressaltar a liga\u00e7\u00e3o entre as ci\u00eancias b\u00e1sicas e os Objetivos de Desenvolvimento Sustent\u00e1vel (ODS) e destacar os poss\u00edveis impactos das ci\u00eancias b\u00e1sicas para esses objetivos.<\/p>\n<p>As ci\u00eancias b\u00e1sicas ajudam a identificar mecanismos para usar adequadamente o conhecimento e transferir tecnologia. O objetivo \u00e9 contribuir para alcan\u00e7as a Agenda 2030 para o Desenvolvimento Sustent\u00e1vel \u2013 um programa adotado em 2015 pela ONU visando assegurar um desenvolvimento equilibrado, sustent\u00e1vel e inclusivo do planeta.<\/p>\n<p>O <span style=\"color: #800000;\"><strong><a style=\"color: #800000;\" href=\"https:\/\/www.iybssd2022.org\/en\/home\/\">Ano Internacional das Ci\u00eancias B\u00e1sicas para o Desenvolvimento Sustent\u00e1vel<\/a><\/strong><\/span> (<em>International Year of Basic Sciences for Sustainable Development<\/em> &#8211; IYBSSD) centra nas liga\u00e7\u00f5es entre as ci\u00eancias b\u00e1sicas e os Objetivos de Desenvolvimento Sustent\u00e1vel da Agenda 2030. As ci\u00eancias b\u00e1sicas fornecem os meios essenciais para enfrentar desafios cruciais, como o acesso universal a alimentos, energia, cobertura de sa\u00fade e tecnologias de comunica\u00e7\u00e3o. Eles nos permitem entender o impacto dos atuais quase 8 bilh\u00f5es de pessoas no planeta e agir para limit\u00e1-lo, e \u00e0s vezes at\u00e9 reduzi-lo: destrui\u00e7\u00e3o da camada de oz\u00f4nio, mudan\u00e7as clim\u00e1ticas, esgotamento dos recursos naturais, extin\u00e7\u00e3o de esp\u00e9cies vivas.<\/p>\n<p><strong>Participa\u00e7\u00e3o<\/strong><\/p>\n<p>De 01\u00a0de julho de 2022 a 01\u00a0de julho de 2023, academias e associa\u00e7\u00f5es cient\u00edficas em todo o mundo realizar\u00e3o eventos, palestras, reuni\u00f5es e outras a\u00e7\u00f5es para demonstrar a import\u00e2ncia da ci\u00eancia b\u00e1sica para o futuro.\u00a0No Brasil, a <span style=\"color: #800000;\"><strong><a style=\"color: #800000;\" href=\"http:\/\/portal.sbpcnet.org.br\/\">Sociedade Brasileira para o Progresso da Ci\u00eancia<\/a><\/strong><\/span> (SBPC) e a <span style=\"color: #800000;\"><strong><a style=\"color: #800000;\" href=\"https:\/\/www.googleadservices.com\/pagead\/aclk?sa=L&amp;ai=DChcSEwijz_Kqse75AhUPMZEKHVfGDUIYABAAGgJjZQ&amp;ohost=www.google.com&amp;cid=CAESauD2iS-Ibt3jp-WKflWtCvdu5wyepvMU6NyCvrbhXKpTx-wK-7Zoh4UF3Bd9Qxf7iV1WWI5_xSMDWgiQe0U4OfKAIchXOW8eYD59Q8HrbieulWNvotniPcdf72_ws3xCE15jeq2ecbWnhVg&amp;sig=AOD64_3LSaZ2lmXRrnImhnI7dSjmksD2Lw&amp;q&amp;adurl&amp;ved=2ahUKEwilueeqse75AhU5upUCHYEqDd8Q0Qx6BAgEEAE\">Academia Brasileira de Ci\u00eancia<\/a><\/strong><\/span> (ABC) s\u00e3o parceiras desta iniciativa e participar\u00e3o das atividades oficiais, assim como da\u00a0avalia\u00e7\u00e3o de propostas para eventos a serem organizados oficialmente\u00a0no \u00e2mbito do Ano Internacional das Ci\u00eancias B\u00e1sicas.<\/p>\n<p>As entidades lan\u00e7aram a vers\u00e3o em portugu\u00eas do site do Ano Internacional das Ci\u00eancias B\u00e1sicas para o Desenvolvimento Sustent\u00e1vel 2022-23. O site ir\u00e1 listar todas as atividades organizadas oficialmente no \u00e2mbito do Ano Internacional das Ci\u00eancias B\u00e1sicas para o Desenvolvimento Sustent\u00e1vel.<\/p>\n<p>As associa\u00e7\u00f5es cient\u00edficas j\u00e1 podem submeter propostas de atividades para an\u00e1lise. O processo \u00e9 simples, basta acessar o formul\u00e1rio na p\u00e1gina da SBPC e da ABC e enviar as propostas.<\/p>\n<p>&nbsp;<\/p>\n<p><strong><span style=\"color: #800000;\"><a style=\"color: #800000;\" href=\"http:\/\/portal.sbpcnet.org.br\/ano-internacional-das-ciencias-basicas\/\">Acesse aqui a p\u00e1gina do\u00a0Ano Internacional das Ci\u00eancias B\u00e1sicas para o Desenvolvimento Sustent\u00e1vel 2022-23 e submeta sua proposta<\/a>.<\/span><\/strong><\/p>\n<p>&nbsp;<\/p>\n<h6 id=\"capa-thisisengineering-raeng-unsplash-com\">Capa: <span style=\"color: #800000;\"><a class=\"N2odk RZQOk Vk1a0 AsGGe pgmwB KHq0c\" style=\"color: #800000;\" href=\"https:\/\/unsplash.com\/@thisisengineering\">ThisisEngineering RAEng<\/a> | <a style=\"color: #800000;\" href=\"http:\/\/unsplash.com\">Unsplash.com<\/a><\/span><\/h6>\n","protected":false},"excerpt":{"rendered":"As ci\u00eancias b\u00e1sicas fornecem os meios essenciais para enfrentar desafios como o&hellip;\n","protected":false},"author":19,"featured_media":3111,"comment_status":"open","ping_status":"open","sticky":false,"template":"","format":"standard","meta":[],"categories":[1,2],"tags":[],"acf":[],"_links":{"self":[{"href":"https:\/\/revistacienciaecultura.org.br\/index.php?rest_route=\/wp\/v2\/posts\/3110"}],"collection":[{"href":"https:\/\/revistacienciaecultura.org.br\/index.php?rest_route=\/wp\/v2\/posts"}],"about":[{"href":"https:\/\/revistacienciaecultura.org.br\/index.php?rest_route=\/wp\/v2\/types\/post"}],"author":[{"embeddable":true,"href":"https:\/\/revistacienciaecultura.org.br\/index.php?rest_route=\/wp\/v2\/users\/19"}],"replies":[{"embeddable":true,"href":"https:\/\/revistacienciaecultura.org.br\/index.php?rest_route=%2Fwp%2Fv2%2Fcomments&post=3110"}],"version-history":[{"count":1,"href":"https:\/\/revistacienciaecultura.org.br\/index.php?rest_route=\/wp\/v2\/posts\/3110\/revisions"}],"predecessor-version":[{"id":3112,"href":"https:\/\/revistacienciaecultura.org.br\/index.php?rest_route=\/wp\/v2\/posts\/3110\/revisions\/3112"}],"wp:featuredmedia":[{"embeddable":true,"href":"https:\/\/revistacienciaecultura.org.br\/index.php?rest_route=\/wp\/v2\/media\/3111"}],"wp:attachment":[{"href":"https:\/\/revistacienciaecultura.org.br\/index.php?rest_route=%2Fwp%2Fv2%2Fmedia&parent=3110"}],"wp:term":[{"taxonomy":"category","embeddable":true,"href":"https:\/\/revistacienciaecultura.org.br\/index.php?rest_route=%2Fwp%2Fv2%2Fcategories&post=3110"},{"taxonomy":"post_tag","embeddable":true,"href":"https:\/\/revistacienciaecultura.org.br\/index.php?rest_route=%2Fwp%2Fv2%2Ftags&post=3110"}],"curies":[{"name":"wp","href":"https:\/\/api.w.org\/{rel}","templated":true}]}}