{"id":3113,"date":"2022-08-31T10:49:28","date_gmt":"2022-08-31T10:49:28","guid":{"rendered":"https:\/\/revistacienciaecultura.org.br\/?p=3113"},"modified":"2022-08-31T10:49:28","modified_gmt":"2022-08-31T10:49:28","slug":"experimento-sobre-mudancas-climaticas-em-florestas-tropicais-conclui-teste-de-montagem-da-primeira-torre","status":"publish","type":"post","link":"https:\/\/revistacienciaecultura.org.br\/?p=3113","title":{"rendered":"Experimento sobre mudan\u00e7as clim\u00e1ticas em florestas tropicais conclui teste de montagem da primeira torre"},"content":{"rendered":"<h4 id=\"amazonface-liderado-por-unicamp-e-inpa-mcti-vai-medir-impacto-do-gas-carbonico-na-floresta-amazonica\" class=\"Normal1\" style=\"text-align: justify;\"><span style=\"color: #808080;\">AmazonFACE, liderado por Unicamp e INPA\/MCTI, vai medir impacto do g\u00e1s carb\u00f4nico na floresta Amaz\u00f4nica<\/span><\/h4>\n<p>&nbsp;<\/p>\n<p>A montagem da primeira torre do AmazonFACE foi conclu\u00edda na \u00faltima sexta-feira (26\/8), em Campinas (SP). A etapa \u00e9 fundamental para avalia\u00e7\u00e3o do projeto de engenharia do experimento.<\/p>\n<p>O AmazonFACE \u00e9 um programa de pesquisa do Minist\u00e9rio da Ci\u00eancia, Tecnologia e Inova\u00e7\u00f5es (MCTI) com coopera\u00e7\u00e3o internacional que tem o ambicioso objetivo de investigar como o aumento de g\u00e1s carb\u00f4nico atmosf\u00e9rico afetar\u00e1 a Amaz\u00f4nia, a maior floresta tropical do mundo, sua biodiversidade e os servi\u00e7os ecossist\u00eamicos que fornece \u00e0 humanidade.<\/p>\n<p>De acordo com os pesquisadores que lideram o projeto, o AmazonFACE \u00e9 um experimento de fertiliza\u00e7\u00e3o (enriquecimento) por g\u00e1s carb\u00f4nico (CO<sub>2<\/sub>) ao ar livre na Amaz\u00f4nia e o primeiro desse tipo em qualquer floresta tropical. O projeto \u00e9 liderado pelo cientista David Lapola, do Centro de Pesquisas Meteorol\u00f3gicas e Clim\u00e1ticas Aplicadas \u00e0 Agricultura (Cepagri) da Universidade Estadual de Campinas (Unicamp), e pelo pesquisador do Instituto Nacional de Pesquisas da Amaz\u00f4nia (INPA\/MCTI), Carlos Alberto Quesada.<\/p>\n<p>A torre de alum\u00ednio de 35 metros de altura e 2m x 2m de base tem peso estimado de 1,6 tonelada. Quando instalada no meio da Floresta Amaz\u00f4nica, ultrapassar\u00e1 a copa das \u00e1rvores.<\/p>\n<p>Esta etapa do projeto prev\u00ea a fabrica\u00e7\u00e3o de 32 torres que ser\u00e3o utilizadas para a constru\u00e7\u00e3o, na primeira fase, de dois an\u00e9is. Cada anel de enriquecimento por CO<sub>2<\/sub> ter\u00e1 30 metros de di\u00e2metro e contar\u00e1 com 16 torres, que ser\u00e3o conectadas a dois tanques de 25 toneladas de CO<sub>2<\/sub> que far\u00e3o a inje\u00e7\u00e3o do g\u00e1s carb\u00f4nico ao ar livre.<\/p>\n<p>Com a aprova\u00e7\u00e3o da engenharia realizada nesta semana, ser\u00e3o fabricadas as demais 31 torres. A previs\u00e3o \u00e9 que a instala\u00e7\u00e3o das torres na floresta se inicie antes do final deste ano.<\/p>\n<p>O experimento completo prev\u00ea a constru\u00e7\u00e3o de seis an\u00e9is, que em seu pleno funcionamento ir\u00e3o medir o impacto da emiss\u00e3o de CO<sub>2<\/sub> sobre a floresta. Em tr\u00eas destes an\u00e9is haver\u00e1 o enriquecimento de CO<sub>2<\/sub>, e os resultados ser\u00e3o comparados com os de outros tr\u00eas an\u00e9is que n\u00e3o ter\u00e3o inje\u00e7\u00e3o extra de CO<sub>2<\/sub>.<\/p>\n<p>Al\u00e9m das 16 torres do anel, haver\u00e1 uma torre de instrumenta\u00e7\u00e3o (j\u00e1 instalada para os dois primeiros an\u00e9is) em uma posi\u00e7\u00e3o central para fazer o monitoramento de medidas cient\u00edficas, como a concentra\u00e7\u00e3o de CO<sub>2<\/sub>, no interior da parcela.<\/p>\n<p>A instala\u00e7\u00e3o do experimento ser\u00e1 em uma das \u00e1reas de reserva do INPA\/MCTI, distante cerca de 70 km (em linha reta) de Manaus (AM), e deve ser conclu\u00edda entre fevereiro e mar\u00e7o de 2023.\u00a0 As obras para a constru\u00e7\u00e3o da infraestrutura se iniciaram em junho deste ano.<\/p>\n<p>O CO<sub>2<\/sub> liberado para a execu\u00e7\u00e3o da pesquisa no meio da floresta, bem como em todas as etapas de produ\u00e7\u00e3o das torres ser\u00e1 compensado na forma de reflorestamento.<\/p>\n<h6 id=\"com-informacoes-de-amazonface\"><em>Com informa\u00e7\u00f5es de AmazonFACE<\/em><\/h6>\n<p>&nbsp;<\/p>\n<h6 id=\"capa-torre-de-instrumentacao-da-amazonface-foto-amazonface-reproducao\">Capa: Torre de instrumenta\u00e7\u00e3o da AmazonFACE (foto: AmazonFACE. Reprodu\u00e7\u00e3o)<\/h6>\n","protected":false},"excerpt":{"rendered":"AmazonFACE, liderado por Unicamp e INPA\/MCTI, vai medir impacto do g\u00e1s carb\u00f4nico&hellip;\n","protected":false},"author":19,"featured_media":3114,"comment_status":"open","ping_status":"open","sticky":false,"template":"","format":"standard","meta":[],"categories":[1,2],"tags":[],"acf":[],"_links":{"self":[{"href":"https:\/\/revistacienciaecultura.org.br\/index.php?rest_route=\/wp\/v2\/posts\/3113"}],"collection":[{"href":"https:\/\/revistacienciaecultura.org.br\/index.php?rest_route=\/wp\/v2\/posts"}],"about":[{"href":"https:\/\/revistacienciaecultura.org.br\/index.php?rest_route=\/wp\/v2\/types\/post"}],"author":[{"embeddable":true,"href":"https:\/\/revistacienciaecultura.org.br\/index.php?rest_route=\/wp\/v2\/users\/19"}],"replies":[{"embeddable":true,"href":"https:\/\/revistacienciaecultura.org.br\/index.php?rest_route=%2Fwp%2Fv2%2Fcomments&post=3113"}],"version-history":[{"count":1,"href":"https:\/\/revistacienciaecultura.org.br\/index.php?rest_route=\/wp\/v2\/posts\/3113\/revisions"}],"predecessor-version":[{"id":3115,"href":"https:\/\/revistacienciaecultura.org.br\/index.php?rest_route=\/wp\/v2\/posts\/3113\/revisions\/3115"}],"wp:featuredmedia":[{"embeddable":true,"href":"https:\/\/revistacienciaecultura.org.br\/index.php?rest_route=\/wp\/v2\/media\/3114"}],"wp:attachment":[{"href":"https:\/\/revistacienciaecultura.org.br\/index.php?rest_route=%2Fwp%2Fv2%2Fmedia&parent=3113"}],"wp:term":[{"taxonomy":"category","embeddable":true,"href":"https:\/\/revistacienciaecultura.org.br\/index.php?rest_route=%2Fwp%2Fv2%2Fcategories&post=3113"},{"taxonomy":"post_tag","embeddable":true,"href":"https:\/\/revistacienciaecultura.org.br\/index.php?rest_route=%2Fwp%2Fv2%2Ftags&post=3113"}],"curies":[{"name":"wp","href":"https:\/\/api.w.org\/{rel}","templated":true}]}}