{"id":3117,"date":"2022-09-01T11:18:11","date_gmt":"2022-09-01T11:18:11","guid":{"rendered":"https:\/\/revistacienciaecultura.org.br\/?p=3117"},"modified":"2022-09-01T11:19:11","modified_gmt":"2022-09-01T11:19:11","slug":"a-ciencia-em-marcha-trajetoria-de-oswaldo-frota-pessoa-na-divulgacao-cientifica","status":"publish","type":"post","link":"https:\/\/revistacienciaecultura.org.br\/?p=3117","title":{"rendered":"A ci\u00eancia em marcha: trajet\u00f3ria de Oswaldo Frota-Pessoa na divulga\u00e7\u00e3o cient\u00edfica"},"content":{"rendered":"<h4 id=\"video-apresenta-producao-de-divulgacao-cientifica-do-cientista-e-divulgador-brasileiro\"><span style=\"color: #808080;\">V\u00eddeo apresenta produ\u00e7\u00e3o de divulga\u00e7\u00e3o cient\u00edfica do cientista e divulgador brasileiro<\/span><\/h4>\n<p>&nbsp;<\/p>\n<p>A ci\u00eancia teve um per\u00edodo de expans\u00e3o no p\u00f3s-guerra, com um aumento de sua institucionaliza\u00e7\u00e3o e da profissionaliza\u00e7\u00e3o dos pesquisadores, adquirindo uma imagem p\u00fablica de for\u00e7a motriz para o progresso econ\u00f4mico e social. No Brasil, a primeira metade do s\u00e9culo XX apresentou um movimento de valoriza\u00e7\u00e3o das pesquisas cient\u00edficas. Surgiram, no in\u00edcio do s\u00e9culo, as primeiras institui\u00e7\u00f5es de pesquisa sistem\u00e1tica, e mais tarde, as primeiras faculdades de filosofia, ci\u00eancias e letras.<\/p>\n<p>\u00c9 nesse contexto que o cientista e divulgador Oswaldo Frota-Pessoa atingiu seu auge de publica\u00e7\u00e3o em sua coluna \u201cA ci\u00eancia em marcha\u201d, no Jornal do Brasil (RJ). E \u00e9 justamente este o cen\u00e1rio estudado no artigo \u201cA ci\u00eancia em marcha: trajet\u00f3ria de Oswaldo Frota-Pessoa na divulga\u00e7\u00e3o cient\u00edfica\u201d, agora apresentado em v\u00eddeo da s\u00e9rie \u201cA ci\u00eancia da divulga\u00e7\u00e3o cient\u00edfica\u201d, produzido pelo <strong><span style=\"color: #800000;\"><a style=\"color: #800000;\" href=\"https:\/\/portal.fiocruz.br\/inct-cpct\">Instituto Nacional de Comunica\u00e7\u00e3o P\u00fablica da Ci\u00eancia e Tecnologia<\/a><\/span><\/strong> (INCT-CPCT).<\/p>\n<p>O artigo analisa a produ\u00e7\u00e3o de divulga\u00e7\u00e3o cient\u00edfica de Frota-Pessoa de 1950 a 1956 \u2013 foram estudados 178 artigos. Oswaldo Frota-Pessoa teve atua\u00e7\u00e3o intensa na divulga\u00e7\u00e3o da ci\u00eancia. Em seus quase 70 anos de atividade como bi\u00f3logo, m\u00e9dico, geneticista, educador e divulgador da ci\u00eancia, adquiriu reconhecimento nacional e internacional, e sua trajet\u00f3ria se entrela\u00e7ou com o desenvolvimento das atividades de pesquisa e divulga\u00e7\u00e3o cient\u00edfica no pa\u00eds.<\/p>\n<p>O v\u00eddeo \u00e9 apresentado por Ildeu de Castro Moreira, professor da Universidade Federal do Rio de Janeiro (UFRJ) e presidente de honra da <strong><span style=\"color: #800000;\"><a style=\"color: #800000;\" href=\"http:\/\/www.sbpcnet.org.br\/\">Sociedade Brasileira para o Progresso da Ci\u00eancia<\/a><\/span><\/strong> (SBPC), e Gabriel Augusto Faria, mestre em Divulga\u00e7\u00e3o da Ci\u00eancia, Tecnologia e Sa\u00fade pela Casa de Oswaldo Cruz (COC).<\/p>\n<p>&nbsp;<\/p>\n<p><strong>Assista ao v\u00eddeo em: <\/strong><\/p>\n<p><span style=\"color: #800000;\"><strong><a style=\"color: #800000;\" href=\"https:\/\/youtu.be\/ffRDZkTHICI\">https:\/\/youtu.be\/ffRDZkTHICI<\/a><\/strong><\/span><\/p>\n","protected":false},"excerpt":{"rendered":"V\u00eddeo apresenta produ\u00e7\u00e3o de divulga\u00e7\u00e3o cient\u00edfica do cientista e divulgador brasileiro &nbsp;&hellip;\n","protected":false},"author":19,"featured_media":3118,"comment_status":"open","ping_status":"open","sticky":false,"template":"","format":"standard","meta":[],"categories":[1,2],"tags":[],"acf":[],"_links":{"self":[{"href":"https:\/\/revistacienciaecultura.org.br\/index.php?rest_route=\/wp\/v2\/posts\/3117"}],"collection":[{"href":"https:\/\/revistacienciaecultura.org.br\/index.php?rest_route=\/wp\/v2\/posts"}],"about":[{"href":"https:\/\/revistacienciaecultura.org.br\/index.php?rest_route=\/wp\/v2\/types\/post"}],"author":[{"embeddable":true,"href":"https:\/\/revistacienciaecultura.org.br\/index.php?rest_route=\/wp\/v2\/users\/19"}],"replies":[{"embeddable":true,"href":"https:\/\/revistacienciaecultura.org.br\/index.php?rest_route=%2Fwp%2Fv2%2Fcomments&post=3117"}],"version-history":[{"count":2,"href":"https:\/\/revistacienciaecultura.org.br\/index.php?rest_route=\/wp\/v2\/posts\/3117\/revisions"}],"predecessor-version":[{"id":3120,"href":"https:\/\/revistacienciaecultura.org.br\/index.php?rest_route=\/wp\/v2\/posts\/3117\/revisions\/3120"}],"wp:featuredmedia":[{"embeddable":true,"href":"https:\/\/revistacienciaecultura.org.br\/index.php?rest_route=\/wp\/v2\/media\/3118"}],"wp:attachment":[{"href":"https:\/\/revistacienciaecultura.org.br\/index.php?rest_route=%2Fwp%2Fv2%2Fmedia&parent=3117"}],"wp:term":[{"taxonomy":"category","embeddable":true,"href":"https:\/\/revistacienciaecultura.org.br\/index.php?rest_route=%2Fwp%2Fv2%2Fcategories&post=3117"},{"taxonomy":"post_tag","embeddable":true,"href":"https:\/\/revistacienciaecultura.org.br\/index.php?rest_route=%2Fwp%2Fv2%2Ftags&post=3117"}],"curies":[{"name":"wp","href":"https:\/\/api.w.org\/{rel}","templated":true}]}}