{"id":3144,"date":"2022-09-06T11:32:10","date_gmt":"2022-09-06T11:32:10","guid":{"rendered":"https:\/\/revistacienciaecultura.org.br\/?p=3144"},"modified":"2022-09-13T13:25:41","modified_gmt":"2022-09-13T13:25:41","slug":"contribuicao-afro-para-a-ciencia-e-a-tecnologia-no-brasil","status":"publish","type":"post","link":"https:\/\/revistacienciaecultura.org.br\/?p=3144","title":{"rendered":"Contribui\u00e7\u00e3o Afro para a ci\u00eancia e a tecnologia no Brasil"},"content":{"rendered":"<h4 id=\"origem-de-conhecimentos-trazidos-pelas-populacoes-do-continente-africano-ainda-e-pouco-reconhecida\"><span style=\"color: #808080;\">Origem de conhecimentos trazidos pelas popula\u00e7\u00f5es do continente africano ainda \u00e9 pouco reconhecida<\/span><\/h4>\n<p>&nbsp;<\/p>\n<p>Muito do que a cultura euroc\u00eantrica apresenta como fruto de conhecimento acumulado pelos europeus tem suas origens na \u00c1frica. Ainda hoje, no s\u00e9culo XXI, a origem destes conhecimentos milenares trazidos pelas popula\u00e7\u00f5es do continente africano \u00e9 pouco reconhecida pela Academia e pela popula\u00e7\u00e3o em geral, porque sequer faz parte dos conte\u00fados escolares.<\/p>\n<p>\u201cOs europeus n\u00e3o tinham tecnologias tropicais, e eles v\u00e3o buscar estas tecnologias no passado africano\u201d, diz Henrique Antunes Cunha J\u00fanior, professor do Centro de Tecnologia da Universidade Federal do Cear\u00e1 (UFC). Para Guadalupe do Nascimento Campos, professora do programa de p\u00f3s gradua\u00e7\u00e3o em Museologia e Patrim\u00f4nio\u00a0 da Universidade Federal do Estado do Rio de Janeiro (UNIRIO), a principal contribui\u00e7\u00e3o das popula\u00e7\u00f5es africanas trazidas para o Brasil foi a transfer\u00eancia de tecnologia da metalurgia e tamb\u00e9m de materiais cer\u00e2micos.<\/p>\n<p>\u201cO discurso hegem\u00f4nico \u00e9 de que as popula\u00e7\u00f5es africanas n\u00e3o passavam de m\u00e3o de obra escrava, mas quando olhamos com rigor percebemos que elas trazem diversos conhecimentos\u201d, afirma Lucas C\u00e9sar Rodrigues da Silva, pesquisador da Universidade Estadual de Campinas (Unicamp), que classifica como epistemic\u00eddio este silenciamento.<\/p>\n<p>\u201cOs primeiros passos da inova\u00e7\u00e3o, da tecnologia e da ci\u00eancia se deram no Continente Africano\u201d, corrobora Carlos Eduardo Dias Machado, professor da Prefeitura do Munic\u00edpio de S\u00e3o Paulo, Secretaria Municipal de Educa\u00e7\u00e3o. Segundo o pesquisador, a educa\u00e7\u00e3o formal n\u00e3o d\u00e1 a import\u00e2ncia devida a esta hist\u00f3ria. H\u00e1 uma disputa de narrativas onde o conhecimento eurocentrado prevaleceu, mas hoje assistimos a um confronto fundamentado a este conhecimento eurocentrado que tem gerado mudan\u00e7as.<\/p>\n<p>O combate ao racismo cient\u00edfico tem sido foco de estudo, no entanto, pouco se conhece, ainda, sobre aqueles que o combateram. Cunha J\u00fanior destaca nomes de pesquisadores que dentro da Academia reagiram ao racismo, como Juliano Moreira, Manuel Querino, Virg\u00ednia Bicudo, Guerreiro Ramos, Cl\u00f3vis Moura, Beatriz Nascimento e Milton Santos.<\/p>\n<p><strong>Assista ao v\u00eddeo na \u00edntegra em:<\/strong><\/p>\n<p><iframe loading=\"lazy\" title=\"Contribui\u00e7\u00e3o Afro para a ci\u00eancia e a tecnologia no Brasil\" width=\"1200\" height=\"675\" src=\"https:\/\/www.youtube.com\/embed\/nvCsSfgeBIQ?feature=oembed\" frameborder=\"0\" allow=\"accelerometer; autoplay; clipboard-write; encrypted-media; gyroscope; picture-in-picture\" allowfullscreen><\/iframe><\/p>\n","protected":false},"excerpt":{"rendered":"Origem de conhecimentos trazidos pelas popula\u00e7\u00f5es do continente africano ainda \u00e9 pouco&hellip;\n","protected":false},"author":19,"featured_media":3145,"comment_status":"open","ping_status":"open","sticky":false,"template":"","format":"standard","meta":[],"categories":[5],"tags":[],"acf":[],"_links":{"self":[{"href":"https:\/\/revistacienciaecultura.org.br\/index.php?rest_route=\/wp\/v2\/posts\/3144"}],"collection":[{"href":"https:\/\/revistacienciaecultura.org.br\/index.php?rest_route=\/wp\/v2\/posts"}],"about":[{"href":"https:\/\/revistacienciaecultura.org.br\/index.php?rest_route=\/wp\/v2\/types\/post"}],"author":[{"embeddable":true,"href":"https:\/\/revistacienciaecultura.org.br\/index.php?rest_route=\/wp\/v2\/users\/19"}],"replies":[{"embeddable":true,"href":"https:\/\/revistacienciaecultura.org.br\/index.php?rest_route=%2Fwp%2Fv2%2Fcomments&post=3144"}],"version-history":[{"count":4,"href":"https:\/\/revistacienciaecultura.org.br\/index.php?rest_route=\/wp\/v2\/posts\/3144\/revisions"}],"predecessor-version":[{"id":3182,"href":"https:\/\/revistacienciaecultura.org.br\/index.php?rest_route=\/wp\/v2\/posts\/3144\/revisions\/3182"}],"wp:featuredmedia":[{"embeddable":true,"href":"https:\/\/revistacienciaecultura.org.br\/index.php?rest_route=\/wp\/v2\/media\/3145"}],"wp:attachment":[{"href":"https:\/\/revistacienciaecultura.org.br\/index.php?rest_route=%2Fwp%2Fv2%2Fmedia&parent=3144"}],"wp:term":[{"taxonomy":"category","embeddable":true,"href":"https:\/\/revistacienciaecultura.org.br\/index.php?rest_route=%2Fwp%2Fv2%2Fcategories&post=3144"},{"taxonomy":"post_tag","embeddable":true,"href":"https:\/\/revistacienciaecultura.org.br\/index.php?rest_route=%2Fwp%2Fv2%2Ftags&post=3144"}],"curies":[{"name":"wp","href":"https:\/\/api.w.org\/{rel}","templated":true}]}}