{"id":3149,"date":"2022-09-07T09:59:09","date_gmt":"2022-09-07T09:59:09","guid":{"rendered":"https:\/\/revistacienciaecultura.org.br\/?p=3149"},"modified":"2022-09-07T09:59:09","modified_gmt":"2022-09-07T09:59:09","slug":"a-nacao-brasileira-completa-200-anos-sbpc-celebra-o-7-de-setembro-com-conferencia","status":"publish","type":"post","link":"https:\/\/revistacienciaecultura.org.br\/?p=3149","title":{"rendered":"\u201cA na\u00e7\u00e3o brasileira completa 200 anos\u201d: SBPC celebra o 7 de setembro com confer\u00eancia"},"content":{"rendered":"<h4 id=\"ex-ministro-luiz-carlos-bresser-pereira-falara-sobre-os-potenciais-do-pais-para-se-tornar-uma-nacao-desenvolvida-e-justa-evento-sera-transmitido-as-19h-nesta-quarta-feira-pelo-canal-da-sbpc-no-youtub\"><span style=\"color: #808080;\">Ex-ministro Luiz Carlos Bresser-Pereira falar\u00e1 sobre os potenciais do Pa\u00eds para se tornar uma na\u00e7\u00e3o desenvolvida e justa. Evento ser\u00e1 transmitido \u00e0s 19h nesta quarta-feira pelo canal da SBPC no YouTube<\/span><\/h4>\n<p>&nbsp;<\/p>\n<p>Neste 7 de setembro, o ex-ministro Luiz Carlos Bresser-Pereira ir\u00e1 proferir a palestra intitulada\u00a0<strong>\u201cA na\u00e7\u00e3o brasileira completa 200 anos: apenas uma na\u00e7\u00e3o forte pode levar o brasil ao desenvolvimento e reduzir as desigualdades\u201d<\/strong>. A atividade, que ter\u00e1 transmiss\u00e3o pelo canal da SBPC no YouTube, \u00a0ser\u00e1 apresentada por Renato Janine Ribeiro, presidente da Sociedade Brasileira para o Progresso da Ci\u00eancia (SBPC).<\/p>\n<p>O evento \u00e9 parte da s\u00e9rie de debates que trouxe discuss\u00f5es sobre como a ci\u00eancia contribui para a soberania e independ\u00eancia nacional em diversos setores. Entre os temas discutidos est\u00e3o \u201cCi\u00eancia e desenvolvimento industrial\u201d, \u201cCi\u00eancia e meio ambiente\u201d, \u201cCi\u00eancia e educa\u00e7\u00e3o\u201d, \u201cCi\u00eancia e sa\u00fade\u201d e \u201cCi\u00eancia e desenvolvimento sustent\u00e1vel\u201d.<\/p>\n<h3 id=\"video-em-comemoracao-ao-bicentenario\">V\u00eddeo em comemora\u00e7\u00e3o ao Bicenten\u00e1rio<\/h3>\n<p>Al\u00e9m da confer\u00eancia, a SBPC lan\u00e7ou ontem (06) v\u00eddeo comemorativo ao Bicenten\u00e1rio da Independ\u00eancia do Brasil, com um convite a refletir sobre o que desejamos para os pr\u00f3ximos 200 anos.<\/p>\n<p>O filme cita que a independ\u00eancia do Brasil foi um processo que come\u00e7ou bem antes de 1822 e se desdobrou por muitas regi\u00f5es do Pa\u00eds, envolvendo v\u00e1rias camadas da popula\u00e7\u00e3o. E mostra que a independ\u00eancia do Brasil foi um processo longo e \u00e1rduo, e que continua at\u00e9 os dias de hoje, 200 anos depois.<\/p>\n<p>A produ\u00e7\u00e3o destaca ainda a Constitui\u00e7\u00e3o Federal de 1988 como uma das grandes conquistados nestes dois s\u00e9culos, estabelecendo direitos e liberdades b\u00e1sicas inviol\u00e1veis para os brasileiros, como a igualdade de g\u00eaneros, a criminaliza\u00e7\u00e3o do racismo, e os deveres do Estado com a educa\u00e7\u00e3o, sa\u00fade, meio ambiente, popula\u00e7\u00f5es ind\u00edgenas, cultura, ci\u00eancia, entre outros.<\/p>\n<p>O v\u00eddeo est\u00e1 dispon\u00edvel\u00a0<span style=\"color: #800000;\"><strong><a style=\"color: #800000;\" href=\"https:\/\/youtu.be\/10CVW7nngGQ\" target=\"_blank\" rel=\"noopener\">neste link, no canal da SBPC no YouTube<\/a><\/strong><\/span>, e pode ser compartilhado livremente.<\/p>\n<p>&nbsp;<\/p>\n<h6 id=\"sbpc\"><a href=\"http:\/\/www.sbpcnet.org.br\/\"><em>SBPC<\/em><\/a><\/h6>\n","protected":false},"excerpt":{"rendered":"Ex-ministro Luiz Carlos Bresser-Pereira falar\u00e1 sobre os potenciais do Pa\u00eds para se&hellip;\n","protected":false},"author":19,"featured_media":3150,"comment_status":"open","ping_status":"open","sticky":false,"template":"","format":"standard","meta":[],"categories":[1,2],"tags":[],"acf":[],"_links":{"self":[{"href":"https:\/\/revistacienciaecultura.org.br\/index.php?rest_route=\/wp\/v2\/posts\/3149"}],"collection":[{"href":"https:\/\/revistacienciaecultura.org.br\/index.php?rest_route=\/wp\/v2\/posts"}],"about":[{"href":"https:\/\/revistacienciaecultura.org.br\/index.php?rest_route=\/wp\/v2\/types\/post"}],"author":[{"embeddable":true,"href":"https:\/\/revistacienciaecultura.org.br\/index.php?rest_route=\/wp\/v2\/users\/19"}],"replies":[{"embeddable":true,"href":"https:\/\/revistacienciaecultura.org.br\/index.php?rest_route=%2Fwp%2Fv2%2Fcomments&post=3149"}],"version-history":[{"count":1,"href":"https:\/\/revistacienciaecultura.org.br\/index.php?rest_route=\/wp\/v2\/posts\/3149\/revisions"}],"predecessor-version":[{"id":3151,"href":"https:\/\/revistacienciaecultura.org.br\/index.php?rest_route=\/wp\/v2\/posts\/3149\/revisions\/3151"}],"wp:featuredmedia":[{"embeddable":true,"href":"https:\/\/revistacienciaecultura.org.br\/index.php?rest_route=\/wp\/v2\/media\/3150"}],"wp:attachment":[{"href":"https:\/\/revistacienciaecultura.org.br\/index.php?rest_route=%2Fwp%2Fv2%2Fmedia&parent=3149"}],"wp:term":[{"taxonomy":"category","embeddable":true,"href":"https:\/\/revistacienciaecultura.org.br\/index.php?rest_route=%2Fwp%2Fv2%2Fcategories&post=3149"},{"taxonomy":"post_tag","embeddable":true,"href":"https:\/\/revistacienciaecultura.org.br\/index.php?rest_route=%2Fwp%2Fv2%2Ftags&post=3149"}],"curies":[{"name":"wp","href":"https:\/\/api.w.org\/{rel}","templated":true}]}}