{"id":3155,"date":"2022-09-13T10:25:35","date_gmt":"2022-09-13T10:25:35","guid":{"rendered":"https:\/\/revistacienciaecultura.org.br\/?p=3155"},"modified":"2022-09-13T10:26:08","modified_gmt":"2022-09-13T10:26:08","slug":"200-anos-da-ciencia-brasileira","status":"publish","type":"post","link":"https:\/\/revistacienciaecultura.org.br\/?p=3155","title":{"rendered":"200 anos da Ci\u00eancia brasileira"},"content":{"rendered":"<h4 id=\"sbpc-convidou-sociedades-cientificas-afiliadas-para-falarem-sobre-as-contribuicoes-das-diferentes-areas-para-o-pais-em-ano-de-celebracao-do-bicentenario-da-independencia-associacao-brasileira-de-etno\"><span style=\"color: #808080;\">SBPC convidou sociedades cient\u00edficas afiliadas para falarem sobre as contribui\u00e7\u00f5es das diferentes \u00e1reas para o Pa\u00eds em ano de celebra\u00e7\u00e3o do Bicenten\u00e1rio da Independ\u00eancia. Associa\u00e7\u00e3o Brasileira de Etnomusicologia \u00e9 a primeira da s\u00e9rie de v\u00eddeos que ser\u00e3o divulgados nos pr\u00f3ximos dias<\/span><\/h4>\n<p>&nbsp;<\/p>\n<p>A Sociedade Brasileira para o Progresso da Ci\u00eancia (SBPC) convidou sociedades cient\u00edficas afiliadas para falarem sobre as contribui\u00e7\u00f5es das diferentes \u00e1reas para o Pa\u00eds em ano de celebra\u00e7\u00e3o do Bicenten\u00e1rio da Independ\u00eancia na s\u00e9rie de v\u00eddeos \u201c200 anos da Ci\u00eancia brasileira\u201d.<\/p>\n<p>A s\u00e9rie, que ser\u00e1 divulgada nos pr\u00f3ximos dias, fez parte da 74\u00aa Reuni\u00e3o Anual da SBPC, realizada em julho, na Universidade de Bras\u00edlia (UnB).<\/p>\n<p>O primeiro v\u00eddeo \u00e9 apresentado pelo presidente da\u00a0<a href=\"https:\/\/www.abet.mus.br\/#sobre\" target=\"_blank\" rel=\"noopener\"><strong><span style=\"color: #800000;\">Associa\u00e7\u00e3o Brasileira de Etnomusicologia (Abet)<\/span><\/strong><\/a>\u00a0Pedro Fernando Acosta da Rosa. Ele lembra os grandes cientistas que presidiram a entidade e ressalta o papel de cada um deles para promover os objetivos Abet.<\/p>\n<p>Criada durante o 36\u00ba Congresso do International Council for Traditional Music (ICTM), no Rio de Janeiro, em julho de 2001, e a entidade atua na promo\u00e7\u00e3o da etnomusicologia, no est\u00edmulo \u00e0 pesquisa, no encorajamento \u00e0 organiza\u00e7\u00e3o e na preserva\u00e7\u00e3o de documentos etnomusicol\u00f3gicos. Entre suas principais a\u00e7\u00f5es, est\u00e3o o interc\u00e2mbio com associa\u00e7\u00f5es cong\u00eaneres no Brasil e no exterior e a organiza\u00e7\u00e3o de uma reuni\u00e3o bianual para divulga\u00e7\u00e3o de trabalhos e pesquisas na \u00e1rea.<\/p>\n<p>Pesquisadores\/as, professores\/as universit\u00e1rios\/as, estudantes de p\u00f3s-gradua\u00e7\u00e3o e gradua\u00e7\u00e3o constituem as principais categorias de participantes dos encontros da Abet.<\/p>\n<p>Veja o v\u00eddeo no\u00a0<strong><span style=\"color: #800000;\"><a style=\"color: #800000;\" href=\"https:\/\/www.youtube.com\/watch?v=51juQrsmuVE&amp;list=PLVigrCJ_g6LfxCiu3OuFsv4ViUq37V7q9&amp;index=1\" target=\"_blank\" rel=\"noopener\">canal da SBPC no Youtube<\/a><\/span><\/strong>\u00a0para conhecer mais sobre a Abet.<\/p>\n<h6 id=\"jornal-da-ciencia\"><span style=\"color: #800000;\"><a style=\"color: #800000;\" href=\"http:\/\/www.jornaldaciencia.org.br\/\"><em>Jornal da Ci\u00eancia<\/em><\/a><\/span><\/h6>\n<p>&nbsp;<\/p>\n<h6 id=\"capa-desola-lanre-ologun-unsplash-com\">Capa: <a class=\"N2odk RZQOk Vk1a0 AsGGe pgmwB KHq0c\" href=\"https:\/\/unsplash.com\/@disruptxn\">Desola Lanre-Ologun<\/a> | <a href=\"http:\/\/www.unsplash.com\">Unsplash.com<\/a><\/h6>\n","protected":false},"excerpt":{"rendered":"SBPC convidou sociedades cient\u00edficas afiliadas para falarem sobre as contribui\u00e7\u00f5es das diferentes&hellip;\n","protected":false},"author":19,"featured_media":3156,"comment_status":"open","ping_status":"open","sticky":false,"template":"","format":"standard","meta":[],"categories":[1,2],"tags":[],"acf":[],"_links":{"self":[{"href":"https:\/\/revistacienciaecultura.org.br\/index.php?rest_route=\/wp\/v2\/posts\/3155"}],"collection":[{"href":"https:\/\/revistacienciaecultura.org.br\/index.php?rest_route=\/wp\/v2\/posts"}],"about":[{"href":"https:\/\/revistacienciaecultura.org.br\/index.php?rest_route=\/wp\/v2\/types\/post"}],"author":[{"embeddable":true,"href":"https:\/\/revistacienciaecultura.org.br\/index.php?rest_route=\/wp\/v2\/users\/19"}],"replies":[{"embeddable":true,"href":"https:\/\/revistacienciaecultura.org.br\/index.php?rest_route=%2Fwp%2Fv2%2Fcomments&post=3155"}],"version-history":[{"count":1,"href":"https:\/\/revistacienciaecultura.org.br\/index.php?rest_route=\/wp\/v2\/posts\/3155\/revisions"}],"predecessor-version":[{"id":3157,"href":"https:\/\/revistacienciaecultura.org.br\/index.php?rest_route=\/wp\/v2\/posts\/3155\/revisions\/3157"}],"wp:featuredmedia":[{"embeddable":true,"href":"https:\/\/revistacienciaecultura.org.br\/index.php?rest_route=\/wp\/v2\/media\/3156"}],"wp:attachment":[{"href":"https:\/\/revistacienciaecultura.org.br\/index.php?rest_route=%2Fwp%2Fv2%2Fmedia&parent=3155"}],"wp:term":[{"taxonomy":"category","embeddable":true,"href":"https:\/\/revistacienciaecultura.org.br\/index.php?rest_route=%2Fwp%2Fv2%2Fcategories&post=3155"},{"taxonomy":"post_tag","embeddable":true,"href":"https:\/\/revistacienciaecultura.org.br\/index.php?rest_route=%2Fwp%2Fv2%2Ftags&post=3155"}],"curies":[{"name":"wp","href":"https:\/\/api.w.org\/{rel}","templated":true}]}}