{"id":3167,"date":"2022-09-19T08:00:00","date_gmt":"2022-09-19T08:00:00","guid":{"rendered":"https:\/\/revistacienciaecultura.org.br\/?p=3167"},"modified":"2023-09-01T10:31:53","modified_gmt":"2023-09-01T10:31:53","slug":"feito-no-brasil-o-futuro-da-ciencia-e-tecnologia-no-pais","status":"publish","type":"post","link":"https:\/\/revistacienciaecultura.org.br\/?p=3167","title":{"rendered":"\u201cFeito no Brasil\u201d: o futuro da ci\u00eancia e tecnologia no pa\u00eds"},"content":{"rendered":"<h4 id=\"financiamento-e-essencial-para-manter-a-producao-cientifica-e-o-desenvolvimento-do-pais-mas-cortes-frequentes-ameacam-a-ciencia-brasileira\"><span style=\"color: #808080;\">Financiamento \u00e9 essencial para manter a produ\u00e7\u00e3o cient\u00edfica e o desenvolvimento do pa\u00eds, mas cortes frequentes amea\u00e7am a ci\u00eancia brasileira<\/span><\/h4>\n<p>&nbsp;<\/p>\n<p>\u201cA gente precisa ter o <em>made in Brazil\u201d<\/em>. Foi o que enfatizou o atual presidente do <strong><span style=\"color: #800000;\"><a style=\"color: #800000;\" href=\"https:\/\/www.gov.br\/mcti\/pt-br\/composicao\/rede-mcti\/conselho-nacional-de-desenvolvimento-cientifico-e-tecnologico\">Conselho Nacional de Desenvolvimento Cient\u00edfico e Tecnol\u00f3gico<\/a> <\/span><\/strong>(CNPq), Evaldo Ferreira Vilela, durante a <strong><span style=\"color: #800000;\"><a style=\"color: #800000;\" href=\"https:\/\/ra.sbpcnet.org.br\/74RA\/\">74\u00ba Reuni\u00e3o Anual da Sociedade Brasileira para o Progresso da Ci\u00eancia<\/a><\/span><\/strong> (SBPC), ocorrida entre 24 e 30 de julho deste ano em Bras\u00edlia (DF).<\/p>\n<p>Na ocasi\u00e3o, Vilela ressaltou que ci\u00eancia e tecnologia s\u00e3o centrais para o desenvolvimento de uma na\u00e7\u00e3o: \u201cnenhuma na\u00e7\u00e3o conseguiu sua soberania, sua independ\u00eancia, sem ter um plano, uma miss\u00e3o a ser cumprida\u201d, disse. \u201c\u00c9 parte da soberania ter uma base tecnol\u00f3gica implantada no seu pa\u00eds\u201d.<\/p>\n<p>N\u00e3o apenas para o desenvolvimento, a ci\u00eancia e a tecnologia s\u00e3o centrais para superar a crise sanit\u00e1ria, social e econ\u00f4mica experimentada atualmente pelo Brasil \u2013 e globalmente. No cen\u00e1rio mundial contempor\u00e2neo,\u00a0a ci\u00eancia, a tecnologia e a inova\u00e7\u00e3o (CT&amp;I) s\u00e3o instrumentos fundamentais para o desenvolvimento, o crescimento econ\u00f4mico, a gera\u00e7\u00e3o de emprego e renda e a democratiza\u00e7\u00e3o de oportunidades.<\/p>\n<p>Por\u00e9m, se por um lado, apostar em CT&amp;I \u00e9 o caminho para superar as crises atuais, por outro, a cont\u00ednua restri\u00e7\u00e3o or\u00e7ament\u00e1ria \u00e9 um desafio para o desenvolvimento cient\u00edfico nacional.<\/p>\n<h3 id=\"financiamento\"><strong>Financiamento<\/strong><\/h3>\n<p>A ci\u00eancia no Brasil evoluiu significativamente nos \u00faltimos 40 anos. A primeira metade do s\u00e9culo XX assistiu a um movimento de valoriza\u00e7\u00e3o das pesquisas cient\u00edficas. No per\u00edodo tamb\u00e9m surgiram as primeiras institui\u00e7\u00f5es de pesquisa sistem\u00e1tica e, um pouco mais tarde, as primeiras faculdades de filosofia, ci\u00eancias e letras. Com o fim do Estado novo e a reabertura democr\u00e1tica, houve um crescimento da comunidade cient\u00edfica, assim como de sua for\u00e7a pol\u00edtica e de seu papel social, levando \u00e0 cria\u00e7\u00e3o de novas institui\u00e7\u00f5es de pesquisa, ag\u00eancias p\u00fablicas de fomento e sociedades cient\u00edficas.<\/p>\n<p><img loading=\"lazy\" class=\"aligncenter wp-image-3169\" src=\"https:\/\/revistacienciaecultura.org.br\/wp-content\/uploads\/2022\/09\/CC-3-edicao-reportagem-o-futuro-da-cie\u0302ncia-e-tecnologia-no-pai\u0301s-figura-1-300x199.jpg\" alt=\"\" width=\"500\" height=\"331\" srcset=\"https:\/\/revistacienciaecultura.org.br\/wp-content\/uploads\/2022\/09\/CC-3-edicao-reportagem-o-futuro-da-cie\u0302ncia-e-tecnologia-no-pai\u0301s-figura-1-300x199.jpg 300w, https:\/\/revistacienciaecultura.org.br\/wp-content\/uploads\/2022\/09\/CC-3-edicao-reportagem-o-futuro-da-cie\u0302ncia-e-tecnologia-no-pai\u0301s-figura-1-1024x678.jpg 1024w, https:\/\/revistacienciaecultura.org.br\/wp-content\/uploads\/2022\/09\/CC-3-edicao-reportagem-o-futuro-da-cie\u0302ncia-e-tecnologia-no-pai\u0301s-figura-1-768x508.jpg 768w, https:\/\/revistacienciaecultura.org.br\/wp-content\/uploads\/2022\/09\/CC-3-edicao-reportagem-o-futuro-da-cie\u0302ncia-e-tecnologia-no-pai\u0301s-figura-1-18x12.jpg 18w, https:\/\/revistacienciaecultura.org.br\/wp-content\/uploads\/2022\/09\/CC-3-edicao-reportagem-o-futuro-da-cie\u0302ncia-e-tecnologia-no-pai\u0301s-figura-1-800x530.jpg 800w, https:\/\/revistacienciaecultura.org.br\/wp-content\/uploads\/2022\/09\/CC-3-edicao-reportagem-o-futuro-da-cie\u0302ncia-e-tecnologia-no-pai\u0301s-figura-1-1160x768.jpg 1160w, https:\/\/revistacienciaecultura.org.br\/wp-content\/uploads\/2022\/09\/CC-3-edicao-reportagem-o-futuro-da-cie\u0302ncia-e-tecnologia-no-pai\u0301s-figura-1.jpg 1325w\" sizes=\"(max-width: 500px) 100vw, 500px\" \/><\/p>\n<h6 id=\"figura-1-mais-de-90-da-pesquisa-brasileira-ocorre-dentro-de-universidades-publicas-das-20-instituicoes-brasileiras-que-mais-publicam-5-sao-universidades-estaduais-e-15-federais-reitoria-da-univer\"><strong>Figura 1. Mais de 90% da pesquisa brasileira ocorre dentro de universidades p\u00fablicas. Das 20 institui\u00e7\u00f5es brasileiras que mais publicam, 5 s\u00e3o universidades estaduais e 15 federais.<br \/>\n<\/strong>(Reitoria da Universidade Federal do Cear\u00e1, por Viktor Chagas. Reprodu\u00e7\u00e3o)<\/h6>\n<p>&nbsp;<\/p>\n<p>O aumento da produ\u00e7\u00e3o cient\u00edfica est\u00e1 diretamente associado ao crescimento da p\u00f3s-gradua\u00e7\u00e3o e ao financiamento da pesquisa pelas ag\u00eancias governamentais de fomento. Entre pol\u00edticas de financiamento \u00e0 pesquisa, destaca-se o I Plano B\u00e1sico de Desenvolvimento em Ci\u00eancia e Tecnologia (PBDCT), de 1973, que foi um importante impulsionador da angaria\u00e7\u00e3o de recursos para a ci\u00eancia. Mais tarde foram criados apoios financeiros a algumas institui\u00e7\u00f5es, principalmente as p\u00fablicas, para constitui\u00e7\u00e3o da infraestrutura de pesquisa, com foco para o desenvolvimento econ\u00f4mico aliado as tecnologias.<\/p>\n<p>O per\u00edodo entre os anos 1950 e 1970 marcou a constru\u00e7\u00e3o de uma infraestrutura de pesquisa e ensino, com destaque para a cria\u00e7\u00e3o de duas importantes ag\u00eancias de financiamento em 1951: o <span style=\"color: #800000;\"><strong><a style=\"color: #800000;\" href=\"https:\/\/www.gov.br\/mcti\/pt-br\/composicao\/rede-mcti\/conselho-nacional-de-desenvolvimento-cientifico-e-tecnologico\">Conselho Nacional de Desenvolvimento Cient\u00edfico e Tecnol\u00f3gico<\/a><\/strong><\/span> (CNPq) e a <span style=\"color: #800000;\"><strong><a style=\"color: #800000;\" href=\"https:\/\/www.gov.br\/capes\/pt-br\">Coordena\u00e7\u00e3o de Aperfei\u00e7oamento de Pessoal de N\u00edvel Superior<\/a><\/strong><\/span> (Capes).<\/p>\n<p>O CNPq \u00e9 ligado ao <strong><span style=\"color: #800000;\"><a style=\"color: #800000;\" href=\"https:\/\/www.gov.br\/mcti\/pt-br\">Minist\u00e9rio da Ci\u00eancia, Tecnologia e Inova\u00e7\u00f5es<\/a><\/span><\/strong> (MCTI) e visa fomentar a pesquisa cient\u00edfica e tecnol\u00f3gica e incentivar a forma\u00e7\u00e3o de pesquisadores brasileiros. A entidade concede bolsas para a forma\u00e7\u00e3o de recursos humanos no campo da pesquisa cient\u00edfica e tecnol\u00f3gica, em universidades, institutos de pesquisa, centros tecnol\u00f3gicos e de forma\u00e7\u00e3o profissional, tanto no Brasil como no exterior.<\/p>\n<p>J\u00e1 a Capes, uma funda\u00e7\u00e3o do <span style=\"color: #800000;\"><strong><a style=\"color: #800000;\" href=\"https:\/\/portal.mec.gov.br\/\">Minist\u00e9rio da Educa\u00e7\u00e3o<\/a><\/strong><\/span> (MEC), pretende expandir e consolidar a p\u00f3s-gradua\u00e7\u00e3o <em>stricto sensu<\/em> (mestrado e doutorado) no pa\u00eds. Suas principais atividades incluem bolsas de estudo e pesquisa em institui\u00e7\u00f5es brasileiras e estrangeiras; avalia\u00e7\u00e3o de programas de p\u00f3s-gradua\u00e7\u00e3o; acesso e divulga\u00e7\u00e3o da produ\u00e7\u00e3o cient\u00edfica e promo\u00e7\u00e3o da coopera\u00e7\u00e3o cient\u00edfica internacional. A entidade tamb\u00e9m fomenta a forma\u00e7\u00e3o inicial e continuada de professores para a educa\u00e7\u00e3o b\u00e1sica nos formatos presencial e a dist\u00e2ncia.<\/p>\n<p>&nbsp;<\/p>\n<h4 id=\"a-producao-cientifica-brasileira-vive-ameacada-por-um-cenario-caracterizado-pela-descontinuidade-nos-financiamentos-para-a-pesquisa-pelos-ataques-a-imagem-da-universidade-publica-e-pela-freq\" style=\"text-align: center;\"><span style=\"color: #800000;\">\u201cA produ\u00e7\u00e3o cient\u00edfica brasileira vive amea\u00e7ada por um cen\u00e1rio caracterizado pela descontinuidade nos financiamentos para a pesquisa, pelos ataques \u00e0 imagem da universidade p\u00fablica e pela frequente substitui\u00e7\u00e3o de quadros.\u201d<\/span><\/h4>\n<p>&nbsp;<\/p>\n<p>Em 1967 foi criada a\u00a0<span style=\"color: #800000;\"><strong><a style=\"color: #800000;\" href=\"http:\/\/www.finep.gov.br\/\">Financiadora de Estudos e Projetos<\/a><\/strong><\/span>\u00a0(Finep), empresa p\u00fablica que visa atuar na formula\u00e7\u00e3o e indu\u00e7\u00e3o do ambiente tecnol\u00f3gico brasileiro. Dois anos mais tarde, foi criado o\u00a0Fundo Nacional de Desenvolvimento Cient\u00edfico e Tecnol\u00f3gico (FNDCT), no contexto do Plano Estrat\u00e9gico de Desenvolvimento (PED), com a finalidade de apoiar financeiramente projetos e programas de desenvolvimento cient\u00edfico e tecnol\u00f3gico. A Finep\u00a0estabeleceu-se como elo central da rede de inova\u00e7\u00e3o do pa\u00eds\u00a0e\u00a0passou a ser respons\u00e1vel pela gest\u00e3o do FNDCT. A combina\u00e7\u00e3o dos fundos das duas entidades transformou-se desde ent\u00e3o na principal fonte de recursos de fomento \u00e0 ci\u00eancia.<\/p>\n<p>As Funda\u00e7\u00f5es Estaduais de Amparo \u00e0 Pesquisa (FAPs) tamb\u00e9m s\u00e3o importantes financiadores da ci\u00eancia no pa\u00eds. As entidades\u00a0induzem e fomentam a pesquisa e a inova\u00e7\u00e3o cient\u00edfica e tecnol\u00f3gica para o desenvolvimento de cada Estado, bem como o interc\u00e2mbio e a divulga\u00e7\u00e3o da ci\u00eancia e da tecnologia. As principais FAPs do pa\u00eds s\u00e3o a\u00a0<strong><span style=\"color: #800000;\"><a style=\"color: #800000;\" href=\"http:\/\/www.fapesp.br\/\">Funda\u00e7\u00e3o de Amparo \u00e0 Pesquisa do Estado de S\u00e3o Paulo (Fapesp)<\/a><\/span><\/strong>, a\u00a0\u00a0<span style=\"color: #800000;\"><strong><a style=\"color: #800000;\" href=\"http:\/\/www.faperj.br\/\">Funda\u00e7\u00e3o de Amparo \u00e0 Pesquisa do Estado do Rio de Janeiro (Faperj)<\/a><\/strong><\/span>\u00a0e a\u00a0<span style=\"color: #800000;\"><strong><a style=\"color: #800000;\" href=\"http:\/\/www.fapemig.br\/\">Funda\u00e7\u00e3o de Amparo \u00e0 Pesquisa do Estado de Minas Gerais (Fapemig)<\/a><\/strong><\/span>.<\/p>\n<h3 id=\"desafios\"><strong>Desafios<\/strong><\/h3>\n<p>Entre os anos 1950 e 1970 os governos federais constru\u00edram e mantiveram uma agenda de pol\u00edtica de C&amp;T que estabeleceu uma infraestrutura de pesquisa e de educa\u00e7\u00e3o superior. Por\u00e9m, com a segunda crise do petr\u00f3leo em 1979 e a eleva\u00e7\u00e3o da taxa de juros nos Estados Unidos, o pa\u00eds experimentou uma forte crise de endividamento externo e de crescimento da infla\u00e7\u00e3o, diminuindo sua capacidade de investimento. Nesse contexto de escassez de recursos p\u00fablicos o governo federal criou, em 1997, a Lei 9.478 que, entre outras medidas, definiu um percentual de repasse dos royalties de explora\u00e7\u00e3o de petr\u00f3leo ao MCTI para financiar programas de amparo \u00e0 pesquisa cient\u00edfica e ao desenvolvimento tecnol\u00f3gico. E, por meio do Decreto n.\u00ba 2.851\/1998, os referidos royalties foram destinados ao FNDCT e passaram a ser administrados pela Finep. Essas medidas levaram \u00e0 cria\u00e7\u00e3o do Fundo Setorial de Petr\u00f3leo e G\u00e1s Natural, cujo sucesso levou \u00e0 cria\u00e7\u00e3o de 16 outros fundos setoriais e permitiu resgatar a capacidade de financiamento do FNDCT.<\/p>\n<p>No entanto, desde sua cria\u00e7\u00e3o, os or\u00e7amentos desses fundos t\u00eam sofrido contingenciamento sistem\u00e1tico por sucessivos governos federais. No come\u00e7o deste ano,\u00a0mais da metade dos recursos previstos no FNDCT para serem investidos em pesquisa foram \u201cbloqueados\u201d pela equipe econ\u00f4mica do governo, sob a justificativa de evitar um estouro do teto de gastos do or\u00e7amento federal. De um total de R$ 4,5 bilh\u00f5es de recursos n\u00e3o reembols\u00e1veis dispon\u00edveis no or\u00e7amento do fundo, apenas R$ 2 bilh\u00f5es poderiam ser efetivamente empenhados \u2014 uma redu\u00e7\u00e3o de 55% na principal fonte de recursos para a ci\u00eancia no Pa\u00eds atualmente. As universidades federais, que s\u00e3o as principais institui\u00e7\u00f5es de pesquisa do Brasil, tamb\u00e9m sofreram com um \u201cbloqueio\u201d de R$ 1,6 bilh\u00e3o no or\u00e7amento do MEC.<\/p>\n<p>&nbsp;<\/p>\n<h4 id=\"dados-compilados-pela-sbpc-apontam-que-o-orcamento-de-ciencia-e-tecnologia-do-mcti-que-ja-vinha-caindo-desde-2016-despencou-nos-primeiros-tres-anos-do-atual-governo\" style=\"text-align: center;\"><span style=\"color: #800000;\">\u201cDados compilados pela SBPC apontam que o or\u00e7amento de Ci\u00eancia e Tecnologia do MCTI, que j\u00e1 vinha caindo desde 2016, despencou nos primeiros tr\u00eas anos do atual governo.\u201d<\/span><\/h4>\n<p>&nbsp;<\/p>\n<p>Depois de um verdadeiro \u201ccabo de guerra\u201d com o governo federal, as sociedades cient\u00edficas conseguiram vit\u00f3rias significativas, revertendo esses bloqueios. No entanto, recentemente, o FNDCT sofreu outro ataque com a Medida Provis\u00f3ria (MP) n.\u00ba 1.136, que bloqueia (novamente) os recursos do fundo. Do total de R$ 9 bilh\u00f5es previsto na Lei Or\u00e7ament\u00e1rio Anual (LOA) 2022 para o FNDCT, a MP autoriza a libera\u00e7\u00e3o de R$ 5,5 bilh\u00f5es. Desse montante, metade se destina \u00e0s opera\u00e7\u00f5es de empr\u00e9stimos da Finep, e a outra para o financiamento de programas, estrat\u00e9gias e fomento \u00e0 CT&amp;I. A a\u00e7\u00e3o coloca em risco mais de 70 a\u00e7\u00f5es e programas executados pelo MCTI, CNPq, Finep e por outras organiza\u00e7\u00f5es sociais.<\/p>\n<p>\u201cEssa a\u00e7\u00e3o parece obedecer \u00e0 l\u00f3gica de impedir nosso desenvolvimento cient\u00edfico, com forte impacto (negativo) sobre nossa economia. \u00c9 espantoso que um governo que diz priorizar a pauta econ\u00f4mica, at\u00e9 mesmo sobre a preserva\u00e7\u00e3o das vidas de nossos compatriotas, cometa o erro grosseiro de n\u00e3o perceber que a economia atual depende fortemente do conhecimento rigoroso, em especial o da ci\u00eancia, e da melhor forma\u00e7\u00e3o dos nossos jovens, em particular por uma educa\u00e7\u00e3o de boa qualidade. Mas nem ci\u00eancia, nem educa\u00e7\u00e3o est\u00e3o entre as prioridades da atual administra\u00e7\u00e3o\u201d, apontou Renato Janine Ribeiro, presidente da SBPC, em nota publicada no dia 31 de agosto.<\/p>\n<p>\u201cA situa\u00e7\u00e3o j\u00e1 era cr\u00edtica no come\u00e7o do ano, quando t\u00ednhamos o or\u00e7amento que foi aprovado pelo Congresso Nacional, e ficou muito pior depois que o governo fez esses cortes\u201d, afirma Emmanuel Tourinho, reitor da <span style=\"color: #800000;\"><strong><a style=\"color: #800000;\" href=\"https:\/\/portal.ufpa.br\/\">Universidade Federal do Par\u00e1<\/a><\/strong><\/span> (UFPA).\u00a0Esse dinheiro \u00e9 usado para contratar servi\u00e7os de limpeza e vigil\u00e2ncia, pagar energia el\u00e9trica e aux\u00edlios para estudantes em vulnerabilidade socioecon\u00f4mica, bem como comprar insumos b\u00e1sicos.\u00a0\u201cIsso nos coloca numa situa\u00e7\u00e3o de fechar o ano com muitos pagamentos pendentes\u201d, diz.\u00a0 (Figura 1)<\/p>\n<h3 id=\"indo-alem\"><strong>Indo al\u00e9m<\/strong><\/h3>\n<p>A falta de financiamento \u00e9 vista hoje como uma das maiores amea\u00e7as \u00e0 produ\u00e7\u00e3o cient\u00edfica brasileira. Mais de 90% da pesquisa brasileira \u00e9 realizada nas universidades p\u00fablicas, que dependem de verbas do MEC e do MCTI, destinadas a ag\u00eancias como Capes e CNPq. Os cortes de recursos para essas institui\u00e7\u00f5es s\u00e3o, portanto, uma real amea\u00e7a \u00e0 continuidade do progresso da ci\u00eancia brasileira. \u201cO governo coloca a culpa no teto de gastos, mas o corte no financiamento da ci\u00eancia v\u00eam acontecendo h\u00e1 muito mais tempo\u201d, afirmou Helena Nader, presidente da <strong><span style=\"color: #800000;\"><a style=\"color: #800000;\" href=\"https:\/\/www.abc.org.br\/\">Academia Brasileira de Ci\u00eancias<\/a> <\/span><\/strong>(ABC) para o tri\u00eanio 2022-2025, durante <a href=\"https:\/\/www.youtube.com\/watch?v=9B5Py2V1HPE&amp;t=1457s\"><span style=\"color: #800000;\"><strong>bate-papo no canal do Valor no YouTube<\/strong><\/span>.<\/a> \u201cBasta observar a lei or\u00e7ament\u00e1ria anual: o percentual da ci\u00eancia vem caindo, tanto em valores nominais, quanto em juros. O or\u00e7amento do CNPq, que era pr\u00f3prio, hoje \u00e9 irris\u00f3rio, por conta dos contingenciamentos, e acabou tornando-se dependente dos recursos que vem do FNDCT, que foi criado para outras a\u00e7\u00f5es. Ou seja, o cobertor \u00e9 curto e ainda se disputa as migalhas\u201d, concluiu.<\/p>\n<p>Dados compilados pela SBPC confirmam essa informa\u00e7\u00e3o, apontando que o or\u00e7amento de Ci\u00eancia e Tecnologia do MCTI, que j\u00e1 vinha caindo desde 2016, despencou nos primeiros tr\u00eas anos do atual governo. Para este ano, a expectativa era de recupera\u00e7\u00e3o, gra\u00e7as \u00e0 libera\u00e7\u00e3o de recursos do FNDCT, mas grande parte desse ganho acaba sendo anulada pelos frequentes bloqueio. (Figura 2)<\/p>\n<p><img loading=\"lazy\" class=\"aligncenter wp-image-3171\" src=\"https:\/\/revistacienciaecultura.org.br\/wp-content\/uploads\/2022\/09\/CC-3-edicao-reportagem-o-futuro-da-cie\u0302ncia-e-tecnologia-no-pai\u0301s-figura-2-300x157.jpg\" alt=\"\" width=\"500\" height=\"262\" srcset=\"https:\/\/revistacienciaecultura.org.br\/wp-content\/uploads\/2022\/09\/CC-3-edicao-reportagem-o-futuro-da-cie\u0302ncia-e-tecnologia-no-pai\u0301s-figura-2-300x157.jpg 300w, https:\/\/revistacienciaecultura.org.br\/wp-content\/uploads\/2022\/09\/CC-3-edicao-reportagem-o-futuro-da-cie\u0302ncia-e-tecnologia-no-pai\u0301s-figura-2-1024x537.jpg 1024w, https:\/\/revistacienciaecultura.org.br\/wp-content\/uploads\/2022\/09\/CC-3-edicao-reportagem-o-futuro-da-cie\u0302ncia-e-tecnologia-no-pai\u0301s-figura-2-768x403.jpg 768w, https:\/\/revistacienciaecultura.org.br\/wp-content\/uploads\/2022\/09\/CC-3-edicao-reportagem-o-futuro-da-cie\u0302ncia-e-tecnologia-no-pai\u0301s-figura-2-1536x806.jpg 1536w, https:\/\/revistacienciaecultura.org.br\/wp-content\/uploads\/2022\/09\/CC-3-edicao-reportagem-o-futuro-da-cie\u0302ncia-e-tecnologia-no-pai\u0301s-figura-2-18x9.jpg 18w, https:\/\/revistacienciaecultura.org.br\/wp-content\/uploads\/2022\/09\/CC-3-edicao-reportagem-o-futuro-da-cie\u0302ncia-e-tecnologia-no-pai\u0301s-figura-2-380x200.jpg 380w, https:\/\/revistacienciaecultura.org.br\/wp-content\/uploads\/2022\/09\/CC-3-edicao-reportagem-o-futuro-da-cie\u0302ncia-e-tecnologia-no-pai\u0301s-figura-2-800x420.jpg 800w, https:\/\/revistacienciaecultura.org.br\/wp-content\/uploads\/2022\/09\/CC-3-edicao-reportagem-o-futuro-da-cie\u0302ncia-e-tecnologia-no-pai\u0301s-figura-2-1160x608.jpg 1160w, https:\/\/revistacienciaecultura.org.br\/wp-content\/uploads\/2022\/09\/CC-3-edicao-reportagem-o-futuro-da-cie\u0302ncia-e-tecnologia-no-pai\u0301s-figura-2.jpg 1691w\" sizes=\"(max-width: 500px) 100vw, 500px\" \/><\/p>\n<h6 id=\"figura-2-orcamento-aprovado-na-lei-orcamentario-anual-loa-de-2002-a-2022fonte-sociedade-brasileira-para-o-progresso-da-ciencia-sbpc-reproducao\"><strong>Figura 2. Or\u00e7amento aprovado na Lei Or\u00e7ament\u00e1rio Anual (LOA) de 2002 a 2022<br \/>\n<\/strong>(Fonte: Sociedade Brasileira para o Progresso da Ci\u00eancia \u2013 SBPC. Reprodu\u00e7\u00e3o)<\/h6>\n<p>&nbsp;<\/p>\n<p>Por\u00e9m, o problema vai al\u00e9m da simples necessidade de investimento. Para Ivan Emilio Chambouleyron, professor do Instituto de F\u00edsica Gleb Wataghin da <strong><span style=\"color: #800000;\"><a style=\"color: #800000;\" href=\"https:\/\/www.unicamp.br\/\">Unicamp<\/a><\/span><\/strong>, n\u00e3o basta injetar recursos em programas que visam equipar alguns laborat\u00f3rios considerados de excel\u00eancia. Ele aponta que problemas enfrentados no desenvolvimento da ci\u00eancia e no aproveitamento dos frutos da pesquisa cient\u00edfica s\u00e3o quase sempre problemas de recursos humanos \u2013 e isso inclui investir em educa\u00e7\u00e3o, especialmente educa\u00e7\u00e3o b\u00e1sica. \u201c\u00c9 essencial para que os recursos investidos na pesquisa possam, de fato, frutificar, tanto em rela\u00e7\u00e3o \u00e0 contribui\u00e7\u00e3o que a ci\u00eancia dar\u00e1 para o avan\u00e7o do conhecimento como em rela\u00e7\u00e3o \u00e0 melhoria da qualidade de vida de nossa popula\u00e7\u00e3o\u201d, afirma em seu artigo <a href=\"https:\/\/www.scielo.br\/j\/spp\/a\/vCVKwBN3NC6Xk7yMX44QGDJ\/?lang=pt\">\u201c<em><span style=\"color: #800000;\"><strong>Desafios da pesquisa no Brasil: uma contribui\u00e7\u00e3o ao debate<\/strong><\/span><\/em>\u201d.<\/a><\/p>\n<p>&nbsp;<\/p>\n<h4 id=\"durante-sua-reuniao-anual-a-sbpc-lancou-o-caderno-projeto-para-um-brasil-novo-que-apresenta-sugestoes-para-candidatos-a-presidencia-da-republica-de-medidas-que-ajudariam-a\" style=\"text-align: center;\"><span style=\"color: #800000;\">\u201cDurante sua reuni\u00e3o anual, a SBPC lan\u00e7ou o caderno \u2018Projeto para um Brasil Novo\u2019, que apresenta sugest\u00f5es para candidatos \u00e0 presid\u00eancia da Rep\u00fablica de medidas que ajudariam a reverter a crise.\u201d<\/span><\/h4>\n<p>&nbsp;<\/p>\n<p><strong>\u00a0<\/strong>\u201cA educa\u00e7\u00e3o \u00e9 certamente uma quest\u00e3o crucial. Desde sempre trabalhamos para melhorar a forma\u00e7\u00e3o cient\u00edfica nas escolas. A SBPC sempre se manifestou, e mesmo a BNCC incorporou apenas uma parcelazinha do que propomos, quando precisamos de uma revolu\u00e7\u00e3o. As pessoas precisam ter uma percep\u00e7\u00e3o melhor do que \u00e9 a ci\u00eancia\u201d, afirmou Ildeu de Castro Moreira, professor do Instituto de F\u00edsica da <span style=\"color: #800000;\"><strong><a style=\"color: #800000;\" href=\"https:\/\/ufrj.br\/\">Universidade Federal do Rio de Janeiro<\/a><\/strong><\/span> (UFRJ) e presidente de honra da SBPC, em entrevista \u00e0 <a href=\"https:\/\/revistaensinosuperior.com.br\/\"><span style=\"color: #800000;\"><strong>Revista Ensino Superior<\/strong><\/span><\/a> digital.<\/p>\n<h3 id=\"e-daqui-para-frente\"><strong>E daqui para frente?<\/strong><\/h3>\n<p>Durante sua 74.\u00aa reuni\u00e3o anual, a SBPC lan\u00e7ou o caderno <a href=\"http:\/\/portal.sbpcnet.org.br\/wp-content\/uploads\/2022\/07\/cadernos_SBPC_2022_1907.pdf\">\u201c<strong><span style=\"color: #800000;\">Projeto para um Brasil Novo<\/span><\/strong>\u201d<\/a>, que apresenta sugest\u00f5es para candidatos \u00e0 presid\u00eancia da Rep\u00fablica de medidas que ajudariam a reverter a crise. (Figura 3).\u00a0O documento sugere aumentar para 2% o percentual do PIB brasileiro investido em CT&amp;I, que hoje gira em torno de 1% enquanto a m\u00e9dia dos pa\u00edses da <span style=\"color: #800000;\"><strong><a style=\"color: #800000;\" href=\"https:\/\/www.oecd.org\/latin-america\/paises\/brasil-portugues\/\">Organiza\u00e7\u00e3o para a Coopera\u00e7\u00e3o e Desenvolvimento Econ\u00f4mico<\/a><\/strong><\/span> (OCDE) \u00e9 de 2,7%. Al\u00e9m disso, os documentos recomendam o reconhecimento do Conselho Nacional de Ci\u00eancia e Tecnologia (CCT) como a inst\u00e2ncia onde devem ser formuladas as pol\u00edticas p\u00fablicas para o setor; o aumento das bolsas de mestrado e doutorado e a valoriza\u00e7\u00e3o do MCTI, do MEC e de suas ag\u00eancias de fomento vinculadas. \u201cN\u00f3s estamos numa situa\u00e7\u00e3o bem cr\u00edtica, a reconstru\u00e7\u00e3o vai ter que ser profunda porque o desgaste \u00e9 enorme\u201d, afirma Fernanda Sobral, professora em\u00e9rita do Departamento de Sociologia da Universidade de Bras\u00edlia (UnB) e\u00a0vice-presidente da SBPC.<\/p>\n<p><img loading=\"lazy\" class=\"aligncenter wp-image-3172\" src=\"https:\/\/revistacienciaecultura.org.br\/wp-content\/uploads\/2022\/09\/CC-3-edicao-reportagem-o-futuro-da-cie\u0302ncia-e-tecnologia-no-pai\u0301s-figura-3-222x300.jpg\" alt=\"\" width=\"370\" height=\"500\" srcset=\"https:\/\/revistacienciaecultura.org.br\/wp-content\/uploads\/2022\/09\/CC-3-edicao-reportagem-o-futuro-da-cie\u0302ncia-e-tecnologia-no-pai\u0301s-figura-3-222x300.jpg 222w, https:\/\/revistacienciaecultura.org.br\/wp-content\/uploads\/2022\/09\/CC-3-edicao-reportagem-o-futuro-da-cie\u0302ncia-e-tecnologia-no-pai\u0301s-figura-3-758x1024.jpg 758w, https:\/\/revistacienciaecultura.org.br\/wp-content\/uploads\/2022\/09\/CC-3-edicao-reportagem-o-futuro-da-cie\u0302ncia-e-tecnologia-no-pai\u0301s-figura-3-768x1038.jpg 768w, https:\/\/revistacienciaecultura.org.br\/wp-content\/uploads\/2022\/09\/CC-3-edicao-reportagem-o-futuro-da-cie\u0302ncia-e-tecnologia-no-pai\u0301s-figura-3-9x12.jpg 9w, https:\/\/revistacienciaecultura.org.br\/wp-content\/uploads\/2022\/09\/CC-3-edicao-reportagem-o-futuro-da-cie\u0302ncia-e-tecnologia-no-pai\u0301s-figura-3.jpg 789w\" sizes=\"(max-width: 370px) 100vw, 370px\" \/><\/p>\n<h6 id=\"figura-3-durante-sua-74a-reuniao-anual-a-sbpc-lancou-o-caderno-projeto-para-um-brasil-novo-que-apresenta-sugestoes-para-candidatos-a-presidencia-da-republica-de-medidas-que-ajudar\"><strong>Figura 3. Durante sua 74<sup>a<\/sup> Reuni\u00e3o Anual, a SBPC lan\u00e7ou o caderno <\/strong><a href=\"http:\/\/portal.sbpcnet.org.br\/wp-content\/uploads\/2022\/07\/cadernos_SBPC_2022_1907.pdf\"><strong>\u201cProjeto para um Brasil Novo\u201d<\/strong><\/a><strong>, que apresenta sugest\u00f5es para candidatos \u00e0 presid\u00eancia da Rep\u00fablica de medidas que ajudariam a reverter a crise atual<br \/>\n<\/strong>(Capa do caderno \u201cProjeto para um Brasil Novo\u201d. SBPC. Reprodu\u00e7\u00e3o)<\/h6>\n<p>&nbsp;<\/p>\n<p>Outra estrat\u00e9gia tem sido aumentar a presen\u00e7a de cientistas nas bancadas do Congresso Nacional, como no caso do manifesto \u201cEduca\u00e7\u00e3o e Ci\u00eancia para Reconstruir o Pa\u00eds\u201d, lan\u00e7ado tamb\u00e9m em julho, em que mais de 100 pesquisadores, ex-reitores e professores apresentam suas pr\u00e9-candidaturas ao Congresso Nacional e Assembleias Legislativas. \u201cCada vez mais \u00e9 necess\u00e1rio aproximar a ci\u00eancia e a pol\u00edtica\u201d, afirma Sobral.\u00a0 \u201cEu acredito que a ci\u00eancia mostrou seu valor agora na pandemia e acho que esse impacto vai afetar as campanhas e depois a atua\u00e7\u00e3o tanto do Executivo quanto do Legislativo\u201d, conclui.<\/p>\n<p>&nbsp;<\/p>\n<h6 id=\"capa-ciencia-e-tecnologia-sao-fundamentais-para-o-desenvolvimento-nacional-expotc-durante-74a-reuniao-anual-da-sbpc-por-sbpc-reproducao\"><strong>Capa: Ci\u00eancia e tecnologia s\u00e3o fundamentais para o desenvolvimento nacional <\/strong>(ExpoT&amp;C durante 74<sup>a<\/sup> Reuni\u00e3o Anual da SBPC. Por SBPC. Reprodu\u00e7\u00e3o)<\/h6>\n<hr \/>\n<h6 id=\"hafiz-mariana-e-bueno-chris-feito-no-brasil-o-futuro-da-ciencia-e-tecnologia-no-pais-financiamento-e-essencial-para-manter-a-producao-cientifica-e-o-desenvolvimento\"><span style=\"color: #808080;\"><em>HAFIZ, Mariana \u00a0e\u00a0 BUENO, Chris.<span class=\"article-title\">\u00a0&#8220;Feito no Brasil&#8221;: o futuro da ci\u00eancia e tecnologia no pa\u00eds: financiamento \u00e9 essencial para manter a produ\u00e7\u00e3o cient\u00edfica e o desenvolvimento do pa\u00eds, mas cortes frequentes amea\u00e7am a ci\u00eancia brasileira.<\/span>\u00a0Cienc. Cult.\u00a0[online]. 2022, vol.74, n.3 [citado\u00a0 2023-09-01], pp.1-6. Dispon\u00edvel em: &lt;http:\/\/cienciaecultura.bvs.br\/scielo.php?script=sci_arttext&amp;pid=S0009-67252022000300014&amp;lng=pt&amp;nrm=iso&gt;. ISSN 0009-6725.<\/em><\/span><\/h6>\n","protected":false},"excerpt":{"rendered":"Financiamento \u00e9 essencial para manter a produ\u00e7\u00e3o cient\u00edfica e o desenvolvimento do&hellip;\n","protected":false},"author":59,"featured_media":3173,"comment_status":"open","ping_status":"open","sticky":false,"template":"","format":"standard","meta":[],"categories":[51],"tags":[],"acf":[],"_links":{"self":[{"href":"https:\/\/revistacienciaecultura.org.br\/index.php?rest_route=\/wp\/v2\/posts\/3167"}],"collection":[{"href":"https:\/\/revistacienciaecultura.org.br\/index.php?rest_route=\/wp\/v2\/posts"}],"about":[{"href":"https:\/\/revistacienciaecultura.org.br\/index.php?rest_route=\/wp\/v2\/types\/post"}],"author":[{"embeddable":true,"href":"https:\/\/revistacienciaecultura.org.br\/index.php?rest_route=\/wp\/v2\/users\/59"}],"replies":[{"embeddable":true,"href":"https:\/\/revistacienciaecultura.org.br\/index.php?rest_route=%2Fwp%2Fv2%2Fcomments&post=3167"}],"version-history":[{"count":3,"href":"https:\/\/revistacienciaecultura.org.br\/index.php?rest_route=\/wp\/v2\/posts\/3167\/revisions"}],"predecessor-version":[{"id":4656,"href":"https:\/\/revistacienciaecultura.org.br\/index.php?rest_route=\/wp\/v2\/posts\/3167\/revisions\/4656"}],"wp:featuredmedia":[{"embeddable":true,"href":"https:\/\/revistacienciaecultura.org.br\/index.php?rest_route=\/wp\/v2\/media\/3173"}],"wp:attachment":[{"href":"https:\/\/revistacienciaecultura.org.br\/index.php?rest_route=%2Fwp%2Fv2%2Fmedia&parent=3167"}],"wp:term":[{"taxonomy":"category","embeddable":true,"href":"https:\/\/revistacienciaecultura.org.br\/index.php?rest_route=%2Fwp%2Fv2%2Fcategories&post=3167"},{"taxonomy":"post_tag","embeddable":true,"href":"https:\/\/revistacienciaecultura.org.br\/index.php?rest_route=%2Fwp%2Fv2%2Ftags&post=3167"}],"curies":[{"name":"wp","href":"https:\/\/api.w.org\/{rel}","templated":true}]}}