{"id":3176,"date":"2022-09-19T07:57:29","date_gmt":"2022-09-19T07:57:29","guid":{"rendered":"https:\/\/revistacienciaecultura.org.br\/?p=3176"},"modified":"2022-10-17T10:53:16","modified_gmt":"2022-10-17T10:53:16","slug":"faces-da-ciencia","status":"publish","type":"post","link":"https:\/\/revistacienciaecultura.org.br\/?p=3176","title":{"rendered":"Faces da Ci\u00eancia no Brasil"},"content":{"rendered":"<h4 id=\"inspirada-nas-celebracoes-dos-200-anos-da-independencia-do-brasil-faces-da-ciencia-apresenta-um-conjunto-de-cientistas-brasileiroas-e-suas-contribuicoes-para-a-ciencia-brasileira-nos\"><span style=\"color: #808080;\">Inspirada nas celebra\u00e7\u00f5es dos 200 anos da Independ\u00eancia do Brasil, &#8220;Faces da Ci\u00eancia&#8221; apresenta um conjunto de cientistas brasileiro(a)s e suas contribui\u00e7\u00f5es para a ci\u00eancia brasileira nos \u00faltimos 200 anos, em todas as \u00e1reas do conhecimento e provenientes de diversas regi\u00f5es.<\/span><\/h4>\n<p>&nbsp;<\/p>\n<p>A exposi\u00e7\u00e3o <strong>\u201cFaces da ci\u00eancia no Brasil\u201d,\u00a0<\/strong>promovido pela Iniciativa para a Ci\u00eancia e Tecnologia no Parlamento (ICTP.br) e pela Sociedade Brasileira para o Progresso da Ci\u00eancia (SBPC), apresenta um conjunto de cientistas brasileiro(a)s e suas contribui\u00e7\u00f5es para a ci\u00eancia brasileira nos \u00faltimos 200 anos, em todas as \u00e1reas do conhecimento e provenientes de diversas regi\u00f5es. Inspirada nas celebra\u00e7\u00f5es dos 200 anos da Independ\u00eancia do Brasil,<span style=\"font-family: -apple-system, BlinkMacSystemFont, 'Segoe UI', Roboto, 'Helvetica Neue', Arial, 'Noto Sans', sans-serif, 'Apple Color Emoji', 'Segoe UI Emoji', 'Segoe UI Symbol', 'Noto Color Emoji';\"> a <\/span><span style=\"font-family: -apple-system, BlinkMacSystemFont, 'Segoe UI', Roboto, 'Helvetica Neue', Arial, 'Noto Sans', sans-serif, 'Apple Color Emoji', 'Segoe UI Emoji', 'Segoe UI Symbol', 'Noto Color Emoji';\">exposic\u0327a\u0303o apresenta 37 faces de personalidades que muito fizeram pela cie\u0302ncia brasileira &#8211; que podem ser conferidas <span style=\"color: #800000;\"><strong><a style=\"color: #800000;\" href=\"https:\/\/publuu.com\/flip-book\/42521\/128686\/page\/8\">aqui<\/a><\/strong><\/span>.<\/span><\/p>\n<p>A exposi\u00e7\u00e3o j\u00e1 passou por v\u00e1rias localidades no Pa\u00eds.\u00a0<span style=\"font-family: -apple-system, BlinkMacSystemFont, 'Segoe UI', Roboto, 'Helvetica Neue', Arial, 'Noto Sans', sans-serif, 'Apple Color Emoji', 'Segoe UI Emoji', 'Segoe UI Symbol', 'Noto Color Emoji';\">Segundo o curador da exposi\u00e7\u00e3o, Ildeu de Castro Moreira, \u00e9 muito simb\u00f3lico que a ci\u00eancia nacional e sua hist\u00f3ria de avan\u00e7os, percal\u00e7os e conquistas ao longo dos dois \u00faltimos s\u00e9culos esteja representada nos corredores do Congresso Nacional.<\/span><\/p>\n<p>\u201cA proposta da exposi\u00e7\u00e3o \u00e9 retratar, mesmo que de forma sint\u00e9tica, a trajet\u00f3ria da ci\u00eancia e tecnologia no Brasil atrav\u00e9s de seus principais atores. Por isso, selecionamos cientistas diversos, destacando ainda a diversidade regional, de g\u00eanero, de etnias e de \u00e1reas do conhecimento\u201d, explica Moreira, que \u00e9 professor do Instituto de F\u00edsica da Universidade Federal do Rio de Janeiro (UFRJ). \u201cQueremos mostrar aos parlamentares o importante papel dos cientistas no desenvolvimento do Brasil, e, assim, sensibiliz\u00e1-los para a import\u00e2ncia de incentivar e fomentar o avan\u00e7o da ci\u00eancia no Pa\u00eds\u201d, comenta.<\/p>\n<p>O secret\u00e1rio-executivo da ICTP.br, F\u00e1bio Guedes Gomes, tamb\u00e9m enfatiza a import\u00e2ncia da exposi\u00e7\u00e3o ser realizada no Congresso Nacional, uma vez que a ci\u00eancia brasileira depende de recursos p\u00fablicos. \u201cA ideia \u00e9, al\u00e9m de ressaltarmos as contribui\u00e7\u00f5es da ci\u00eancia para o desenvolvimento do Pa\u00eds, mostrar para os parlamentares que a ci\u00eancia depende deles quando forem decidir pelos recursos na defini\u00e7\u00e3o dos or\u00e7amentos\u201d, explica.<\/p>\n<p>A exposi\u00e7\u00e3o \u00e9 uma \u00f3tima ferramenta de est\u00edmulo e populariza\u00e7\u00e3o e divulga\u00e7\u00e3o da ci\u00eancia, ressalta Cl\u00e1udia Linhares Sales, secret\u00e1ria-geral da SBPC.\u00a0 \u201c\u00c9 importante relembrar aspectos hist\u00f3ricos e atuais, da independ\u00eancia, da sonhada soberania nacional, principalmente no que tange a inevitabilidade da necessidade de educa\u00e7\u00e3o, de desenvolvimento cient\u00edfico e tecnol\u00f3gico e da preserva\u00e7\u00e3o do meio ambiente incluindo todos que contribu\u00edram para o desenvolvimento cient\u00edfico brasileiro\u201d, acrescenta.<\/p>\n<p>Confira aqui as<span style=\"color: #800000;\">\u00a0<strong><a style=\"color: #800000;\" href=\"https:\/\/heyzine.com\/flip-book\/b298681f27.html\">Faces da Ci\u00eancia<\/a>.<\/strong><\/span><\/p>\n<p><a href=\"https:\/\/heyzine.com\/flip-book\/b298681f27.html\"><img loading=\"lazy\" class=\"aligncenter wp-image-3179\" src=\"https:\/\/revistacienciaecultura.org.br\/wp-content\/uploads\/2022\/09\/faces-da-ciencia-219x300.jpg\" alt=\"\" width=\"292\" height=\"400\" srcset=\"https:\/\/revistacienciaecultura.org.br\/wp-content\/uploads\/2022\/09\/faces-da-ciencia-219x300.jpg 219w, https:\/\/revistacienciaecultura.org.br\/wp-content\/uploads\/2022\/09\/faces-da-ciencia-9x12.jpg 9w, https:\/\/revistacienciaecultura.org.br\/wp-content\/uploads\/2022\/09\/faces-da-ciencia.jpg 449w\" sizes=\"(max-width: 292px) 100vw, 292px\" \/><\/a><\/p>\n","protected":false},"excerpt":{"rendered":"Inspirada nas celebra\u00e7\u00f5es dos 200 anos da Independ\u00eancia do Brasil, &#8220;Faces da&hellip;\n","protected":false},"author":19,"featured_media":3180,"comment_status":"open","ping_status":"open","sticky":false,"template":"","format":"standard","meta":[],"categories":[51],"tags":[],"acf":[],"_links":{"self":[{"href":"https:\/\/revistacienciaecultura.org.br\/index.php?rest_route=\/wp\/v2\/posts\/3176"}],"collection":[{"href":"https:\/\/revistacienciaecultura.org.br\/index.php?rest_route=\/wp\/v2\/posts"}],"about":[{"href":"https:\/\/revistacienciaecultura.org.br\/index.php?rest_route=\/wp\/v2\/types\/post"}],"author":[{"embeddable":true,"href":"https:\/\/revistacienciaecultura.org.br\/index.php?rest_route=\/wp\/v2\/users\/19"}],"replies":[{"embeddable":true,"href":"https:\/\/revistacienciaecultura.org.br\/index.php?rest_route=%2Fwp%2Fv2%2Fcomments&post=3176"}],"version-history":[{"count":10,"href":"https:\/\/revistacienciaecultura.org.br\/index.php?rest_route=\/wp\/v2\/posts\/3176\/revisions"}],"predecessor-version":[{"id":3301,"href":"https:\/\/revistacienciaecultura.org.br\/index.php?rest_route=\/wp\/v2\/posts\/3176\/revisions\/3301"}],"wp:featuredmedia":[{"embeddable":true,"href":"https:\/\/revistacienciaecultura.org.br\/index.php?rest_route=\/wp\/v2\/media\/3180"}],"wp:attachment":[{"href":"https:\/\/revistacienciaecultura.org.br\/index.php?rest_route=%2Fwp%2Fv2%2Fmedia&parent=3176"}],"wp:term":[{"taxonomy":"category","embeddable":true,"href":"https:\/\/revistacienciaecultura.org.br\/index.php?rest_route=%2Fwp%2Fv2%2Fcategories&post=3176"},{"taxonomy":"post_tag","embeddable":true,"href":"https:\/\/revistacienciaecultura.org.br\/index.php?rest_route=%2Fwp%2Fv2%2Ftags&post=3176"}],"curies":[{"name":"wp","href":"https:\/\/api.w.org\/{rel}","templated":true}]}}