{"id":3183,"date":"2022-09-14T10:32:22","date_gmt":"2022-09-14T10:32:22","guid":{"rendered":"https:\/\/revistacienciaecultura.org.br\/?p=3183"},"modified":"2022-09-14T10:32:22","modified_gmt":"2022-09-14T10:32:22","slug":"abertas-inscricoes-para-a-4a-edicao-do-premio-carolina-bori-ciencia-mulher-meninas-na-ciencia","status":"publish","type":"post","link":"https:\/\/revistacienciaecultura.org.br\/?p=3183","title":{"rendered":"Abertas inscri\u00e7\u00f5es para a 4\u00aa edi\u00e7\u00e3o do Pr\u00eamio Carolina Bori Ci\u00eancia &#038; Mulher \u2013 Meninas na Ci\u00eancia"},"content":{"rendered":"<h4 id=\"este-ano-a-premiacao-sera-dedicada-as-estudantes-do-ensino-medio-e-graduacao-com-notorio-talento-para-uma-carreira-cientifica-promissora-ao-todo-serao-seis-agraciadas\"><span style=\"color: #808080;\">Este ano a premia\u00e7\u00e3o ser\u00e1 dedicada \u00e0s estudantes do Ensino M\u00e9dio e Gradua\u00e7\u00e3o com not\u00f3rio talento para uma carreira cient\u00edfica promissora. Ao todo, ser\u00e3o seis agraciadas.<\/span><\/h4>\n<p>&nbsp;<\/p>\n<p>A Sociedade Brasileira para o Progresso da Ci\u00eancia (SBPC) convida Pr\u00f3-Reitorias de Gradua\u00e7\u00e3o e Pesquisa, Secretarias de Educa\u00e7\u00e3o, Escolas e organizadores de olimp\u00edadas e feiras cient\u00edficas de \u00e2mbito nacional para enviarem indica\u00e7\u00f5es ao 4\u00ba Pr\u00eamio \u201cCarolina Bori Ci\u00eancia &amp; Mulher\u201d.<\/p>\n<p>Todo ano, desde 2019, a SBPC atribui um pr\u00eamio \u00e0s cientistas mulheres, alternando a concess\u00e3o do mesmo a cientistas de destaque e a jovens com not\u00f3rio talento para uma carreira cient\u00edfica promissora. Esta 4\u00aa edi\u00e7\u00e3o se dirige \u00e0s \u201cMeninas Cientistas\u201d \u2013 estudantes do Ensino M\u00e9dio e da Gradua\u00e7\u00e3o.<\/p>\n<p>Ao todo ser\u00e3o seis premiadas: tr\u00eas do Ensino M\u00e9dio e tr\u00eas da Gradua\u00e7\u00e3o \u2013 de cada uma das tr\u00eas grandes \u00e1reas do conhecimento: Humanidades; Biol\u00f3gicas e Sa\u00fade; e Engenharias, Exatas e Ci\u00eancias da Terra. Elas ser\u00e3o avaliadas pela criatividade e boa aplica\u00e7\u00e3o do m\u00e9todo cient\u00edfico em projetos de inicia\u00e7\u00e3o cient\u00edfica, bem como o potencial de contribui\u00e7\u00e3o com a ci\u00eancia no futuro. Tamb\u00e9m ser\u00e3o consideradas estudantes com desempenho destacado em atividades cient\u00edficas como feiras, olimp\u00edadas cient\u00edficas e atividades similares.<\/p>\n<p>As indica\u00e7\u00f5es, com a devida documenta\u00e7\u00e3o, poder\u00e3o ser feitas at\u00e9 o dia 31 de outubro, exclusivamente atrav\u00e9s do formul\u00e1rio online, neste link (<span style=\"color: #800000;\"><strong><a style=\"color: #800000;\" href=\"https:\/\/bit.ly\/premiocarolinaborisbpc\" target=\"_blank\" rel=\"noopener\">https:\/\/bit.ly\/premiocarolinaborisbpc<\/a><\/strong><\/span>).<\/p>\n<p><strong><span style=\"color: #800000;\"><a style=\"color: #800000;\" href=\"http:\/\/www.jornaldaciencia.org.br\/wp-content\/uploads\/2022\/09\/Edital-4Pre%CC%82mio-Carolina-BoriMeninas-na-Cie%CC%82ncia-01-09-22-.pdf\" target=\"_blank\" rel=\"noopener\">Confira o edital!<\/a><\/span><\/strong><\/p>\n<p>Para a inscri\u00e7\u00e3o das candidatas indicadas aos pr\u00eamios ser\u00e1 necess\u00e1rio o envio de uma mini-biografia atualizada (com at\u00e9 500 caracteres, com espa\u00e7o); curr\u00edculo atualizado na Plataforma Lattes (<a href=\"http:\/\/lattes.cnpq.br\/\" target=\"_blank\" rel=\"noopener\"><strong><span style=\"color: #800000;\">http:\/\/lattes.cnpq.br<\/span><\/strong><\/a>); e carta de recomenda\u00e7\u00e3o fundamentada em evid\u00eancias que justifiquem o pr\u00eamio (at\u00e9 2.000 caracteres, com espa\u00e7o). Ser\u00e1 necess\u00e1rio tamb\u00e9m anexar ao formul\u00e1rio o projeto\/atividade cient\u00edfica realizada, explicando a import\u00e2ncia do projeto\/atividade, seu desenvolvimento, os objetivos atingidos e sua relev\u00e2ncia. A documenta\u00e7\u00e3o dever\u00e1 enfatizar o que foi realizado pela pr\u00f3pria estudante, identificando as atividades realizadas com ajuda do(a) professor(a) orientador(a).<\/p>\n<p>Se a indica\u00e7\u00e3o for pelo desempenho destacado em atividades cient\u00edficas \u2013 feiras, olimp\u00edadas cient\u00edficas, divulga\u00e7\u00e3o cient\u00edfica, etc. \u2013 a documenta\u00e7\u00e3o dever\u00e1 comprovar a participa\u00e7\u00e3o e o desempenho na referida atividade.<\/p>\n<p>O an\u00fancio das premiadas ser\u00e1 feito no dia 20 de janeiro de 2023. A cerim\u00f4nia de outorga do pr\u00eamio \u00e0s contempladas ser\u00e1 realizada no dia 10 de fevereiro de 2023, durante o evento anual realizado pela SBPC, no Sal\u00e3o Nobre do Centro Universit\u00e1rio Maria Antonia da USP, em S\u00e3o Paulo.<\/p>\n<h3 id=\"homenagem-as-cientistas-brasileiras\"><strong>Homenagem \u00e0s cientistas brasileiras<\/strong><\/h3>\n<p>Criado em 2019, o Pr\u00eamio \u201cCarolina Bori Ci\u00eancia &amp; Mulher\u201d \u00e9 uma homenagem da SBPC \u00e0s cientistas brasileiras destacadas e \u00e0s futuras cientistas brasileiras de not\u00f3rio talento, que leva o nome de sua primeira presidente mulher, Carolina Martuscelli Bori. A SBPC \u2013 que j\u00e1 teve tr\u00eas mulheres presidentes e hoje a maioria da diretoria \u00e9 feminina \u2013 criou essa premia\u00e7\u00e3o por acreditar que homenagear as cientistas brasileiras e incentivar as meninas a se interessarem por este universo \u00e9 uma a\u00e7\u00e3o marcante de sua trajet\u00f3ria hist\u00f3rica, na qual tantas mulheres foram protagonistas do trabalho e de anos de lutas e sucesso na maior sociedade cient\u00edfica do Pa\u00eds e da Am\u00e9rica do Sul.<\/p>\n<p>A cerim\u00f4nia de premia\u00e7\u00e3o ocorre anualmente, alternando duas categorias \u2013 \u201cMulheres Cientistas\u201d e \u201cMeninas na Ci\u00eancia\u201d -, durante o Simp\u00f3sio Mulheres e Meninas na Ci\u00eancia, a ser realizado em 11 de fevereiro (ou data pr\u00f3xima), em celebra\u00e7\u00e3o ao Dia Internacional das Mulheres e Meninas na Ci\u00eancia, institu\u00eddo pela Unesco.<\/p>\n<p>Na 1\u00aa edi\u00e7\u00e3o, 25 Sociedades Cient\u00edficas afiliadas \u00e0 SBPC indicaram 29 cientistas brasileiras. A escolhida para receber o pr\u00eamio na categoria \u201cMulheres Cientistas\u201d foi\u00a0<strong>Helena Bonciani Nader<\/strong>, professora-titular da Universidade Federal de S\u00e3o Paulo (EPM-Unifesp). E\u00a0<strong>Alice Rangel de Paiva Abreu<\/strong>, professora em\u00e9rita da UFRJ, recebeu a \u201cMen\u00e7\u00e3o Honrosa\u201d.<\/p>\n<p>A 2\u00aa edi\u00e7\u00e3o, em 2020, foi dedicada \u00e0s \u201cMeninas na Ci\u00eancia\u201d, cujas pesquisas de inicia\u00e7\u00e3o cient\u00edfica\u00a0demonstraram\u00a0criatividade, boa aplica\u00e7\u00e3o do m\u00e9todo cient\u00edfico e potencial de contribui\u00e7\u00e3o com a ci\u00eancia no futuro.\u00a0 A SBPC recebeu indica\u00e7\u00e3o de 286 candidatas, oriundas de 18 estados e 70 munic\u00edpios de todas as regi\u00f5es do Pa\u00eds.\u00a0<strong>Juliana Davoglio Estradioto<\/strong>, formada no curso t\u00e9cnico em Administra\u00e7\u00e3o do Instituto Federal do Rio Grande (IFRS), foi a vencedora no n\u00edvel de Ensino M\u00e9dio.\u00a0Ela desenvolveu uma membrana biodegrad\u00e1vel a partir da casca de noz macad\u00e2mia, aproveitamento de res\u00edduos para bioss\u00edntese de celulose bacteriana. J\u00e1 na Gradua\u00e7\u00e3o, a escolhida foi\u00a0<strong>Raquel Soares Bandeira<\/strong>, graduanda de Enfermagem da Universidade Federal de Minas Gerais (UFMG), pelo trabalho sobre \u201cEfic\u00e1cia terap\u00eautica de uma\u00a0naftoquinona contra a leishmaniose\u201d.<\/p>\n<p>O pr\u00eamio ainda concedeu duas men\u00e7\u00f5es honrosas para cada n\u00edvel.\u00a0<strong>Ana Carolina Botelho Lucena<\/strong>, aluna do Col\u00e9gio de Aplica\u00e7\u00e3o da Universidade Federal do Par\u00e1 (UFPA), pelo trabalho sobre \u201cA morte como testemunho da vida: fam\u00edlia e escravid\u00e3o nos testamentos do Centro de Mem\u00f3ria da Amaz\u00f4nia\u201d, e\u00a0<strong>Nallanda Victoria dos Santos Martins<\/strong>, estudante do Col\u00e9gio Estadual Doutor Antonio Garcia Filho, Umba\u00faba (SE), pelo trabalho sobre \u201cCasa de farinha: da mandioca ao biopl\u00e1stico\u201d, receber\u00e3o pelo n\u00edvel Ensino M\u00e9dio. Em Gradua\u00e7\u00e3o, as men\u00e7\u00f5es honrosas foram para\u00a0<strong>Julia Bondar<\/strong>, estudante de Medicina da Universidade Federal do Rio Grande do Sul (UFRGS), pelo trabalho sobre depress\u00e3o em adolescentes, e\u00a0<strong>Nayara Stefanie Mandarino Silva<\/strong>, graduada em Letras Portugu\u00eas e Ingl\u00eas pela Universidade Federal de Sergipe (UFS), pelo trabalho sobre \u201cMarqu\u00eas de Pombal e a Instru\u00e7\u00e3o P\u00fablica\u201d.<\/p>\n<p>Na 3\u00aa edi\u00e7\u00e3o a entidade premiou\u00a0<strong>Nilma Lino Gomes<\/strong>, professora titular em\u00e9rita da Faculdade de Educa\u00e7\u00e3o da Universidade Federal de Minas Gerais (UFMG), na \u00e1rea de Humanidades;\u00a0<strong>Gulnar Azevedo e Silva<\/strong>, professora titular do Instituto de Medicina Social da Universidade do Estado do Rio de Janeiro (UERJ), foi a vencedora na \u00e1rea de Biol\u00f3gicas e Sa\u00fade; e\u00a0<strong>Beatriz Leonor Silveira Barbuy<\/strong>, professora titular do Instituto de Astronomia, Geof\u00edsica e Ci\u00eancias Atmosf\u00e9ricas (IAG) da Universidade de S\u00e3o Paulo (USP), na \u00e1rea de Engenharias, Exatas e Ci\u00eancias da Terra.<\/p>\n<p>A cerim\u00f4nia de outorga do pr\u00eamio \u00e0s jovens cientistas contempladas nesta 4\u00aaedi\u00e7\u00e3o ser\u00e1 realizada no dia 10 de fevereiro de 2023, durante o evento anual realizado pela SBPC. O evento ter\u00e1 transmiss\u00e3o ao vivo pelo Canal da SBPC no YouTube.<\/p>\n<p><strong><span style=\"color: #800000;\"><a style=\"color: #800000;\" href=\"http:\/\/www.jornaldaciencia.org.br\/wp-content\/uploads\/2022\/09\/Edital-4Pre%CC%82mio-Carolina-BoriMeninas-na-Cie%CC%82ncia-01-09-22-.pdf\" target=\"_blank\" rel=\"noopener\">Compartilhem este edital<\/a>\u00a0<\/span>e enviem as indica\u00e7\u00f5es at\u00e9 31 de outubro. Animem-se pela ci\u00eancia, lutem pelo futuro que o conhecimento traz, em especial a quem historicamente foi exclu\u00edda!<\/strong><\/p>\n<h6 id=\"sbpc\"><a href=\"http:\/\/www.sbpcnet.org.br\/\"><em>SBPC<\/em><\/a><\/h6>\n<p>&nbsp;<\/p>\n<h6 id=\"capa-christina-wocintechchat-com-unsplash-com\">Capa: <a class=\"N2odk RZQOk Vk1a0 AsGGe pgmwB KHq0c\" href=\"https:\/\/unsplash.com\/@wocintechchat\">Christina @ wocintechchat.com<\/a> | <a href=\"http:\/\/www.unsplash.com\">Unsplash.com<\/a><\/h6>\n","protected":false},"excerpt":{"rendered":"Este ano a premia\u00e7\u00e3o ser\u00e1 dedicada \u00e0s estudantes do Ensino M\u00e9dio e&hellip;\n","protected":false},"author":19,"featured_media":3186,"comment_status":"open","ping_status":"open","sticky":false,"template":"","format":"standard","meta":[],"categories":[1,2],"tags":[],"acf":[],"_links":{"self":[{"href":"https:\/\/revistacienciaecultura.org.br\/index.php?rest_route=\/wp\/v2\/posts\/3183"}],"collection":[{"href":"https:\/\/revistacienciaecultura.org.br\/index.php?rest_route=\/wp\/v2\/posts"}],"about":[{"href":"https:\/\/revistacienciaecultura.org.br\/index.php?rest_route=\/wp\/v2\/types\/post"}],"author":[{"embeddable":true,"href":"https:\/\/revistacienciaecultura.org.br\/index.php?rest_route=\/wp\/v2\/users\/19"}],"replies":[{"embeddable":true,"href":"https:\/\/revistacienciaecultura.org.br\/index.php?rest_route=%2Fwp%2Fv2%2Fcomments&post=3183"}],"version-history":[{"count":3,"href":"https:\/\/revistacienciaecultura.org.br\/index.php?rest_route=\/wp\/v2\/posts\/3183\/revisions"}],"predecessor-version":[{"id":3187,"href":"https:\/\/revistacienciaecultura.org.br\/index.php?rest_route=\/wp\/v2\/posts\/3183\/revisions\/3187"}],"wp:featuredmedia":[{"embeddable":true,"href":"https:\/\/revistacienciaecultura.org.br\/index.php?rest_route=\/wp\/v2\/media\/3186"}],"wp:attachment":[{"href":"https:\/\/revistacienciaecultura.org.br\/index.php?rest_route=%2Fwp%2Fv2%2Fmedia&parent=3183"}],"wp:term":[{"taxonomy":"category","embeddable":true,"href":"https:\/\/revistacienciaecultura.org.br\/index.php?rest_route=%2Fwp%2Fv2%2Fcategories&post=3183"},{"taxonomy":"post_tag","embeddable":true,"href":"https:\/\/revistacienciaecultura.org.br\/index.php?rest_route=%2Fwp%2Fv2%2Ftags&post=3183"}],"curies":[{"name":"wp","href":"https:\/\/api.w.org\/{rel}","templated":true}]}}