{"id":3209,"date":"2022-09-20T15:45:46","date_gmt":"2022-09-20T15:45:46","guid":{"rendered":"https:\/\/revistacienciaecultura.org.br\/?p=3209"},"modified":"2022-09-20T15:47:12","modified_gmt":"2022-09-20T15:47:12","slug":"palacio-das-artes-recebe-exposicao-gratuita-que-celebra-o-bicentenario-da-independencia","status":"publish","type":"post","link":"https:\/\/revistacienciaecultura.org.br\/?p=3209","title":{"rendered":"Pal\u00e1cio das Artes recebe exposi\u00e7\u00e3o gratuita que celebra o bicenten\u00e1rio da Independ\u00eancia"},"content":{"rendered":"<div class=\"Block__Component-sc-1uj1scg-0 cNnnYL\">\n<h4 id=\"mostra-comemora-o-bicentenario-por-meio-da-participacao-de-minas-gerais\" class=\"styled__Paragraph-sc-fdx3oi-6 eValfS\"><span style=\"color: #808080;\">Mostra comemora o bicenten\u00e1rio por meio da participa\u00e7\u00e3o de Minas Gerais<\/span><\/h4>\n<p>&nbsp;<\/p>\n<p class=\"styled__Paragraph-sc-fdx3oi-6 eValfS\">A partir das 16h desta ter\u00e7a-feira (20), o Pal\u00e1cio da Liberdade, na regi\u00e3o Centro-Sul de BH, recebe a exposi\u00e7\u00e3o gratuita \u201cLibertas Quae Sera Tamen: Percursos Hist\u00f3ricos &amp; Imagin\u00e1rios\u201d, que celebra o bicenten\u00e1rio da Independ\u00eancia do Brasil por meio da participa\u00e7\u00e3o de Minas Gerais no evento hist\u00f3rico.<\/p>\n<\/div>\n<div class=\"Block__Component-sc-1uj1scg-0 cNnnYL\">\n<p>Ao todo, 43 pe\u00e7as fazem da mostra, dentre elas, moedas, bandeiras, documentos hist\u00f3ricos e fardas, como a usada por Tiradentes durante a Inconfid\u00eancia Mineira. Al\u00e9m disso, a exposi\u00e7\u00e3o conta com trabalhos dos artistas contempor\u00e2neos Randolpho Lamonier e \u00c1rtemis Garrido.<\/p>\n<p>A mostra explora tr\u00eas marcos temporais da Independ\u00eancia do Brasil: os anos de 1822, 1922 e 2022. O primeiro eixo expogr\u00e1fico remete ao processo que culminou com a proclama\u00e7\u00e3o da Independ\u00eancia, bem como as mudan\u00e7as ocorridas ap\u00f3s a ruptura com Portugal. O segundo explora o marco do centen\u00e1rio da data emancipat\u00f3ria. J\u00e1 o terceiro eixo discute os aspectos inerentes \u00e0 ruptura com o imp\u00e9rio portugu\u00eas e seus reflexos na contemporaneidade.<\/p>\n<p>A exibi\u00e7\u00e3o vai ocupar no Pal\u00e1cio da Liberdade o sagu\u00e3o, o hall da escada, o Sal\u00e3o de Honra, o Sal\u00e3o do Couro, as Salas da lateral esquerda, o Sal\u00e3o de Banquetes e o Sal\u00e3o do Almo\u00e7o.<\/p>\n<div class=\"Block__Component-sc-1uj1scg-0 cNnnYL\">\n<p class=\"styled__Paragraph-sc-fdx3oi-6 eValfS\">Os visitantes podem conferir as obras e apresenta\u00e7\u00f5es aos s\u00e1bados e domingos, das 10h \u00e0s 16h. Os ingressos devem ser retirados sempre \u00e0s quintas na p\u00e1gina da Appa \u2013 Arte e Cultura (coprodutora do evento) no\u00a0<strong><span style=\"color: #800000;\"><a style=\"color: #800000;\" href=\"https:\/\/www.sympla.com.br\/produtor\/appa\" target=\"_blank\" rel=\"noopener noreferrer\">site da Sympla<\/a><\/span><\/strong>.<\/p>\n<\/div>\n<p><span style=\"color: #808080;\"><em>Com informa\u00e7\u00f5es da <a style=\"color: #808080;\" href=\"https:\/\/fcs.mg.gov.br\/\">Funda\u00e7\u00e3o Cl\u00f3vis Salgado<\/a> (Governo de Minas Gerais)\u00a0<\/em><\/span><\/p>\n<\/div>\n","protected":false},"excerpt":{"rendered":"Mostra comemora o bicenten\u00e1rio por meio da participa\u00e7\u00e3o de Minas Gerais &nbsp;&hellip;\n","protected":false},"author":19,"featured_media":1447,"comment_status":"open","ping_status":"open","sticky":false,"template":"","format":"standard","meta":[],"categories":[1,2],"tags":[],"acf":[],"_links":{"self":[{"href":"https:\/\/revistacienciaecultura.org.br\/index.php?rest_route=\/wp\/v2\/posts\/3209"}],"collection":[{"href":"https:\/\/revistacienciaecultura.org.br\/index.php?rest_route=\/wp\/v2\/posts"}],"about":[{"href":"https:\/\/revistacienciaecultura.org.br\/index.php?rest_route=\/wp\/v2\/types\/post"}],"author":[{"embeddable":true,"href":"https:\/\/revistacienciaecultura.org.br\/index.php?rest_route=\/wp\/v2\/users\/19"}],"replies":[{"embeddable":true,"href":"https:\/\/revistacienciaecultura.org.br\/index.php?rest_route=%2Fwp%2Fv2%2Fcomments&post=3209"}],"version-history":[{"count":2,"href":"https:\/\/revistacienciaecultura.org.br\/index.php?rest_route=\/wp\/v2\/posts\/3209\/revisions"}],"predecessor-version":[{"id":3211,"href":"https:\/\/revistacienciaecultura.org.br\/index.php?rest_route=\/wp\/v2\/posts\/3209\/revisions\/3211"}],"wp:featuredmedia":[{"embeddable":true,"href":"https:\/\/revistacienciaecultura.org.br\/index.php?rest_route=\/wp\/v2\/media\/1447"}],"wp:attachment":[{"href":"https:\/\/revistacienciaecultura.org.br\/index.php?rest_route=%2Fwp%2Fv2%2Fmedia&parent=3209"}],"wp:term":[{"taxonomy":"category","embeddable":true,"href":"https:\/\/revistacienciaecultura.org.br\/index.php?rest_route=%2Fwp%2Fv2%2Fcategories&post=3209"},{"taxonomy":"post_tag","embeddable":true,"href":"https:\/\/revistacienciaecultura.org.br\/index.php?rest_route=%2Fwp%2Fv2%2Ftags&post=3209"}],"curies":[{"name":"wp","href":"https:\/\/api.w.org\/{rel}","templated":true}]}}