{"id":3222,"date":"2022-09-21T11:25:44","date_gmt":"2022-09-21T11:25:44","guid":{"rendered":"https:\/\/revistacienciaecultura.org.br\/?p=3222"},"modified":"2022-09-21T11:25:44","modified_gmt":"2022-09-21T11:25:44","slug":"estao-abertas-as-matriculas-para-cursos-trimestrais-da-sbpc","status":"publish","type":"post","link":"https:\/\/revistacienciaecultura.org.br\/?p=3222","title":{"rendered":"Est\u00e3o abertas as matr\u00edculas para cursos trimestrais da SBPC"},"content":{"rendered":"<h4 id=\"sao-35-webminicursos-de-varias-areas-do-conhecimento-com-direito-a-certificado-de-participacao-as-matriculas-se-encerram-no-dia-5-de-dezembro\"><span style=\"color: #808080;\">S\u00e3o 35 webminicursos de v\u00e1rias \u00e1reas do conhecimento, com direito a certificado de participa\u00e7\u00e3o. As matr\u00edculas se encerram no dia 5 de dezembro<\/span><\/h4>\n<p>&nbsp;<\/p>\n<p>Est\u00e3o abertas as matr\u00edculas do 4\u00ba ciclo de webminicursos da Sociedade Brasileira para o Progresso da Ci\u00eancia (SBPC), em sua plataforma de cursos online (<span style=\"color: #800000;\"><strong><a style=\"color: #800000;\" href=\"https:\/\/cursos.sbpcnet.org.br\/\" target=\"_blank\" rel=\"noopener\">https:\/\/cursos.sbpcnet.org.br\/<\/a><\/strong><\/span>). A cada trimestre s\u00e3o ofertados webminicursos de v\u00e1rias \u00e1reas do conhecimento e temas contempor\u00e2neos, ministrados por professores de diversas institui\u00e7\u00f5es do Pa\u00eds.<\/p>\n<p>Claudia Linhares Sales, secret\u00e1ria-geral da SBPC, explica que a plataforma permite o acesso, ao longo de todo o ano, a cursos online com as mesmas tem\u00e1ticas e qualidade dos ofertados nas Reuni\u00f5es Anuais. \u201cEntendemos que esse \u00e9 mais um mecanismo pelo qual a SBPC cumpre uma de suas miss\u00f5es, que \u00e9 a de divulgar e popularizar a ci\u00eancia\u201d, diz.<\/p>\n<p>Os webminicursos t\u00eam dura\u00e7\u00e3o de seis horas, com aulas previamente gravadas. Os inscritos podem assisti-los quantas vezes quiserem e de forma mais flex\u00edvel, dentro de sua disponibilidade de tempo. O formato virtual tamb\u00e9m permite aos interessados participar de qualquer lugar do Pa\u00eds ou at\u00e9 mesmo do exterior.<\/p>\n<p>Acesse no site\u00a0<strong><span style=\"color: #800000;\"><a style=\"color: #800000;\" href=\"https:\/\/cursos.sbpcnet.org.br\/\" target=\"_blank\" rel=\"noopener\">https:\/\/cursos.sbpcnet.org.br\/<\/a>\u00a0<\/span><\/strong>as Normas de Matr\u00edcula e consulte as informa\u00e7\u00f5es detalhadas. As inscri\u00e7\u00f5es ser\u00e3o recebidas at\u00e9 05\/12\/22 e o prazo para assistir \u00e0s aulas \u00e9 18\/12\/2022. Portanto, n\u00e3o deixe para a \u00faltima hora e antecipe sua matr\u00edcula para aproveitar esta oportunidade e frequentar as aulas com anteced\u00eancia. Ao final do prazo, os inscritos que completaram a audi\u00eancia das aulas poder\u00e3o emitir o certificado online.<\/p>\n<p>S\u00f3cios quites da SBPC t\u00eam desconto na taxa de matr\u00edcula e novos S\u00f3cios da SBPC (filiados a partir de 02\/01\/2022) ganham um webminicurso gratuito, al\u00e9m de desconto na taxa dos demais webminicursos que escolher.<\/p>\n<p>A taxa de matr\u00edcula para cada webminicurso \u00e9 R$ 30,00 para s\u00f3cio quite da SBPC e R$ 50,00 para n\u00e3o s\u00f3cio.<\/p>\n<p>\u00c9 permitido fazer a matr\u00edcula em v\u00e1rios webminicursos simultaneamente ou escolher apenas um.<\/p>\n<p>Veja abaixo a rela\u00e7\u00e3o dos webminicursos e os ministrantes. Consulte no site a lista detalhada, incluindo mais informa\u00e7\u00f5es, como a ementa e o p\u00fablico-alvo descritos pelos professores.<\/p>\n<p>Acesse agora e participe!\u00a0<strong><span style=\"color: #800000;\"><a style=\"color: #800000;\" href=\"https:\/\/cursos.sbpcnet.org.br\/\" target=\"_blank\" rel=\"noopener\">https:\/\/cursos.sbpcnet.org.br\/<\/a><\/span><\/strong><\/p>\n<h3 id=\"lista-de-webminicursos-de-cursos-da-sbpc\"><strong>Lista de webminicursos de Cursos da SBPC\u00a0<\/strong><\/h3>\n<p>AN\u00c1LISE COMPUTACIONAL DA LINGUAGEM. Ministrante: Natalia Bezerra Mota (UFRN).<\/p>\n<p>APLICA\u00c7\u00d5ES DA ENERGIA NUCLEAR NA SA\u00daDE. Ministrante: Silvia Maria Velasques de Oliveira (CNEN).<\/p>\n<p>APLICA\u00c7\u00d5ES EST\u00c1VEIS ENTRE SUPERF\u00cdCIES. Ministrantes: Alana Cavalcante Felippe (UFV) e Catarina Mendes de Jesus S\u00e1nchez (UFJF).<\/p>\n<p>ARTIGO CIENT\u00cdFICO: REDA\u00c7\u00c3O, \u00c9TICA, AVALIA\u00c7\u00c3O E DIVULGA\u00c7\u00c3O. Ministrantes: Sigmar de Mello Rode (UNESP), Piotr Trzesniak (UFPE) e Germana Barata (UNICAMP).<\/p>\n<p>ASPECTOS \u00c9TICOS DA PESQUISA ACAD\u00caMICA COM SERES HUMANOS NA EDUCA\u00c7\u00c3O. Ministrantes: Leandro Silva Costa (IFRN) e Lenina Lopes Soares Silva (IFRN).<\/p>\n<p>CANNABIS: DIMENS\u00d5ES TERAP\u00caUTICAS E SOCIAIS DE UMA PLANTA PROSCRITA. Ministrantes: Paulo Fraga (UFJF) e Rodrigo Pastor (UFOP).<\/p>\n<p>CI\u00caNCIAS DA COMUNICA\u00c7\u00c3O VS. DESINFODEMIA: ESTRAT\u00c9GIAS DE EDUCA\u00c7\u00c3O PARA AS M\u00cdDIAS. Ministrantes: Erivam Morais de Oliveira (ESPM), Guilherme Moreira Fernandes (UFRB) e Alet\u00e9ia Patr\u00edcia de Almeida Selonk (PUCRS).<\/p>\n<p>COMPREENDENDO O C\u00c9REBRO. Ministrantes: Sidarta Ribeiro (UFRN), Kerstin Schmidt (UFRN), Claudio Marcos Teixeira de Queiroz (UFRN) e Sergio Neuenschwander (UFRN).<\/p>\n<p>CORPO, CULTURA DE MOVIMENTO E JOGOS IND\u00cdGENAS NAS AULAS DE EDUCA\u00c7\u00c3O F\u00cdSICA. Ministrantes: Moaldecir Freire Domingos Junior (UFRN) e Camila Ursulla Batista Carlos (UFRN).<\/p>\n<p>CRIANDO EXPERIMENTOS PARA O ESTUDO DA LINGUAGEM. Ministrante: Jos\u00e9 Ferrari Neto (UFPB).<\/p>\n<p>DESENVOLVIMENTO E SUSTENTABILIDADE: UMA VIS\u00c3O ECON\u00d4MICO-ECOL\u00d3GICA. Ministrantes: Jos\u00e9 Luiz de Attayde (UFRN), Daniel Caixeta Andrade (UFU) e Maria Am\u00e9lia Rodrigues Enr\u00edquez (UFPA).<\/p>\n<p>DESENVOLVIMENTO EM UM MUNDO P\u00d3S-PAND\u00caMICO: INTEGRANDO AS VIS\u00d5ES DA ECONOMIA E ECOLOGIA. Ministrantes: Daniel Caixeta Andrade (UFU), Lucas Ferreira Lima (UNICAMP) e Beatriz Macchione Saes (UNIFESP).<\/p>\n<p>DIVULGA\u00c7\u00c3O CIENT\u00cdFICA: O DESAFIO DE INCLUIR DIFERENTES P\u00daBLICOS. Ministrantes: Di\u00e9len dos Reis Borges Almeida (UFU), B\u00e1rbara Bastos de Lima Duque (UFJF) e S\u00f4nia Miranda de Oliveira (Cefet-MG).<\/p>\n<p>ENSINO DE CI\u00caNCIAS COM BRINQUEDOS CIENT\u00cdFICOS DE BAIXO CUSTO. Ministrantes: Paulo Henrique Dias Menezes (UFJF) e Wagner da Cruz Seabra Eiras (IF Sudeste-MG).<\/p>\n<p>ESTUDO DE PLANTAS MEDICINAIS COM A\u00c7\u00c3O NO SISTEMA NERVOSO CENTRAL: PASSEANDO ENTRE A QU\u00cdMICA E A FARMACOLOGIA. Ministrantes: Silv\u00e2nia Maria Mendes Vasconcelos (UFC), Jackson Roberto Guedes Almeida (UNIVASF) e Luzia Kalyne Almeida Moreira Leal (UFC).<\/p>\n<p>FIGURA\u00c7\u00d5ES DA VIOL\u00caNCIA NA CONTEMPORANEIDADE. Ministrantes: C\u00e9sar Barreira (UFC), Jos\u00e9 Vicente Tavares dos Santos (UFRGS) e Michel Misse (UFRJ).<\/p>\n<p>FOTOGRAFIA E INTERDISCIPLINARIDADE: O DI\u00c1LOGO ENTRE CI\u00caNCIAS E ARTES DESDE OS PROCESSOS FOTOGR\u00c1FICOS EXPERIMENTAIS AT\u00c9 A FOTOGRAFIA DIGITAL. Ministrante: B\u00e1rbara L\u00facia de Almeida (UFJF).<\/p>\n<p>GRIOTAGENS: FORMA\u00c7\u00c3O DOCENTE AFROPERSPECTIVADA. Ministrante: Jussara Alves da Silva (UFJF).<\/p>\n<p>HIST\u00d3RIA ENSINADA SOB ATAQUES: POL\u00cdTICAS P\u00daBLICAS E COTIDIANO DO TRABALHO DOCENTE EM TEMPOS DE NEGACIONISMOS. Ministrantes: Sonia Regina Miranda (UFJF), Fabiana Rodrigues de Almeida (UFJF) e Felipe Dias de Oliveira Silva (UNICAMP).<\/p>\n<p>HORM\u00d4NIOS E COMPORTAMENTO. Ministrante: Maria Bernadete Cordeiro de Sousa (UFRN).<\/p>\n<p>INTRODU\u00c7\u00c3O \u00c0 PESQUISAS QUANTI-QUALITATIVA EM SA\u00daDE COLETIVA. Ministrantes: Waneska Alexandra Alves (UFJF), Lina Rodrigues Faria (UFSB) e Luciana Karen Calabria (UFU).<\/p>\n<p>INTRODU\u00c7\u00c3O AO MANEJO DE DADOS EM SA\u00daDE P\u00daBLICA. Ministrantes: Milena de Oliveira Sim\u00f5es (UFJF), Eulilian Dias de Freitas (UFJF) e Waneska Alexandra Alves (UFJF).<\/p>\n<p>LIBERDADE DE EXPRESS\u00c3O E DIREITO \u00c0 INFORMA\u00c7\u00c3O: LIMITES E TENSIONAMENTOS. Ministrantes: Jos\u00e9 Tarc\u00edsio da Silva Oliveira Filho (UFRR), Luiz Felipe Novais Falc\u00e3o (UFJF) e Simone Teixeira Martins (UFJF).<\/p>\n<p>L\u00cdNGUAS VIVAS: UMA INTRODU\u00c7\u00c3O AOS CONHECIMENTOS DAS L\u00cdNGUAS DOS POVOS ORIGIN\u00c1RIOS NO BRASIL. Ministrantes: Bruna Franchetto (UFRJ), Luciana R. Storto (USP) e Marcus Maia (UFRJ).<\/p>\n<p>METODOLOGIA E DIVULGA\u00c7\u00c3O CIENT\u00cdFICA. Ministrante: D\u00e9bora Peres Menezes (UFSC).<\/p>\n<p>METROLOGIA E DESENVOLVIMENTO SUSTENT\u00c1VEL, AGENDA 2030 ODS (ONU). Ministrante: Luciana e S\u00e1 Alves (INMETRO).<\/p>\n<p>MOVIMENTOS SOCIAIS POPULARES E EDUCA\u00c7\u00c3O DO CAMPO. Ministrantes: Dileno Dustan Lucas de Souza (UFJF), Guilherme Goretti Rodrigues (UFRRJ) e Simone da Silva Ribeiro (UFJF).<\/p>\n<p>O MUNDO DAS PART\u00cdCULAS ELEMENTARES. Ministrante: Farinaldo da Silva Queiroz (UFRN).<\/p>\n<p>O USO DOS EXPERIMENTOS MENTAIS COMO UMA POSS\u00cdVEL METODOLOGIA DE ENSINO PARA MATEM\u00c1TICA. Ministrante: Willian Jos\u00e9 da Cruz (UFJF).<\/p>\n<p>OFICINA DO SENTIR: UMA EXPERI\u00caNCIA PO\u00c9TICA DO MEU LUGAR CASA. Ministrantes: Sandrelena da Silva Monteiro (UFJF), Juliane Figueiredo Fonseca (UFJF) e M\u00f4nica Cristina Henriques Leite Olender (UFJF).<\/p>\n<p>PLASTINA\u00c7\u00c3O: ENSINO, PESQUISA E EXTENS\u00c3O. Ministrantes: Athelson Stefanon Bittencourt (UFES) e Yuri Favalessa Monteiro (UFES).<\/p>\n<p>RECURSOS E ESTRAT\u00c9GIAS PARA O ENSINO ONLINE E ATIVO DA QU\u00cdMICA. Ministrantes: Guilherme Andrade Marson (USP), Alfredo Luis Martins Lameir\u00e3o Mateus (UFMG) e M\u00e1rlon Herbert Flora Barbosa Soares (UFG).<\/p>\n<p>UMA UTOPIA PARA NOSSO TEMPO: TRANSUMANISMO E OUTRAS IDEIAS. Ministrantes: Renato Janine Ribeiro (SBPC\/USP) e Alexey Dodsworth Magnavita de Carvalho (USP).<\/p>\n<p>USO DE JOGOS DID\u00c1TICOS NO ENSINO DE PARASITOLOGIA. Ministrantes: Henrique Rocha de Medeiros (UFRN) e Lilian Giotto Zaros de Medeiros (UFRN).<\/p>\n<p>V\u00cdRUS GIGANTES: EXPANDIDO OS LIMITES DA VIROSFERA. Ministrantes: Rodrigo Ara\u00fajo Lima Rodrigues (UFOP e UFMG), Paulo Victor de Miranda Boratto (UFMG) e Vict\u00f3ria Fug\u00eancio Queiroz (UFMG).<\/p>\n<p><span style=\"color: #808080;\"><a style=\"color: #808080;\" href=\"http:\/\/www.jornaldaciencia.org.br\/\"><em>Jornal da Ci\u00eancia<\/em><\/a><\/span><\/p>\n","protected":false},"excerpt":{"rendered":"S\u00e3o 35 webminicursos de v\u00e1rias \u00e1reas do conhecimento, com direito a certificado&hellip;\n","protected":false},"author":19,"featured_media":3223,"comment_status":"open","ping_status":"open","sticky":false,"template":"","format":"standard","meta":[],"categories":[1,2],"tags":[],"acf":[],"_links":{"self":[{"href":"https:\/\/revistacienciaecultura.org.br\/index.php?rest_route=\/wp\/v2\/posts\/3222"}],"collection":[{"href":"https:\/\/revistacienciaecultura.org.br\/index.php?rest_route=\/wp\/v2\/posts"}],"about":[{"href":"https:\/\/revistacienciaecultura.org.br\/index.php?rest_route=\/wp\/v2\/types\/post"}],"author":[{"embeddable":true,"href":"https:\/\/revistacienciaecultura.org.br\/index.php?rest_route=\/wp\/v2\/users\/19"}],"replies":[{"embeddable":true,"href":"https:\/\/revistacienciaecultura.org.br\/index.php?rest_route=%2Fwp%2Fv2%2Fcomments&post=3222"}],"version-history":[{"count":1,"href":"https:\/\/revistacienciaecultura.org.br\/index.php?rest_route=\/wp\/v2\/posts\/3222\/revisions"}],"predecessor-version":[{"id":3224,"href":"https:\/\/revistacienciaecultura.org.br\/index.php?rest_route=\/wp\/v2\/posts\/3222\/revisions\/3224"}],"wp:featuredmedia":[{"embeddable":true,"href":"https:\/\/revistacienciaecultura.org.br\/index.php?rest_route=\/wp\/v2\/media\/3223"}],"wp:attachment":[{"href":"https:\/\/revistacienciaecultura.org.br\/index.php?rest_route=%2Fwp%2Fv2%2Fmedia&parent=3222"}],"wp:term":[{"taxonomy":"category","embeddable":true,"href":"https:\/\/revistacienciaecultura.org.br\/index.php?rest_route=%2Fwp%2Fv2%2Fcategories&post=3222"},{"taxonomy":"post_tag","embeddable":true,"href":"https:\/\/revistacienciaecultura.org.br\/index.php?rest_route=%2Fwp%2Fv2%2Ftags&post=3222"}],"curies":[{"name":"wp","href":"https:\/\/api.w.org\/{rel}","templated":true}]}}