{"id":3246,"date":"2022-09-23T11:40:32","date_gmt":"2022-09-23T11:40:32","guid":{"rendered":"https:\/\/revistacienciaecultura.org.br\/?p=3246"},"modified":"2022-09-23T11:40:32","modified_gmt":"2022-09-23T11:40:32","slug":"senado-lanca-consulta-publica-sobre-a-medida-provisoria-1136","status":"publish","type":"post","link":"https:\/\/revistacienciaecultura.org.br\/?p=3246","title":{"rendered":"Senado lan\u00e7a consulta p\u00fablica sobre a Medida Provis\u00f3ria 1136"},"content":{"rendered":"<h4 id=\"a-sbpc-tem-se-manifestado-em-diversas-frentes-contra-a-mp-anticiencia-que-pretende-subtrair-ao-menos-r-14-bilhoes-de-recursos-da-ciencia-nos-proximos-cinco-anos\"><span style=\"color: #808080;\">A SBPC tem se manifestado em diversas frentes contra a MP Antici\u00eancia, que pretende\u00a0subtrair ao menos R$ 14 bilh\u00f5es de recursos da ci\u00eancia nos pr\u00f3ximos cinco anos<\/span><\/h4>\n<p>&nbsp;<\/p>\n<p>O Senado Federal lan\u00e7ou consulta p\u00fablica sobre a Medida Provis\u00f3ria (MP) 1.1136, que altera a Lei n\u00ba 11.540, de 12 de novembro de 2007, que disp\u00f5e sobre o Fundo Nacional de Desenvolvimento Cient\u00edfico e Tecnol\u00f3gico (FNDCT), principal fonte de financiamento da ci\u00eancia, tecnologia e inova\u00e7\u00e3o no Brasil.<\/p>\n<p>A Sociedade Brasileira para o Progresso da Ci\u00eancia (SBPC) tem se manifestado em diversas frentes contra a MP 1136, que pretende\u00a0subtrair ao menos R$ 14 bilh\u00f5es de recursos da ci\u00eancia nos pr\u00f3ximos cinco anos. No come\u00e7o de setembro, a SBPC lan\u00e7ou uma campanha convidando a comunidade cient\u00edfica a se manifestar contra a medida. \u00a0O presidente da SBPC, Renato Janine Ribeiro, em seu v\u00eddeo divulgado no dia 2 de setembro, denunciou o risco de cortes em verbas essenciais para ci\u00eancia, tecnologia e inova\u00e7\u00e3o, protegidas por uma lei complementar. \u201c\u00c9 mais uma medida realizada pela Presid\u00eancia da Rep\u00fablica para anular ou suspender a execu\u00e7\u00e3o de leis aprovadas pelo Congresso\u201d, afirmou. \u201cO Congresso n\u00e3o pode aceitar, e a sociedade tem que repudiar\u201d, completou.<\/p>\n<p>No dia 12, a entidade divulgou a\u00a0<strong><span style=\"color: #800000;\"><a style=\"color: #800000;\" href=\"http:\/\/www.jornaldaciencia.org.br\/carta-ao-brasil-contra-a-destruicao-de-nosso-futuro\/\" target=\"_blank\" rel=\"noopener\">\u201cCarta ao Brasil contra a destrui\u00e7\u00e3o de nosso futuro\u201d<\/a><\/span><\/strong>, no qual denunciou que a MP \u00e9 um novo ataque do Governo Federal contra o desenvolvimento cient\u00edfico no Pa\u00eds: \u201cImobiliza\u00a0e atrasa o Brasil\u201d, disse a entidade.<\/p>\n<p>No mesmo dia, a\u00a0<strong><span style=\"color: #800000;\"><a style=\"color: #800000;\" href=\"http:\/\/www.jornaldaciencia.org.br\/sbpc-manifesta-apoio-a-acao-de-inconstitucionalidade-contra-mp-anticiencia\/\" target=\"_blank\" rel=\"noopener\">SBPC manifestou apoio \u00e0 A\u00e7\u00e3o de Inconstitucionalidade contra MP<\/a><\/span><\/strong>. \u201cA SBPC se soma \u00e0 iniciativa dos ilustres parlamentares, no sentido de solicitar ao Supremo Tribunal Federal que declare inaceit\u00e1vel, por inconstitucional, mais essa tentativa do Poder Executivo de ir contra os reais interesses do Brasil\u201d, declarou a entidade.<\/p>\n<p>Para votar\u00a0contra a MP acesse:\u00a0<strong><span style=\"color: #800000;\"><a style=\"color: #800000;\" href=\"https:\/\/www12.senado.leg.br\/ecidadania\/visualizacaomateria?id=154595\" target=\"_blank\" rel=\"noopener\">https:\/\/www12.senado.leg.br\/ecidadania\/visualizacaomateria?id=154595<\/a><\/span><\/strong><\/p>\n<p><span style=\"color: #808080;\"><a style=\"color: #808080;\" href=\"http:\/\/www.jornaldaciencia.org.br\"><em>Jornal da Ci\u00eancia<\/em><\/a><\/span><\/p>\n","protected":false},"excerpt":{"rendered":"A SBPC tem se manifestado em diversas frentes contra a MP Antici\u00eancia,&hellip;\n","protected":false},"author":19,"featured_media":3247,"comment_status":"open","ping_status":"open","sticky":false,"template":"","format":"standard","meta":[],"categories":[1,2],"tags":[],"acf":[],"_links":{"self":[{"href":"https:\/\/revistacienciaecultura.org.br\/index.php?rest_route=\/wp\/v2\/posts\/3246"}],"collection":[{"href":"https:\/\/revistacienciaecultura.org.br\/index.php?rest_route=\/wp\/v2\/posts"}],"about":[{"href":"https:\/\/revistacienciaecultura.org.br\/index.php?rest_route=\/wp\/v2\/types\/post"}],"author":[{"embeddable":true,"href":"https:\/\/revistacienciaecultura.org.br\/index.php?rest_route=\/wp\/v2\/users\/19"}],"replies":[{"embeddable":true,"href":"https:\/\/revistacienciaecultura.org.br\/index.php?rest_route=%2Fwp%2Fv2%2Fcomments&post=3246"}],"version-history":[{"count":1,"href":"https:\/\/revistacienciaecultura.org.br\/index.php?rest_route=\/wp\/v2\/posts\/3246\/revisions"}],"predecessor-version":[{"id":3248,"href":"https:\/\/revistacienciaecultura.org.br\/index.php?rest_route=\/wp\/v2\/posts\/3246\/revisions\/3248"}],"wp:featuredmedia":[{"embeddable":true,"href":"https:\/\/revistacienciaecultura.org.br\/index.php?rest_route=\/wp\/v2\/media\/3247"}],"wp:attachment":[{"href":"https:\/\/revistacienciaecultura.org.br\/index.php?rest_route=%2Fwp%2Fv2%2Fmedia&parent=3246"}],"wp:term":[{"taxonomy":"category","embeddable":true,"href":"https:\/\/revistacienciaecultura.org.br\/index.php?rest_route=%2Fwp%2Fv2%2Fcategories&post=3246"},{"taxonomy":"post_tag","embeddable":true,"href":"https:\/\/revistacienciaecultura.org.br\/index.php?rest_route=%2Fwp%2Fv2%2Ftags&post=3246"}],"curies":[{"name":"wp","href":"https:\/\/api.w.org\/{rel}","templated":true}]}}