{"id":3249,"date":"2022-09-27T10:51:20","date_gmt":"2022-09-27T10:51:20","guid":{"rendered":"https:\/\/revistacienciaecultura.org.br\/?p=3249"},"modified":"2022-09-27T10:51:20","modified_gmt":"2022-09-27T10:51:20","slug":"com-proximidade-de-eleicoes-sbpc-alerta-para-voto-consciente","status":"publish","type":"post","link":"https:\/\/revistacienciaecultura.org.br\/?p=3249","title":{"rendered":"Com proximidade de elei\u00e7\u00f5es, SBPC alerta para voto consciente"},"content":{"rendered":"<h4 id=\"a-sbpc-nao-pode-e-nao-vai-fazer-campanha-politica-mas-pode-e-deve-pedir-a-todos-os-cidadaos-que-confiram-o-que-cada-candidatoa-fez-ou-promete-fazer-pela-educacao-ciencia-saude-meio-ambiente-cul\"><span style=\"color: #808080;\">A SBPC n\u00e3o pode e n\u00e3o vai fazer campanha pol\u00edtica. Mas pode e deve pedir a todos os cidad\u00e3os que confiram o que cada candidato(a) fez ou promete fazer pela educa\u00e7\u00e3o, ci\u00eancia, sa\u00fade, meio ambiente, cultura e democracia a partir do pr\u00f3ximo ano, diz Renato Janine Ribeiro, presidente da\u00a0entidade<\/span><\/h4>\n<p>&nbsp;<\/p>\n<p>A Sociedade Brasileira para o Progresso da Ci\u00eancia (SBPC) lan\u00e7ou um alerta pelo voto consciente nas elei\u00e7\u00f5es que acontecem no pr\u00f3ximo domingo, 2 de outubro. Em uma s\u00e9rie de v\u00eddeos postados nas redes sociais, membros da Diretoria da entidade falam da import\u00e2ncia das pessoas se informarem e refletirem sobre quais candidatos oferecem propostas para um Pa\u00eds que respeita a democracia, que valoriza a Educa\u00e7\u00e3o, a diversidade cultural, \u00e9tnica, religiosa, a integridade e o Meio Ambiente, e que apoia o conhecimento cient\u00edfico como forma de superar os imensos desafios sociais e econ\u00f4micos que o Brasil tem pela frente.<\/p>\n<p>Conforme rege seu Estatuto, \u201c\u00e9 vedada \u00e0 SBPC a participa\u00e7\u00e3o direta em campanhas de interesse pol\u00edtico-partid\u00e1rio ou eleitorais, sob quaisquer meios ou formas\u201d, ou seja, a SBPC n\u00e3o \u00e9 nem deve ou pode ser partid\u00e1ria. Por estas raz\u00f5es, a SBPC n\u00e3o toma posi\u00e7\u00e3o em favor de candidaturas ou de partidos.<\/p>\n<p>No entanto, a SBPC pode e deve, em per\u00edodo eleitoral ou fora dele, informar a opini\u00e3o p\u00fablica sobre as necessidades principais da sociedade brasileira para o desenvolvimento justo e sustent\u00e1vel do Pa\u00eds.<\/p>\n<p>\u00c9 este o objetivo desta campanha, lan\u00e7ada a poucos dias das elei\u00e7\u00f5es: sem nomes de candidatos, ou partidos, a entidade alerta para a import\u00e2ncia deste pleito.<\/p>\n<p>No primeiro v\u00eddeo da s\u00e9rie, o presidente da SBPC, Renato Janine Ribeiro, conclama todos a olharem com muita aten\u00e7\u00e3o, na hora de escolher em quem votar, quais s\u00e3o as posi\u00e7\u00f5es e propostas de cada concorrente, tanto ao Executivo, quanto ao Legislativo, para educa\u00e7\u00e3o, ci\u00eancia, sa\u00fade, meio ambiente, cultura e democracia.<\/p>\n<p>\u201cPensem bem e escolham bem seus candidatos, porque est\u00e1 em nossas m\u00e3os o futuro do Pa\u00eds no dia da elei\u00e7\u00e3o. Votem com aten\u00e7\u00e3o\u201d, diz.<\/p>\n<p><span style=\"color: #800000;\"><strong><a style=\"color: #800000;\" href=\"https:\/\/www.instagram.com\/p\/Ci3Uio9pACF\/\" target=\"_blank\" rel=\"noopener\">Assista ao v\u00eddeo na \u00edntegra neste link<\/a>.<\/strong><\/span><\/p>\n<p><span style=\"color: #808080;\"><a style=\"color: #808080;\" href=\"http:\/\/www.jornaldaciencia.org.br\/\"><em>Jornal da Ci\u00eancia<\/em><\/a><\/span><\/p>\n","protected":false},"excerpt":{"rendered":"A SBPC n\u00e3o pode e n\u00e3o vai fazer campanha pol\u00edtica. Mas pode&hellip;\n","protected":false},"author":19,"featured_media":3087,"comment_status":"open","ping_status":"open","sticky":false,"template":"","format":"standard","meta":[],"categories":[1,2],"tags":[],"acf":[],"_links":{"self":[{"href":"https:\/\/revistacienciaecultura.org.br\/index.php?rest_route=\/wp\/v2\/posts\/3249"}],"collection":[{"href":"https:\/\/revistacienciaecultura.org.br\/index.php?rest_route=\/wp\/v2\/posts"}],"about":[{"href":"https:\/\/revistacienciaecultura.org.br\/index.php?rest_route=\/wp\/v2\/types\/post"}],"author":[{"embeddable":true,"href":"https:\/\/revistacienciaecultura.org.br\/index.php?rest_route=\/wp\/v2\/users\/19"}],"replies":[{"embeddable":true,"href":"https:\/\/revistacienciaecultura.org.br\/index.php?rest_route=%2Fwp%2Fv2%2Fcomments&post=3249"}],"version-history":[{"count":1,"href":"https:\/\/revistacienciaecultura.org.br\/index.php?rest_route=\/wp\/v2\/posts\/3249\/revisions"}],"predecessor-version":[{"id":3250,"href":"https:\/\/revistacienciaecultura.org.br\/index.php?rest_route=\/wp\/v2\/posts\/3249\/revisions\/3250"}],"wp:featuredmedia":[{"embeddable":true,"href":"https:\/\/revistacienciaecultura.org.br\/index.php?rest_route=\/wp\/v2\/media\/3087"}],"wp:attachment":[{"href":"https:\/\/revistacienciaecultura.org.br\/index.php?rest_route=%2Fwp%2Fv2%2Fmedia&parent=3249"}],"wp:term":[{"taxonomy":"category","embeddable":true,"href":"https:\/\/revistacienciaecultura.org.br\/index.php?rest_route=%2Fwp%2Fv2%2Fcategories&post=3249"},{"taxonomy":"post_tag","embeddable":true,"href":"https:\/\/revistacienciaecultura.org.br\/index.php?rest_route=%2Fwp%2Fv2%2Ftags&post=3249"}],"curies":[{"name":"wp","href":"https:\/\/api.w.org\/{rel}","templated":true}]}}