{"id":3254,"date":"2022-09-29T11:39:18","date_gmt":"2022-09-29T11:39:18","guid":{"rendered":"https:\/\/revistacienciaecultura.org.br\/?p=3254"},"modified":"2022-09-29T11:39:18","modified_gmt":"2022-09-29T11:39:18","slug":"impactos-indiretos-da-mineracao-aumentam-extensao-do-desmatamento","status":"publish","type":"post","link":"https:\/\/revistacienciaecultura.org.br\/?p=3254","title":{"rendered":"Impactos indiretos da minera\u00e7\u00e3o aumentam extens\u00e3o do desmatamento"},"content":{"rendered":"<h4 id=\"brasil-responde-por-10-da-perda-direta-de-florestas-tropicais-relacionada-a-mineracao-causada-principalmente-pela-extracao-de-minerio-de-ferro-e-ouro\"><span style=\"color: #808080;\">Brasil responde por 10% da perda direta de florestas tropicais relacionada \u00e0 minera\u00e7\u00e3o, causada principalmente pela extra\u00e7\u00e3o de min\u00e9rio de ferro e ouro<\/span><\/h4>\n<p>&nbsp;<\/p>\n<p>O desmatamento causado pela minera\u00e7\u00e3o ocorre muito al\u00e9m dos limites da \u00e1rea de concess\u00e3o, e a extens\u00e3o total dos impactos ambientais \u00e9 subestimada e pouco considerada, alerta <strong><span style=\"color: #800000;\"><a style=\"color: #800000;\" href=\"https:\/\/www.pnas.org\/doi\/10.1073\/pnas.2118273119\">artigo<\/a> <\/span><\/strong>publicado na revista <a href=\"https:\/\/www.googleadservices.com\/pagead\/aclk?sa=L&amp;ai=DChcSEwjGvqKF8Ln6AhW6h1oFHdqDB4AYABAAGgJ2dQ&amp;ohost=www.google.com&amp;cid=CAESa-D2SorFK3izw7-RbZfwCn9W5GqGjhxgPD9RJkc5bEv4ShK5Oem9svfk6ogsgIEZXDMgoBnLuBySs1Ub9JUSWnjLrcXioYC_pY79u_cfR_cENMkx-17H1v9EvUoNqoF-U0dBTRReHyxfRQnM&amp;sig=AOD64_0n0SkeQdswa0B3EAZKPcTgKX_DgA&amp;q&amp;adurl&amp;ved=2ahUKEwj0zJiF8Ln6AhX6qpUCHX3HBO4Q0Qx6BAgEEAE\"><strong><span style=\"color: #800000;\">PNAS<\/span><\/strong><\/a>.<\/p>\n<p>Segundo o estudo, 3.264 km<sup>2<\/sup> de floresta tropical foram perdidos diretamente devido \u00e0 minera\u00e7\u00e3o industrial, e 80% da perda ocorreu em apenas quatro pa\u00edses, dois deles latino-americanos: Indon\u00e9sia, Brasil, Gana e Suriname.<\/p>\n<p>A Indon\u00e9sia sozinha foi respons\u00e1vel por 58% do desmatamento tropical causado diretamente pela atividade (1.901 km<sup>2<\/sup>), especialmente devido \u00e0 minera\u00e7\u00e3o de carv\u00e3o. O Brasil responde por 10% da perda direta de florestas tropicais relacionadas ao setor (327 km<sup>2<\/sup>), causada principalmente pela extra\u00e7\u00e3o de min\u00e9rio de ferro e ouro. Enquanto isso, a minera\u00e7\u00e3o de bauxita e ouro impulsionaram o desmatamento em Gana e Suriname, que est\u00e3o respectivamente em terceiro e quarto lugar no ranking do novo estudo.<\/p>\n<p>Al\u00e9m da perda florestal direta, que ocorreu na \u00e1rea autorizada para atividade industrial, os pesquisadores tamb\u00e9m analisaram o desmatamento fora dos locais designados, principalmente induzidos pela infraestrutura de acesso. Desta forma, constataram que em 18 dos 26 pa\u00edses investigados h\u00e1 maior desmatamento pr\u00f3ximo \u00e0s minas. Portanto, os especialistas estimam que para cada metro de expans\u00e3o da mina haver\u00e1 quil\u00f4metros de perda adicional de floresta.<\/p>\n<p>O estudo relata que as maiores taxas de desmatamento foram observadas entre 2010 e 2014, impulsionadas por fatores como aumento da demanda e m\u00e1 governan\u00e7a. No Brasil, de acordo com o estudo, as perdas florestais devido \u00e0 minera\u00e7\u00e3o diminu\u00edram a partir de 2014, devido \u00e0 queda dos pre\u00e7os mundiais das mat\u00e9rias-primas e \u00e0 crise econ\u00f4mica do pa\u00eds. No entanto, as atuais tentativas de flexibilizar a minera\u00e7\u00e3o s\u00e3o motivo de preocupa\u00e7\u00e3o. O relat\u00f3rio anual do projeto <strong><span style=\"color: #800000;\"><a style=\"color: #800000;\" href=\"https:\/\/mapbiomas.org\/\">Mapbiomas<\/a><\/span><\/strong> aponta para um aumento de 20% no desmatamento, principalmente nas \u00e1reas de minera\u00e7\u00e3o. \u00c9 importante ressaltar que o estudo publicado na PNAS n\u00e3o incluiu a minera\u00e7\u00e3o ilegal.<\/p>\n<p><span style=\"color: #808080;\"><em>Com informa\u00e7\u00f5es de <a style=\"color: #808080;\" href=\"https:\/\/www.scidev.net\/\">SciDev.Net<\/a><\/em><\/span><\/p>\n<p>&nbsp;<\/p>\n<h6 id=\"capa-shane-mclendon-unplash-com\">Capa: <span style=\"color: #800000;\"><a class=\"N2odk RZQOk Vk1a0 AsGGe pgmwB KHq0c\" style=\"color: #800000;\" href=\"https:\/\/unsplash.com\/@kctinman\">Shane McLendon<\/a> <\/span>|<span style=\"color: #800000;\"> <a style=\"color: #800000;\" href=\"https:\/\/unsplash.com\/\">Unplash.com<\/a><\/span><\/h6>\n","protected":false},"excerpt":{"rendered":"Brasil responde por 10% da perda direta de florestas tropicais relacionada \u00e0&hellip;\n","protected":false},"author":19,"featured_media":3255,"comment_status":"open","ping_status":"open","sticky":false,"template":"","format":"standard","meta":[],"categories":[1,2],"tags":[],"acf":[],"_links":{"self":[{"href":"https:\/\/revistacienciaecultura.org.br\/index.php?rest_route=\/wp\/v2\/posts\/3254"}],"collection":[{"href":"https:\/\/revistacienciaecultura.org.br\/index.php?rest_route=\/wp\/v2\/posts"}],"about":[{"href":"https:\/\/revistacienciaecultura.org.br\/index.php?rest_route=\/wp\/v2\/types\/post"}],"author":[{"embeddable":true,"href":"https:\/\/revistacienciaecultura.org.br\/index.php?rest_route=\/wp\/v2\/users\/19"}],"replies":[{"embeddable":true,"href":"https:\/\/revistacienciaecultura.org.br\/index.php?rest_route=%2Fwp%2Fv2%2Fcomments&post=3254"}],"version-history":[{"count":1,"href":"https:\/\/revistacienciaecultura.org.br\/index.php?rest_route=\/wp\/v2\/posts\/3254\/revisions"}],"predecessor-version":[{"id":3256,"href":"https:\/\/revistacienciaecultura.org.br\/index.php?rest_route=\/wp\/v2\/posts\/3254\/revisions\/3256"}],"wp:featuredmedia":[{"embeddable":true,"href":"https:\/\/revistacienciaecultura.org.br\/index.php?rest_route=\/wp\/v2\/media\/3255"}],"wp:attachment":[{"href":"https:\/\/revistacienciaecultura.org.br\/index.php?rest_route=%2Fwp%2Fv2%2Fmedia&parent=3254"}],"wp:term":[{"taxonomy":"category","embeddable":true,"href":"https:\/\/revistacienciaecultura.org.br\/index.php?rest_route=%2Fwp%2Fv2%2Fcategories&post=3254"},{"taxonomy":"post_tag","embeddable":true,"href":"https:\/\/revistacienciaecultura.org.br\/index.php?rest_route=%2Fwp%2Fv2%2Ftags&post=3254"}],"curies":[{"name":"wp","href":"https:\/\/api.w.org\/{rel}","templated":true}]}}