{"id":3257,"date":"2022-09-29T12:49:47","date_gmt":"2022-09-29T12:49:47","guid":{"rendered":"https:\/\/revistacienciaecultura.org.br\/?p=3257"},"modified":"2022-09-29T12:49:47","modified_gmt":"2022-09-29T12:49:47","slug":"astronomia-indigena-no-brasil-antes-e-depois-da-independencia","status":"publish","type":"post","link":"https:\/\/revistacienciaecultura.org.br\/?p=3257","title":{"rendered":"Astronomia Ind\u00edgena no Brasil: Antes e depois da independ\u00eancia"},"content":{"rendered":"<h4 id=\"area-ainda-e-recente-no-pais-mas-apresenta-um-campo-vasto-a-ser-pesquisado\"><span style=\"color: #808080;\">\u00c1rea ainda \u00e9 recente no pa\u00eds, mas apresenta um campo vasto a ser pesquisado <\/span><\/h4>\n<p>&nbsp;<\/p>\n<p>Relatos dos primeiros contatos com os ind\u00edgenas brasileiros revelam conhecimentos surpreendentes sobre a astronomia e sobre como as diversas etnias brasileiras interpretavam as constela\u00e7\u00f5es, numa rela\u00e7\u00e3o de continuidade entre c\u00e9u e terra, ligada sempre ao dia a dia das comunidades.<\/p>\n<p>\u201cN\u00e3o existe um s\u00f3 sistema ind\u00edgena. Cada grupo, cada cultura, tem um modo de ver e recortar o c\u00e9u, ent\u00e3o produz astronomias diferentes\u201d, afirma o pesquisador Luiz Carlos Borges, do <span style=\"color: #800000;\"><strong><a style=\"color: #800000;\" href=\"https:\/\/www.gov.br\/mast\/pt-br\">Museu de Astronomia e Ci\u00eancias Afins<\/a><\/strong> <\/span>(MAST), em depoimento para v\u00eddeo da <span style=\"color: #800000;\"><strong><a style=\"color: #800000;\" href=\"https:\/\/revistacienciaecultura.org.br\/\">Ci\u00eancia &amp; Cultura<\/a><\/strong><\/span>.<\/p>\n<p>A Astronomia Ind\u00edgena \u00e9 uma \u00e1rea do conhecimento multidisciplinar que ainda \u00e9 recente no Brasil, mas que apresenta um campo vasto a ser pesquisado. \u201cO c\u00e9u \u00e9 uma fonte realmente muito rica de estudos culturais\u201d, diz Fl\u00e1via Pedroza Lima, astr\u00f4noma da <span style=\"color: #800000;\"><strong><a style=\"color: #800000;\" href=\"https:\/\/planeta.rio\/\">Funda\u00e7\u00e3o Planet\u00e1rio da Cidade do Rio de Janeiro<\/a><\/strong>.<\/span><\/p>\n<p>\u201cNo Brasil temos essa quantidade imensa de povos ind\u00edgenas, cada povo com seus pr\u00f3prios saberes, suas pr\u00f3prias constela\u00e7\u00f5es, seus pr\u00f3prios mitos sobre o c\u00e9u, que \u00e9 riqu\u00edssimo, e a gente desconhece, infelizmente\u201d, diz Lima, que v\u00ea com otimismo o aumento do n\u00famero de ind\u00edgenas nas universidades. \u201cQuanto mais a gente tiver ind\u00edgenas jovens entrando na universidade, mais estes estudos v\u00e3o florescer e deslanchar.\u201d<\/p>\n<p>Para a antrop\u00f3loga Priscila Faulhaber Barbosa, do Museu de Astronomia e Ci\u00eancias Afins (MAST), \u201ccabe a n\u00f3s a busca do di\u00e1logo com estes outros, numa perspectiva \u00e9tica e compreensiva de se considerar o que eles est\u00e3o dizendo, escutar o que eles est\u00e3o dizendo. Isso vai transformar a nossa maneira de pensar\u201d, conclui a pesquisadora.<\/p>\n<p>Assista ao v\u00eddeo completo aqui:<\/p>\n<p><iframe loading=\"lazy\" title=\"Astronomia Ind\u00edgena\" width=\"1200\" height=\"675\" src=\"https:\/\/www.youtube.com\/embed\/2I4FpAJPOGs?feature=oembed\" frameborder=\"0\" allow=\"accelerometer; autoplay; clipboard-write; encrypted-media; gyroscope; picture-in-picture\" allowfullscreen><\/iframe><\/p>\n","protected":false},"excerpt":{"rendered":"\u00c1rea ainda \u00e9 recente no pa\u00eds, mas apresenta um campo vasto a&hellip;\n","protected":false},"author":19,"featured_media":3258,"comment_status":"open","ping_status":"open","sticky":false,"template":"","format":"standard","meta":[],"categories":[5],"tags":[],"acf":[],"_links":{"self":[{"href":"https:\/\/revistacienciaecultura.org.br\/index.php?rest_route=\/wp\/v2\/posts\/3257"}],"collection":[{"href":"https:\/\/revistacienciaecultura.org.br\/index.php?rest_route=\/wp\/v2\/posts"}],"about":[{"href":"https:\/\/revistacienciaecultura.org.br\/index.php?rest_route=\/wp\/v2\/types\/post"}],"author":[{"embeddable":true,"href":"https:\/\/revistacienciaecultura.org.br\/index.php?rest_route=\/wp\/v2\/users\/19"}],"replies":[{"embeddable":true,"href":"https:\/\/revistacienciaecultura.org.br\/index.php?rest_route=%2Fwp%2Fv2%2Fcomments&post=3257"}],"version-history":[{"count":1,"href":"https:\/\/revistacienciaecultura.org.br\/index.php?rest_route=\/wp\/v2\/posts\/3257\/revisions"}],"predecessor-version":[{"id":3259,"href":"https:\/\/revistacienciaecultura.org.br\/index.php?rest_route=\/wp\/v2\/posts\/3257\/revisions\/3259"}],"wp:featuredmedia":[{"embeddable":true,"href":"https:\/\/revistacienciaecultura.org.br\/index.php?rest_route=\/wp\/v2\/media\/3258"}],"wp:attachment":[{"href":"https:\/\/revistacienciaecultura.org.br\/index.php?rest_route=%2Fwp%2Fv2%2Fmedia&parent=3257"}],"wp:term":[{"taxonomy":"category","embeddable":true,"href":"https:\/\/revistacienciaecultura.org.br\/index.php?rest_route=%2Fwp%2Fv2%2Fcategories&post=3257"},{"taxonomy":"post_tag","embeddable":true,"href":"https:\/\/revistacienciaecultura.org.br\/index.php?rest_route=%2Fwp%2Fv2%2Ftags&post=3257"}],"curies":[{"name":"wp","href":"https:\/\/api.w.org\/{rel}","templated":true}]}}