{"id":3260,"date":"2022-10-04T11:58:11","date_gmt":"2022-10-04T11:58:11","guid":{"rendered":"https:\/\/revistacienciaecultura.org.br\/?p=3260"},"modified":"2022-10-04T11:58:11","modified_gmt":"2022-10-04T11:58:11","slug":"cobertura-vacinal-baixa-nas-americas-provoca-preocupacao-com-virus-da-polio","status":"publish","type":"post","link":"https:\/\/revistacienciaecultura.org.br\/?p=3260","title":{"rendered":"Cobertura vacinal baixa nas Am\u00e9ricas provoca preocupa\u00e7\u00e3o com v\u00edrus da p\u00f3lio"},"content":{"rendered":"<h4 id=\"ao-menos-12-paises-da-regiao-enfrentam-risco-muito-elevado-ou-alto-de-eclosao-de-um-surto-da-doenca\"><span style=\"color: #808080;\">Ao menos 12 pa\u00edses da regi\u00e3o enfrentam risco muito elevado ou alto de eclos\u00e3o de um surto da doen\u00e7a.<\/span><\/h4>\n<p>&nbsp;<\/p>\n<p>A queda a 80% dos n\u00edveis de vacina\u00e7\u00e3o e vigil\u00e2ncia da poliomielite e a recente confirma\u00e7\u00e3o da circula\u00e7\u00e3o do poliov\u00edrus em Nova Iorque (EUA) levou a Organiza\u00e7\u00e3o Pan-Americana da Sa\u00fade (Opas) a priorizar planos para mitigar a poliomielite nas Am\u00e9ricas. O an\u00fancio foi feito durante a 30\u00aa Confer\u00eancia Sanit\u00e1ria Pan-Americana, conclu\u00edda na semana passada, em Washington.<\/p>\n<p>Durante o evento, foi feita uma resolu\u00e7\u00e3o que tamb\u00e9m prev\u00ea medidas para aumentar a vacina\u00e7\u00e3o e a vigil\u00e2ncia, al\u00e9m de assegurar uma prepara\u00e7\u00e3o adequada para um poss\u00edvel surto nas Am\u00e9ricas.\u00a0Outro ponto da resolu\u00e7\u00e3o \u00e9 o pedido de maior envolvimento da sociedade civil, l\u00edderes comunit\u00e1rios, ONGs, setor privado, institui\u00e7\u00f5es acad\u00eamicas e outras partes interessadas em medidas para avan\u00e7ar e atuar de forma coordenada para que a regi\u00e3o esteja livre da p\u00f3lio. A Opas incentiva ainda a coopera\u00e7\u00e3o t\u00e9cnica e parcerias entre pa\u00edses para o desenvolvimento, a implementa\u00e7\u00e3o, o monitoramento, a mitiga\u00e7\u00e3o de riscos e os planos de prepara\u00e7\u00e3o da poliomielite.<\/p>\n<h3 id=\"vacinacao\"><strong>Vacina\u00e7\u00e3o<\/strong><\/h3>\n<p>Pelo menos 12 na\u00e7\u00f5es da regi\u00e3o correm risco muito elevado ou alto de um surto da doen\u00e7a, que pode ser totalmente prevenida com vacinas. O perigo \u00e9 que o problema se espalhe rapidamente entre comunidades com cobertura vacinal insuficiente. A taxa necess\u00e1ria para prevenir o retorno do v\u00edrus \u00e9 de 95%.<\/p>\n<p>Antes do alerta de circula\u00e7\u00e3o da poliomielite derivada da vacina, emitido em agosto pelos Estados Unidos, a Opas alertou a regi\u00e3o a ser vigilante e a tomar medidas para alcan\u00e7ar de forma proativa as popula\u00e7\u00f5es n\u00e3o vacinadas. O aviso tamb\u00e9m advertiu sobre a necessidade de aumentar a vigil\u00e2ncia da paralisia facial aguda, que indica a circula\u00e7\u00e3o da poliomielite.<\/p>\n<p><em><span style=\"color: #808080;\">Com informa\u00e7\u00f5es da <a style=\"color: #808080;\" href=\"http:\/\/onunews.org\">ONU News<\/a><\/span><\/em><\/p>\n<p>&nbsp;<\/p>\n<h6 id=\"capa-cdc-unsplash-com\">Capa: CDC | <a href=\"http:\/\/unsplash.com\">Unsplash.com<\/a><\/h6>\n","protected":false},"excerpt":{"rendered":"Ao menos 12 pa\u00edses da regi\u00e3o enfrentam risco muito elevado ou alto&hellip;\n","protected":false},"author":19,"featured_media":3261,"comment_status":"open","ping_status":"open","sticky":false,"template":"","format":"standard","meta":[],"categories":[1,2],"tags":[],"acf":[],"_links":{"self":[{"href":"https:\/\/revistacienciaecultura.org.br\/index.php?rest_route=\/wp\/v2\/posts\/3260"}],"collection":[{"href":"https:\/\/revistacienciaecultura.org.br\/index.php?rest_route=\/wp\/v2\/posts"}],"about":[{"href":"https:\/\/revistacienciaecultura.org.br\/index.php?rest_route=\/wp\/v2\/types\/post"}],"author":[{"embeddable":true,"href":"https:\/\/revistacienciaecultura.org.br\/index.php?rest_route=\/wp\/v2\/users\/19"}],"replies":[{"embeddable":true,"href":"https:\/\/revistacienciaecultura.org.br\/index.php?rest_route=%2Fwp%2Fv2%2Fcomments&post=3260"}],"version-history":[{"count":1,"href":"https:\/\/revistacienciaecultura.org.br\/index.php?rest_route=\/wp\/v2\/posts\/3260\/revisions"}],"predecessor-version":[{"id":3262,"href":"https:\/\/revistacienciaecultura.org.br\/index.php?rest_route=\/wp\/v2\/posts\/3260\/revisions\/3262"}],"wp:featuredmedia":[{"embeddable":true,"href":"https:\/\/revistacienciaecultura.org.br\/index.php?rest_route=\/wp\/v2\/media\/3261"}],"wp:attachment":[{"href":"https:\/\/revistacienciaecultura.org.br\/index.php?rest_route=%2Fwp%2Fv2%2Fmedia&parent=3260"}],"wp:term":[{"taxonomy":"category","embeddable":true,"href":"https:\/\/revistacienciaecultura.org.br\/index.php?rest_route=%2Fwp%2Fv2%2Fcategories&post=3260"},{"taxonomy":"post_tag","embeddable":true,"href":"https:\/\/revistacienciaecultura.org.br\/index.php?rest_route=%2Fwp%2Fv2%2Ftags&post=3260"}],"curies":[{"name":"wp","href":"https:\/\/api.w.org\/{rel}","templated":true}]}}