{"id":3285,"date":"2022-10-11T07:30:06","date_gmt":"2022-10-11T07:30:06","guid":{"rendered":"https:\/\/revistacienciaecultura.org.br\/?p=3285"},"modified":"2022-10-11T10:36:28","modified_gmt":"2022-10-11T10:36:28","slug":"historias-da-ciencia-no-brasil","status":"publish","type":"post","link":"https:\/\/revistacienciaecultura.org.br\/?p=3285","title":{"rendered":"Hist\u00f3rias da ci\u00eancia no Brasil"},"content":{"rendered":"<h4 id=\"um-seculo-atras-cientistas-criaram-a-primeira-radio-brasileira-voltada-para-a-educacao-a-cultura-e-a-ciencia\"><span style=\"color: #808080;\">Um s\u00e9culo atr\u00e1s, cientistas criaram a primeira r\u00e1dio brasileira voltada para a educa\u00e7\u00e3o, a cultura e a ci\u00eancia<\/span><\/h4>\n<p>&nbsp;<\/p>\n<p>Em 23 de abril de 1923 nasceu a R\u00e1dio Sociedade do Rio de Janeiro (hoje <strong><span style=\"color: #800000;\"><a style=\"color: #800000;\" href=\"https:\/\/radiomec.ebc.com.br\/\">R\u00e1dio MEC<\/a><\/span><\/strong>), r\u00e1dio pioneira no Brasil (Figura 1). N\u00e3o foi uma a\u00e7\u00e3o de governo. Foi criada por um movimento de cientistas e intelectuais, articulado pela <strong><span style=\"color: #800000;\"><a style=\"color: #800000;\" href=\"https:\/\/www.googleadservices.com\/pagead\/aclk?sa=L&amp;ai=DChcSEwj2ufWp19X6AhWuQUgAHfXDAEwYABAAGgJjZQ&amp;ohost=www.google.com&amp;cid=CAESa-D2jxkTKQ2wDL1YYiQ7tr2jrsQC2N19N1V8RBOogLOtPts_M5PJrd9Eg0JiP04rdNPotkH1Es03X7dPd3nrScAdj3SvmXgkD3wqhs5VDGBLggymRbet87B6iY3V67uWeDG2NSyAp1hCtjFh&amp;sig=AOD64_2EZLN0c4ZSHLeWsgj2NBD4pRxl6w&amp;q&amp;adurl&amp;ved=2ahUKEwjIouyp19X6AhUbDrkGHVW9DyQQ0Qx6BAgJEAE\">Academia Brasileira de Ci\u00eancias<\/a> <\/span><\/strong>(ABC). A R\u00e1dio Sociedade (RS) tinha como objetivo educar e divulgar a ci\u00eancia, a arte e a cultura.<\/p>\n<p><img loading=\"lazy\" class=\"aligncenter wp-image-3293\" src=\"https:\/\/revistacienciaecultura.org.br\/wp-content\/uploads\/2022\/10\/Captura-de-Tela-2022-10-10-a\u0300s-09.45.02-300x221.png\" alt=\"\" width=\"500\" height=\"368\" srcset=\"https:\/\/revistacienciaecultura.org.br\/wp-content\/uploads\/2022\/10\/Captura-de-Tela-2022-10-10-a\u0300s-09.45.02-300x221.png 300w, https:\/\/revistacienciaecultura.org.br\/wp-content\/uploads\/2022\/10\/Captura-de-Tela-2022-10-10-a\u0300s-09.45.02-16x12.png 16w, https:\/\/revistacienciaecultura.org.br\/wp-content\/uploads\/2022\/10\/Captura-de-Tela-2022-10-10-a\u0300s-09.45.02.png 412w\" sizes=\"(max-width: 500px) 100vw, 500px\" \/><\/p>\n<h6 id=\"figura-1-instalacao-da-radio-sociedade-no-rio-de-janeiroreproducao\" style=\"text-align: center;\"><strong>Figura 1. Instala\u00e7\u00e3o da R\u00e1dio Sociedade no Rio de Janeiro<\/strong><br \/>\n(Reprodu\u00e7\u00e3o)<\/h6>\n<p>&nbsp;<\/p>\n<p>Seu primeiro presidente foi Henrique Morize e o secret\u00e1rio-geral era Edgard Roquette-Pinto, ambos na dire\u00e7\u00e3o da ABC (Figura 2).<\/p>\n<p><img loading=\"lazy\" class=\"aligncenter wp-image-3292\" src=\"https:\/\/revistacienciaecultura.org.br\/wp-content\/uploads\/2022\/10\/Captura-de-Tela-2022-10-10-a\u0300s-09.45.10-300x212.png\" alt=\"\" width=\"500\" height=\"353\" srcset=\"https:\/\/revistacienciaecultura.org.br\/wp-content\/uploads\/2022\/10\/Captura-de-Tela-2022-10-10-a\u0300s-09.45.10-300x212.png 300w, https:\/\/revistacienciaecultura.org.br\/wp-content\/uploads\/2022\/10\/Captura-de-Tela-2022-10-10-a\u0300s-09.45.10-18x12.png 18w, https:\/\/revistacienciaecultura.org.br\/wp-content\/uploads\/2022\/10\/Captura-de-Tela-2022-10-10-a\u0300s-09.45.10.png 423w\" sizes=\"(max-width: 500px) 100vw, 500px\" \/><\/p>\n<h6 id=\"figura-2-diretores-e-alguns-socios-da-rsreproducao\" style=\"text-align: center;\"><strong>Figura 2. Diretores e alguns s\u00f3cios da RS<\/strong><br \/>\n(Reprodu\u00e7\u00e3o)<\/h6>\n<p>&nbsp;<\/p>\n<p>A r\u00e1dio foi criada nas salas da Escola Polit\u00e9cnica (atual pr\u00e9dio do <span style=\"color: #800000;\"><strong><u>Instituto de Filosofia e Ci\u00eancias Sociais <\/u><\/strong><\/span>&#8211; IFCS) e transferida, pouco depois, para o Pavilh\u00e3o Tcheco na Avenida das Na\u00e7\u00f5es, que havia sido cedido \u00e0 ABC (Figura 3).<\/p>\n<p><img loading=\"lazy\" class=\"aligncenter wp-image-3291\" src=\"https:\/\/revistacienciaecultura.org.br\/wp-content\/uploads\/2022\/10\/Captura-de-Tela-2022-10-10-a\u0300s-09.45.18-203x300.png\" alt=\"\" width=\"338\" height=\"500\" srcset=\"https:\/\/revistacienciaecultura.org.br\/wp-content\/uploads\/2022\/10\/Captura-de-Tela-2022-10-10-a\u0300s-09.45.18-203x300.png 203w, https:\/\/revistacienciaecultura.org.br\/wp-content\/uploads\/2022\/10\/Captura-de-Tela-2022-10-10-a\u0300s-09.45.18-8x12.png 8w, https:\/\/revistacienciaecultura.org.br\/wp-content\/uploads\/2022\/10\/Captura-de-Tela-2022-10-10-a\u0300s-09.45.18.png 286w\" sizes=\"(max-width: 338px) 100vw, 338px\" \/><\/p>\n<h6 id=\"figura-3-a-nova-estacao-da-rsreproducao\" style=\"text-align: center;\"><strong>Figura 3. A nova esta\u00e7\u00e3o da RS<\/strong><br \/>\n(Reprodu\u00e7\u00e3o)<\/h6>\n<p>&nbsp;<\/p>\n<p>Diziam seus estatutos: &#8220;A R\u00e1dio Sociedade, fundada com fins exclusivamente cient\u00edficos, t\u00e9cnicos, art\u00edsticos e de pura educa\u00e7\u00e3o popular, n\u00e3o se envolver\u00e1 jamais em nenhum assunto de natureza profissional, industrial, comercial ou pol\u00edtico&#8221;. Roquette-Pinto foi o principal motor da cria\u00e7\u00e3o e na manuten\u00e7\u00e3o da RS, al\u00e9m de se desdobrar como locutor dos primeiros programas de not\u00edcias com seu vozeir\u00e3o caracter\u00edstico, que ficou marcado na mem\u00f3ria de muitos ouvintes. Ele acalentava muitas esperan\u00e7as sobre o papel que o r\u00e1dio poderia desempenhar na educa\u00e7\u00e3o brasileira: \u201cR\u00e1dio \u00e9 o jornal de quem n\u00e3o sabe ler; \u00e9 o mestre de quem n\u00e3o pode ir \u00e0 escola; [&#8230;] o guia dos s\u00e3os, desde que realizado com esp\u00edrito altru\u00edsta e elevado\u201d. Aulas e palestras sobre assuntos variados, como f\u00edsica, qu\u00edmica, bot\u00e2nica, hist\u00f3ria natural, literatura, educa\u00e7\u00e3o para crian\u00e7as, etc., eram transmitidos pela RS, que atingia cerca de 150.000 ouvintes tr\u00eas anos ap\u00f3s a sua cria\u00e7\u00e3o.<\/p>\n<p>A RS valorizava a m\u00fasica cl\u00e1ssica e tinha sua pr\u00f3pria orquestra sinf\u00f4nica. Pelos seus microfones passaram muitas personalidades da cultura, da arte e da ci\u00eancia, como Albert Einstein,\u00a0que visitou a ABC em 1925,\u00a0e a RS e fez nela uma alocu\u00e7\u00e3o na qual defendeu a import\u00e2ncia do r\u00e1dio para a dissemina\u00e7\u00e3o da cultura e da ci\u00eancia (Figura 4).<\/p>\n<p><img loading=\"lazy\" class=\"aligncenter wp-image-3290\" src=\"https:\/\/revistacienciaecultura.org.br\/wp-content\/uploads\/2022\/10\/Captura-de-Tela-2022-10-10-a\u0300s-09.45.25-300x241.png\" alt=\"\" width=\"500\" height=\"401\" srcset=\"https:\/\/revistacienciaecultura.org.br\/wp-content\/uploads\/2022\/10\/Captura-de-Tela-2022-10-10-a\u0300s-09.45.25-300x241.png 300w, https:\/\/revistacienciaecultura.org.br\/wp-content\/uploads\/2022\/10\/Captura-de-Tela-2022-10-10-a\u0300s-09.45.25-15x12.png 15w, https:\/\/revistacienciaecultura.org.br\/wp-content\/uploads\/2022\/10\/Captura-de-Tela-2022-10-10-a\u0300s-09.45.25.png 414w\" sizes=\"(max-width: 500px) 100vw, 500px\" \/><\/p>\n<h6 id=\"figura-4-visita-de-albert-einstein-a-academia-brasileira-de-ciencias-abcreproducao\" style=\"text-align: center;\"><strong>Figura 4. Visita de Albert Einstein \u00e0 Academia Brasileira de Ci\u00eancias (ABC)<\/strong><br \/>\nReprodu\u00e7\u00e3o<\/h6>\n<p>&nbsp;<\/p>\n<p>Einstein ouviu m\u00fasicas brasileiras tocadas pela orquestra da RS (Figura 5), como o tango <em>Magn\u00edfico<\/em>, de Ernesto Nazareth, e <em>Batuque,<\/em> de Alberto Nepomuceno, mas se encantou mesmo foi com o maxixe <em><a href=\"https:\/\/discografiabrasileira.com.br\/fonograma\/65108\/o-mulatinho\"><strong><span style=\"color: #800000;\">Mulatinho<\/span><\/strong><\/a>,<\/em> de Belm\u00e1cio Godinho. Em 1926, as aulas de Marie Curie sobre radioatividade, na Escola Polit\u00e9cnica, foram tamb\u00e9m transmitidas.<\/p>\n<p><img loading=\"lazy\" class=\"aligncenter wp-image-3289\" src=\"https:\/\/revistacienciaecultura.org.br\/wp-content\/uploads\/2022\/10\/Captura-de-Tela-2022-10-10-a\u0300s-09.45.33-235x300.png\" alt=\"\" width=\"392\" height=\"500\" srcset=\"https:\/\/revistacienciaecultura.org.br\/wp-content\/uploads\/2022\/10\/Captura-de-Tela-2022-10-10-a\u0300s-09.45.33-235x300.png 235w, https:\/\/revistacienciaecultura.org.br\/wp-content\/uploads\/2022\/10\/Captura-de-Tela-2022-10-10-a\u0300s-09.45.33-9x12.png 9w, https:\/\/revistacienciaecultura.org.br\/wp-content\/uploads\/2022\/10\/Captura-de-Tela-2022-10-10-a\u0300s-09.45.33.png 250w\" sizes=\"(max-width: 392px) 100vw, 392px\" \/><\/p>\n<h6 id=\"figura-5-noticia-sobre-a-visita-de-albert-einstein-a-instalacao-da-rsreproducao\" style=\"text-align: center;\"><strong>Figura 5. Not\u00edcia sobre a visita de Albert Einstein \u00e0 instala\u00e7\u00e3o da RS<\/strong><br \/>\n(Reprodu\u00e7\u00e3o)<\/h6>\n<p>&nbsp;<\/p>\n<p>A RS criou duas revistas de divulga\u00e7\u00e3o cient\u00edfica (Figura 6).\u00a0<em>Radio<\/em>, revista de divulga\u00e7\u00e3o cient\u00edfica geral, mas orientada para a r\u00e1dio-cultura, foi criada em 1923 e era \u00f3rg\u00e3o oficial da R\u00e1dio Sociedade. <em>Electron<\/em> foi criada em 1926 e era uma publica\u00e7\u00e3o bimensal, distribu\u00edda aos seus s\u00f3cios, com tiragem de tr\u00eas mil exemplares, e trazia tamb\u00e9m a programa\u00e7\u00e3o da r\u00e1dio.<\/p>\n<p><img loading=\"lazy\" class=\"aligncenter wp-image-3288\" src=\"https:\/\/revistacienciaecultura.org.br\/wp-content\/uploads\/2022\/10\/Captura-de-Tela-2022-10-10-a\u0300s-09.45.41-300x222.png\" alt=\"\" width=\"500\" height=\"370\" srcset=\"https:\/\/revistacienciaecultura.org.br\/wp-content\/uploads\/2022\/10\/Captura-de-Tela-2022-10-10-a\u0300s-09.45.41-300x222.png 300w, https:\/\/revistacienciaecultura.org.br\/wp-content\/uploads\/2022\/10\/Captura-de-Tela-2022-10-10-a\u0300s-09.45.41-16x12.png 16w, https:\/\/revistacienciaecultura.org.br\/wp-content\/uploads\/2022\/10\/Captura-de-Tela-2022-10-10-a\u0300s-09.45.41.png 555w\" sizes=\"(max-width: 500px) 100vw, 500px\" \/><\/p>\n<h6 id=\"figura-6-revistas-de-divulgacao-cientifica-radio-e-electron-criadas-pela-rsreproducao\" style=\"text-align: center;\"><strong>Figura 6. Revistas de divulga\u00e7\u00e3o cient\u00edfica <em>R\u00e1dio<\/em> e <em>Electron<\/em>, criadas pela RS<\/strong><br \/>\n(Reprodu\u00e7\u00e3o)<\/h6>\n<p>&nbsp;<\/p>\n<p>Em setembro de 1936, sem condi\u00e7\u00f5es de aumentar a pot\u00eancia da sua esta\u00e7\u00e3o \u2013 conforme exigia o governo \u2013 a RS resolveu encerrar suas atividades. Ela foi doada para o Governo Federal (<strong><span style=\"color: #800000;\"><a style=\"color: #800000;\" href=\"http:\/\/portal.mec.gov.br\/\">Minist\u00e9rio da Educa\u00e7\u00e3o &#8211; MEC<\/a><\/span><\/strong>) com a condi\u00e7\u00e3o que permanecesse uma r\u00e1dio educativa e sem interesses comerciais. Transformou-se na R\u00e1dio MEC. Em 2023 teremos o centen\u00e1rio da cria\u00e7\u00e3o da R\u00e1dio Sociedade do Rio de Janeiro. Ser\u00e1 importante organizar atividades comemorativas \u00e0 altura da relev\u00e2ncia do acontecimento para a cultura, a educa\u00e7\u00e3o e a ci\u00eancia brasileiras.<\/p>\n<p>Mais informa\u00e7\u00f5es sobre a hist\u00f3ria da R\u00e1dio Sociedade, sua programa\u00e7\u00e3o, a intera\u00e7\u00e3o com os ouvintes, as revistas que gerou e o impacto que teve em:<\/p>\n<p><span style=\"color: #800000;\"><strong><a style=\"color: #800000;\" href=\"http:\/\/www.fiocruz.br\/radiosociedade\/cgi\/cgilua.exe\/sys\/start.htm?tpl=home\">http:\/\/www.fiocruz.br\/radiosociedade\/cgi\/cgilua.exe\/sys\/start.htm?tpl=home<\/a><\/strong><\/span><\/p>\n<p>&nbsp;<\/p>\n<h6 id=\"capa-unsplash-com\">Capa: <a href=\"http:\/\/Unsplash.com\">Unsplash.com<\/a><\/h6>\n","protected":false},"excerpt":{"rendered":"Um s\u00e9culo atr\u00e1s, cientistas criaram a primeira r\u00e1dio brasileira voltada para a&hellip;\n","protected":false},"author":20,"featured_media":2011,"comment_status":"open","ping_status":"open","sticky":false,"template":"","format":"standard","meta":[],"categories":[1,2],"tags":[],"acf":[],"_links":{"self":[{"href":"https:\/\/revistacienciaecultura.org.br\/index.php?rest_route=\/wp\/v2\/posts\/3285"}],"collection":[{"href":"https:\/\/revistacienciaecultura.org.br\/index.php?rest_route=\/wp\/v2\/posts"}],"about":[{"href":"https:\/\/revistacienciaecultura.org.br\/index.php?rest_route=\/wp\/v2\/types\/post"}],"author":[{"embeddable":true,"href":"https:\/\/revistacienciaecultura.org.br\/index.php?rest_route=\/wp\/v2\/users\/20"}],"replies":[{"embeddable":true,"href":"https:\/\/revistacienciaecultura.org.br\/index.php?rest_route=%2Fwp%2Fv2%2Fcomments&post=3285"}],"version-history":[{"count":5,"href":"https:\/\/revistacienciaecultura.org.br\/index.php?rest_route=\/wp\/v2\/posts\/3285\/revisions"}],"predecessor-version":[{"id":3296,"href":"https:\/\/revistacienciaecultura.org.br\/index.php?rest_route=\/wp\/v2\/posts\/3285\/revisions\/3296"}],"wp:featuredmedia":[{"embeddable":true,"href":"https:\/\/revistacienciaecultura.org.br\/index.php?rest_route=\/wp\/v2\/media\/2011"}],"wp:attachment":[{"href":"https:\/\/revistacienciaecultura.org.br\/index.php?rest_route=%2Fwp%2Fv2%2Fmedia&parent=3285"}],"wp:term":[{"taxonomy":"category","embeddable":true,"href":"https:\/\/revistacienciaecultura.org.br\/index.php?rest_route=%2Fwp%2Fv2%2Fcategories&post=3285"},{"taxonomy":"post_tag","embeddable":true,"href":"https:\/\/revistacienciaecultura.org.br\/index.php?rest_route=%2Fwp%2Fv2%2Ftags&post=3285"}],"curies":[{"name":"wp","href":"https:\/\/api.w.org\/{rel}","templated":true}]}}