{"id":3297,"date":"2022-10-13T10:38:17","date_gmt":"2022-10-13T10:38:17","guid":{"rendered":"https:\/\/revistacienciaecultura.org.br\/?p=3297"},"modified":"2022-10-13T10:38:17","modified_gmt":"2022-10-13T10:38:17","slug":"75a-reuniao-anual-da-sbpc-tera-como-tema-ciencia-e-democracia-para-um-brasil-justo-e-desenvolvido","status":"publish","type":"post","link":"https:\/\/revistacienciaecultura.org.br\/?p=3297","title":{"rendered":"75\u00aa Reuni\u00e3o Anual da SBPC ter\u00e1 como tema \u201cCi\u00eancia e democracia para um Brasil justo e desenvolvido\u201d"},"content":{"rendered":"<h4 id=\"o-maior-evento-de-ciencia-do-pais-sera-realizado-de-23-a-29-de-julho-de-2023-na-universidade-federal-do-parana-ufpr-em-curitiba\"><span style=\"color: #808080;\">O maior evento de ci\u00eancia do Pa\u00eds ser\u00e1 realizado de 23 a 29 de julho de 2023 na Universidade Federal do Paran\u00e1 (UFPR), em Curitiba<\/span><\/h4>\n<p>&nbsp;<\/p>\n<p>\u201cCi\u00eancia e democracia para um Brasil justo e desenvolvido\u201d \u00e9 o tema escolhido para a 75\u00aa Reuni\u00e3o Anual da Sociedade Brasileira para o Progresso da Ci\u00eancia (SBPC). O evento ser\u00e1 realizado entre os dias 23 e 29 de julho de 2023, na Universidade Federal do Paran\u00e1 (UFPR), em Curitiba. Com confer\u00eancias, mesas-redondas, webminicursos, pain\u00e9is e sess\u00f5es de p\u00f4steres, a programa\u00e7\u00e3o ser\u00e1 preparada com o objetivo de mostrar quanto que a ci\u00eancia e a democracia s\u00e3o importantes para o desenvolvimento de um pa\u00eds.<\/p>\n<p>Seguindo o tema central do evento, a Comiss\u00e3o de Programa\u00e7\u00e3o Cient\u00edfica da 75\u00aa RA tamb\u00e9m definiu os t\u00f3picos que ser\u00e3o discutidos nos pain\u00e9is e mesas-redondas. Entre os assuntos a serem abordados est\u00e3o as \u201cMudan\u00e7as clim\u00e1ticas e a descarboniza\u00e7\u00e3o da economia\u201d; \u201c Riscos clim\u00e1ticos em \u00e1reas urbanas\u201d; \u201cConstru\u00e7\u00e3o de institui\u00e7\u00f5es\u00a0 e cultura pol\u00edtica democr\u00e1ticas\u201d; \u201cDireito \u00e0 educa\u00e7\u00e3o: melhoras no processo de ensino-aprendizagem na educa\u00e7\u00e3o b\u00e1sica\u201d; \u201cDesafios e mudan\u00e7as no ensino superior\u201d; \u201cCultura: preserva\u00e7\u00e3o, cria\u00e7\u00e3o e acesso\u201d; \u201cCi\u00eancia B\u00e1sica e os 17 ODS (Objetivos de Desenvolvimento Sustent\u00e1vel)\u201d; \u201cInclus\u00e3o social e diferentes dimens\u00f5es das desigualdades \u201c; \u201cFome\u201d; \u201cDesafios para infraestrutura de pesquisa em todas as \u00e1reas\u201d; e \u201cDesarmamento da popula\u00e7\u00e3o\u201d, al\u00e9m de outros que podem ser propostos.<\/p>\n<p>Segundo Renato Janine Ribeiro, presidente da SBPC, o tema escolhido destaca as pedras fundamentais para o avan\u00e7o justo e sustent\u00e1vel de uma na\u00e7\u00e3o, a ci\u00eancia e a democracia, valores que t\u00eam sido colocados sob ataque nos \u00faltimos anos em nosso pa\u00eds. \u201cTivemos iniciativas, at\u00e9 mesmo do governo federal, contr\u00e1rias \u00e0 ci\u00eancia, que desviaram o Brasil do caminho que vinha trilhando para uma democracia, sobretudo na inclus\u00e3o dos mais pobres, com maior igualdade social e desenvolvimento. A contribui\u00e7\u00e3o da ci\u00eancia para a sociedade\u00a0\u00e9 inquestion\u00e1vel, na medida em que possibilita avan\u00e7os nos campos da sa\u00fade, da alimenta\u00e7\u00e3o, do ambiente, da tecnologia, da energia e muitos outros, melhorando a qualidade de vida das popula\u00e7\u00f5es e enriquecendo as\u00a0sociedades\u00a0intelectual e culturalmente\u201d, afirma.<\/p>\n<p>Cl\u00e1udia Linhares Sales, secret\u00e1ria-geral da SBPC e coordenadora-geral do evento, afirma que assuntos escolhidos s\u00e3o essenciais para a retomada do desenvolvimento do Pa\u00eds. \u201cAl\u00e9m de debatermos temas como a preserva\u00e7\u00e3o dos biomas e biodiversidade, a constru\u00e7\u00e3o de um sistema energ\u00e9tico sustent\u00e1vel e sa\u00fade, por exemplo, vamos tamb\u00e9m tratar de assuntos relacionados \u00e0 educa\u00e7\u00e3o e democracia, que s\u00e3o elementos importantes neste momento principalmente, porque o Brasil vive tempos de grandes desafios\u201d, comenta.<\/p>\n<p>Linhares salienta ainda que \u00e9 imprescind\u00edvel debater os valores democr\u00e1ticos e seu papel fundamental no \u00e2mbito do desenvolvimento da na\u00e7\u00e3o. \u201cNesse contexto, precisamos mostrar que a democracia, al\u00e9m de representativa, pode ser direta e participativa. Queremos deixar claro que democratizar \u00e9 dar acesso\u00a0 amplo e irrestrito a condi\u00e7\u00f5es dignas a toda a popula\u00e7\u00e3o, por exemplo, \u00e0 sa\u00fade e educa\u00e7\u00e3o, permitindo que todos realizem seu potencial\u201d, comenta.<\/p>\n<p>A Reuni\u00e3o Anual chega \u00e0 sua 75\u00aa edi\u00e7\u00e3o e a expectativa \u00e9 que seja um evento inesquec\u00edvel. O encontro far\u00e1 parte das celebra\u00e7\u00f5es dos 110 anos de funda\u00e7\u00e3o da UFPR e dos tr\u00eas quartos de s\u00e9culo da SBPC.<\/p>\n<p>\u201c\u00c9 uma grande satisfa\u00e7\u00e3o e honra para a UFPR sediar a Reuni\u00e3o Anual da SBPC em 2023 no ano em que comemoramos 110 anos de vida. Vamos celebrar o valor da ci\u00eancia no maior encontro de cientistas e estudantes da Am\u00e9rica Latina\u201d, afirma o reitor da universidade, Ricardo Marcelo Fonseca. Para garantir a grandiosidade do evento, ele conta que j\u00e1 existem parcerias firmadas, como, por exemplo, com o Governo do Estado do Paran\u00e1.<\/p>\n<p>Janine Ribeiro acrescenta que n\u00e3o poderia haver melhor maneira de celebrar os anivers\u00e1rios de uma das mais antigas institui\u00e7\u00f5es de Ensino Superior do Pa\u00eds e da mais abrangente sociedade cient\u00edfica do Brasil do que projetando um futuro mais justo e desenvolvido para nossa sociedade. \u201cSer\u00e1 um momento oportuno para discutirmos temas importantes para a reconstru\u00e7\u00e3o de tudo que foi destru\u00eddo e prejudicado nos \u00faltimos anos por conta da pandemia e da descontinuidade de projetos, dentre outros problemas\u201d, diz.<\/p>\n<p><span style=\"color: #808080;\"><a style=\"color: #808080;\" href=\"http:\/\/www.jornaldaciencia.org.br\/\"><em>Jornal da Ci\u00eancia<\/em><\/a><\/span><\/p>\n","protected":false},"excerpt":{"rendered":"O maior evento de ci\u00eancia do Pa\u00eds ser\u00e1 realizado de 23 a&hellip;\n","protected":false},"author":19,"featured_media":3298,"comment_status":"open","ping_status":"open","sticky":false,"template":"","format":"standard","meta":[],"categories":[1,2],"tags":[],"acf":[],"_links":{"self":[{"href":"https:\/\/revistacienciaecultura.org.br\/index.php?rest_route=\/wp\/v2\/posts\/3297"}],"collection":[{"href":"https:\/\/revistacienciaecultura.org.br\/index.php?rest_route=\/wp\/v2\/posts"}],"about":[{"href":"https:\/\/revistacienciaecultura.org.br\/index.php?rest_route=\/wp\/v2\/types\/post"}],"author":[{"embeddable":true,"href":"https:\/\/revistacienciaecultura.org.br\/index.php?rest_route=\/wp\/v2\/users\/19"}],"replies":[{"embeddable":true,"href":"https:\/\/revistacienciaecultura.org.br\/index.php?rest_route=%2Fwp%2Fv2%2Fcomments&post=3297"}],"version-history":[{"count":1,"href":"https:\/\/revistacienciaecultura.org.br\/index.php?rest_route=\/wp\/v2\/posts\/3297\/revisions"}],"predecessor-version":[{"id":3299,"href":"https:\/\/revistacienciaecultura.org.br\/index.php?rest_route=\/wp\/v2\/posts\/3297\/revisions\/3299"}],"wp:featuredmedia":[{"embeddable":true,"href":"https:\/\/revistacienciaecultura.org.br\/index.php?rest_route=\/wp\/v2\/media\/3298"}],"wp:attachment":[{"href":"https:\/\/revistacienciaecultura.org.br\/index.php?rest_route=%2Fwp%2Fv2%2Fmedia&parent=3297"}],"wp:term":[{"taxonomy":"category","embeddable":true,"href":"https:\/\/revistacienciaecultura.org.br\/index.php?rest_route=%2Fwp%2Fv2%2Fcategories&post=3297"},{"taxonomy":"post_tag","embeddable":true,"href":"https:\/\/revistacienciaecultura.org.br\/index.php?rest_route=%2Fwp%2Fv2%2Ftags&post=3297"}],"curies":[{"name":"wp","href":"https:\/\/api.w.org\/{rel}","templated":true}]}}