{"id":3302,"date":"2022-10-18T07:30:38","date_gmt":"2022-10-18T07:30:38","guid":{"rendered":"https:\/\/revistacienciaecultura.org.br\/?p=3302"},"modified":"2022-10-18T13:35:05","modified_gmt":"2022-10-18T13:35:05","slug":"leia-a-terceira-edicao-da-ciencia-cultura-na-integra","status":"publish","type":"post","link":"https:\/\/revistacienciaecultura.org.br\/?p=3302","title":{"rendered":"Leia a terceira edi\u00e7\u00e3o da Ci\u00eancia &#038; Cultura na \u00edntegra"},"content":{"rendered":"<h4 id=\"voce-pode-baixar-o-pdf-da-revista-ou-ler-a-edicao-em-flipbook-confira\"><span style=\"color: #808080;\">Voc\u00ea pode baixar o PDF da revista ou ler a edi\u00e7\u00e3o em flipbook. Confira!<\/span><\/h4>\n<p>&nbsp;<\/p>\n<p>A terceira edi\u00e7\u00e3o de relan\u00e7amento da revista Ci\u00eancia &amp; Cultura \u2013 \u201c<strong><a href=\"https:\/\/revistacienciaecultura.org.br\/?page_id=2753\"><span style=\"color: #800000;\">200 anos de ci\u00eancia e tecnologia no Brasil<\/span><\/a><\/strong>\u201d \u2013 j\u00e1 est\u00e1 dispon\u00edvel para download em PDF ou para leitura online em flipbook.<\/p>\n<p>No come\u00e7o deste ano a revista foi totalmente reformulada, tornando-se integralmente digital. Desta forma, pretende ampliar seu p\u00fablico e disponibilizar recursos diversos, como v\u00eddeos, podcasts e m\u00eddias sociais.<\/p>\n<p>A terceira edi\u00e7\u00e3o dessa nova fase da revista aborda os 200 anos da ci\u00eancia e tecnologia no Brasil. Seus textos discutem como a atividade cient\u00edfica se desenvolveu no pa\u00eds e convida a refletir sobre a import\u00e2ncia da ci\u00eancia n\u00e3o s\u00f3 paras diferentes\u00a0 atividades do dia a dia, mas tamb\u00e9m para o desenvolvimento do Brasil.<\/p>\n<p>Confira os artigos, textos de opini\u00e3o e reportagens na \u00edntegra!<\/p>\n<h4 id=\"clique-aqui-para-acessar-o-flipbook-e-ler-a-terceira-edicao-completa-da-revista\"><a href=\"https:\/\/heyzine.com\/flip-book\/85c132026b.html\" target=\"_blank\" rel=\"noopener\"><span style=\"color: #800000;\">Clique aqui para acessar o flipbook e ler a terceira edi\u00e7\u00e3o completa da revista<\/span>:<\/a><\/h4>\n<p><a href=\"https:\/\/heyzine.com\/flip-book\/85c132026b.html\" target=\"_blank\" rel=\"noopener\"><img loading=\"lazy\" class=\"alignnone size-medium wp-image-3303\" src=\"https:\/\/revistacienciaecultura.org.br\/wp-content\/uploads\/2022\/10\/Captura-de-Tela-2022-10-17-a\u0300s-08.06.32-211x300.png\" alt=\"\" width=\"211\" height=\"300\" srcset=\"https:\/\/revistacienciaecultura.org.br\/wp-content\/uploads\/2022\/10\/Captura-de-Tela-2022-10-17-a\u0300s-08.06.32-211x300.png 211w, https:\/\/revistacienciaecultura.org.br\/wp-content\/uploads\/2022\/10\/Captura-de-Tela-2022-10-17-a\u0300s-08.06.32-8x12.png 8w, https:\/\/revistacienciaecultura.org.br\/wp-content\/uploads\/2022\/10\/Captura-de-Tela-2022-10-17-a\u0300s-08.06.32.png 475w\" sizes=\"(max-width: 211px) 100vw, 211px\" \/><\/a><\/p>\n<h4 id=\"clique-aqui-para-fazer-o-download-da-versao-em-pdf-e-ler-a-terceira-edicao-completa-da-revista\"><a href=\"https:\/\/drive.google.com\/file\/d\/19aaCTqvFgMi0E88S6KG--k7svUzVmlXA\/view?usp=sharing\" target=\"_blank\" rel=\"noopener\"><span style=\"color: #800000;\">Clique aqui para fazer o download da vers\u00e3o em PDF\u00a0 e ler a terceira edi\u00e7\u00e3o completa da revista<\/span>.<\/a><\/h4>\n<p><a href=\"https:\/\/drive.google.com\/file\/d\/19aaCTqvFgMi0E88S6KG--k7svUzVmlXA\/view?usp=sharing\" target=\"_blank\" rel=\"noopener\"><img loading=\"lazy\" class=\"alignnone size-medium wp-image-3303\" src=\"https:\/\/revistacienciaecultura.org.br\/wp-content\/uploads\/2022\/10\/Captura-de-Tela-2022-10-17-a\u0300s-08.06.32-211x300.png\" alt=\"\" width=\"211\" height=\"300\" srcset=\"https:\/\/revistacienciaecultura.org.br\/wp-content\/uploads\/2022\/10\/Captura-de-Tela-2022-10-17-a\u0300s-08.06.32-211x300.png 211w, https:\/\/revistacienciaecultura.org.br\/wp-content\/uploads\/2022\/10\/Captura-de-Tela-2022-10-17-a\u0300s-08.06.32-8x12.png 8w, https:\/\/revistacienciaecultura.org.br\/wp-content\/uploads\/2022\/10\/Captura-de-Tela-2022-10-17-a\u0300s-08.06.32.png 475w\" sizes=\"(max-width: 211px) 100vw, 211px\" \/><\/a><\/p>\n","protected":false},"excerpt":{"rendered":"Voc\u00ea pode baixar o PDF da revista ou ler a edi\u00e7\u00e3o em&hellip;\n","protected":false},"author":19,"featured_media":2803,"comment_status":"open","ping_status":"open","sticky":false,"template":"","format":"standard","meta":[],"categories":[1,2],"tags":[],"acf":[],"_links":{"self":[{"href":"https:\/\/revistacienciaecultura.org.br\/index.php?rest_route=\/wp\/v2\/posts\/3302"}],"collection":[{"href":"https:\/\/revistacienciaecultura.org.br\/index.php?rest_route=\/wp\/v2\/posts"}],"about":[{"href":"https:\/\/revistacienciaecultura.org.br\/index.php?rest_route=\/wp\/v2\/types\/post"}],"author":[{"embeddable":true,"href":"https:\/\/revistacienciaecultura.org.br\/index.php?rest_route=\/wp\/v2\/users\/19"}],"replies":[{"embeddable":true,"href":"https:\/\/revistacienciaecultura.org.br\/index.php?rest_route=%2Fwp%2Fv2%2Fcomments&post=3302"}],"version-history":[{"count":3,"href":"https:\/\/revistacienciaecultura.org.br\/index.php?rest_route=\/wp\/v2\/posts\/3302\/revisions"}],"predecessor-version":[{"id":3305,"href":"https:\/\/revistacienciaecultura.org.br\/index.php?rest_route=\/wp\/v2\/posts\/3302\/revisions\/3305"}],"wp:featuredmedia":[{"embeddable":true,"href":"https:\/\/revistacienciaecultura.org.br\/index.php?rest_route=\/wp\/v2\/media\/2803"}],"wp:attachment":[{"href":"https:\/\/revistacienciaecultura.org.br\/index.php?rest_route=%2Fwp%2Fv2%2Fmedia&parent=3302"}],"wp:term":[{"taxonomy":"category","embeddable":true,"href":"https:\/\/revistacienciaecultura.org.br\/index.php?rest_route=%2Fwp%2Fv2%2Fcategories&post=3302"},{"taxonomy":"post_tag","embeddable":true,"href":"https:\/\/revistacienciaecultura.org.br\/index.php?rest_route=%2Fwp%2Fv2%2Ftags&post=3302"}],"curies":[{"name":"wp","href":"https:\/\/api.w.org\/{rel}","templated":true}]}}