{"id":3319,"date":"2022-10-20T07:30:32","date_gmt":"2022-10-20T07:30:32","guid":{"rendered":"https:\/\/revistacienciaecultura.org.br\/?p=3319"},"modified":"2022-10-17T11:42:29","modified_gmt":"2022-10-17T11:42:29","slug":"inscricoes-para-o-4o-premio-carolina-bori-ciencia-mulher-meninas-cientistas-encerram-em-31-de-outubro","status":"publish","type":"post","link":"https:\/\/revistacienciaecultura.org.br\/?p=3319","title":{"rendered":"Inscri\u00e7\u00f5es para o 4\u00ba Pr\u00eamio \u201cCarolina Bori Ci\u00eancia &#038; Mulher \u2013 Meninas Cientistas\u201d encerram em 31 de outubro"},"content":{"rendered":"<h4 id=\"fernanda-sobral-vice-presidente-da-sbpc-pede-que-professores-nao-deixem-de-procurar-as-diretorias-e-pro-reitorias-de-suas-instituicoes-para-indicarem-os-excelentes-trabalhos-de-suas-alunas\"><span style=\"color: #808080;\">Fernanda Sobral, vice-presidente da SBPC, pede que professores n\u00e3o deixem de procurar as diretorias e pr\u00f3-reitorias de suas institui\u00e7\u00f5es para indicarem os excelentes trabalhos de suas alunas<\/span><\/h4>\n<p>&nbsp;<\/p>\n<p>Professores, n\u00e3o deixem suas alunas brilhantes fora da 4\u00ba Pr\u00eamio \u201cCarolina Bori Ci\u00eancia &amp; Mulher\u201d da Sociedade Brasileira para o Progresso da Ci\u00eancia (SBPC)! Estimulem que as Pr\u00f3-Reitorias de Gradua\u00e7\u00e3o e Pesquisa, Secretarias de Educa\u00e7\u00e3o, Escolas e organizadores de olimp\u00edadas e feiras cient\u00edficas de \u00e2mbito nacional a enviarem suas indica\u00e7\u00f5es at\u00e9 o dia 31 de outubro.<\/p>\n<p>O pedido \u00e9 de Fernanda Sobral, vice-presidente da SBPC. \u201c\u00c9 importante que os professores orientadores de trabalhos excelentes de meninas no ensino m\u00e9dio ou na gradua\u00e7\u00e3o procurem as diretorias de suas respectivas escolas ou as pr\u00f3-reitorias de gradua\u00e7\u00e3o para a indica\u00e7\u00e3o de candidatas ao pr\u00eamio. Essa premia\u00e7\u00e3o poder\u00e1 definir a carreira de uma futura cientista\u201d, ressalta.<\/p>\n<p>Sobral cita como exemplo Raquel Soares Bandeira, vencedora da categoria Gradua\u00e7\u00e3o da 2\u00aa edi\u00e7\u00e3o do Pr\u00eamio \u201cCarolina Bori Ci\u00eancia &amp; Mulher\u201d na categoria \u201cMeninas na Ci\u00eancia\u201d, realizada em 2021. Ela conta em v\u00eddeo que a premia\u00e7\u00e3o foi fundamental para sua forma\u00e7\u00e3o, carreira acad\u00eamica e que abriu portas para ela fazer uma boa p\u00f3s-gradua\u00e7\u00e3o.<\/p>\n<p>Todo ano, desde 2019, a SBPC atribui um pr\u00eamio \u00e0s cientistas mulheres, alternando a concess\u00e3o do mesmo a cientistas de destaque e a jovens com not\u00f3rio talento para uma carreira cient\u00edfica promissora. Esta 4\u00aa edi\u00e7\u00e3o se dirige \u00e0s \u201cMeninas Cientistas\u201d \u2013 estudantes do Ensino M\u00e9dio e da Gradua\u00e7\u00e3o.<\/p>\n<p>Nesta edi\u00e7\u00e3o, ser\u00e3o seis premiadas: tr\u00eas do Ensino M\u00e9dio e tr\u00eas da Gradua\u00e7\u00e3o \u2013 de cada uma das tr\u00eas grandes \u00e1reas do conhecimento: Humanidades; Biol\u00f3gicas e Sa\u00fade; e Engenharias, Exatas e Ci\u00eancias da Terra. Elas ser\u00e3o avaliadas pela criatividade e boa aplica\u00e7\u00e3o do m\u00e9todo cient\u00edfico em projetos de inicia\u00e7\u00e3o cient\u00edfica, bem como o potencial de contribui\u00e7\u00e3o com a ci\u00eancia no futuro. Tamb\u00e9m ser\u00e3o consideradas estudantes com desempenho destacado em atividades cient\u00edficas como feiras, olimp\u00edadas cient\u00edficas e atividades similares.<\/p>\n<p>As indica\u00e7\u00f5es, com a devida documenta\u00e7\u00e3o, poder\u00e3o ser feitas at\u00e9 o dia 31 de outubro, exclusivamente atrav\u00e9s do formul\u00e1rio online, neste link (<span style=\"color: #800000;\"><strong><a style=\"color: #800000;\" href=\"https:\/\/bit.ly\/premiocarolinaborisbpc\" target=\"_blank\" rel=\"noopener\">https:\/\/bit.ly\/premiocarolinaborisbpc<\/a><\/strong><\/span>).<\/p>\n<p><b>Caso encontrem problemas ou surjam d\u00favidas, entrem em contato com a organiza\u00e7\u00e3o do Pr\u00eamio pelo e-mail:\u00a0<\/b><span style=\"color: #800000;\"><a style=\"color: #800000;\" href=\"mailto:%20premiocarolinabori@sbpcnet.org.br\">premiocarolinabori@sbpcnet.org.br<\/a>.<\/span><\/p>\n<p>Para a inscri\u00e7\u00e3o das candidatas indicadas aos pr\u00eamios ser\u00e1 necess\u00e1rio o envio de uma mini-biografia atualizada (com at\u00e9 500 caracteres, com espa\u00e7o); curr\u00edculo atualizado na Plataforma Lattes (<strong><span style=\"color: #800000;\"><a style=\"color: #800000;\" href=\"http:\/\/lattes.cnpq.br\/\" target=\"_blank\" rel=\"noopener\">http:\/\/lattes.cnpq.br<\/a><\/span><\/strong>); e carta de recomenda\u00e7\u00e3o fundamentada em evid\u00eancias que justifiquem o pr\u00eamio (at\u00e9 2.000 caracteres, com espa\u00e7o). Ser\u00e1 necess\u00e1rio tamb\u00e9m anexar ao formul\u00e1rio o projeto\/atividade cient\u00edfica realizada, explicando a import\u00e2ncia do projeto\/atividade, seu desenvolvimento, os objetivos atingidos e sua relev\u00e2ncia. A documenta\u00e7\u00e3o dever\u00e1 enfatizar o que foi realizado pela pr\u00f3pria estudante, identificando as atividades realizadas com ajuda do(a) professor(a) orientador(a).<\/p>\n<p>Se a indica\u00e7\u00e3o for pelo desempenho destacado em atividades cient\u00edficas \u2013 feiras, olimp\u00edadas cient\u00edficas, divulga\u00e7\u00e3o cient\u00edfica, etc. \u2013 a documenta\u00e7\u00e3o dever\u00e1 comprovar a participa\u00e7\u00e3o e o desempenho na referida atividade.<\/p>\n<p>O an\u00fancio das premiadas ser\u00e1 feito no dia 20 de janeiro de 2023. A cerim\u00f4nia de outorga do pr\u00eamio \u00e0s contempladas ser\u00e1 realizada no dia 10 de fevereiro de 2023, durante o evento anual realizado pela SBPC, no Sal\u00e3o Nobre do Centro Universit\u00e1rio Maria Antonia da USP, em S\u00e3o Paulo. O evento ter\u00e1 transmiss\u00e3o ao vivo pelo Canal da SBPC no YouTube.<\/p>\n<p><strong>Compartilhem este edital e enviem as indica\u00e7\u00f5es at\u00e9 31 de outubro. Animem-se pela ci\u00eancia, lutem pelo futuro que o conhecimento traz, em especial a quem historicamente foi exclu\u00edda!<\/strong><\/p>\n<p><span style=\"color: #808080;\"><a style=\"color: #808080;\" href=\"http:\/\/www.sbpcnet.org.br\/\"><em>SBPC<\/em><\/a><\/span><\/p>\n<p>&nbsp;<\/p>\n<h6 id=\"capa-uk-black-tech-unsplash-com\">Capa: <a class=\"N2odk RZQOk Vk1a0 AsGGe pgmwB KHq0c\" href=\"https:\/\/unsplash.com\/@ukblacktech\">UK Black Tech<\/a> | <a href=\"http:\/\/Unsplash.com\">Unsplash.com<\/a><\/h6>\n","protected":false},"excerpt":{"rendered":"Fernanda Sobral, vice-presidente da SBPC, pede que professores n\u00e3o deixem de procurar&hellip;\n","protected":false},"author":19,"featured_media":3322,"comment_status":"open","ping_status":"open","sticky":false,"template":"","format":"standard","meta":[],"categories":[1,2],"tags":[],"acf":[],"_links":{"self":[{"href":"https:\/\/revistacienciaecultura.org.br\/index.php?rest_route=\/wp\/v2\/posts\/3319"}],"collection":[{"href":"https:\/\/revistacienciaecultura.org.br\/index.php?rest_route=\/wp\/v2\/posts"}],"about":[{"href":"https:\/\/revistacienciaecultura.org.br\/index.php?rest_route=\/wp\/v2\/types\/post"}],"author":[{"embeddable":true,"href":"https:\/\/revistacienciaecultura.org.br\/index.php?rest_route=\/wp\/v2\/users\/19"}],"replies":[{"embeddable":true,"href":"https:\/\/revistacienciaecultura.org.br\/index.php?rest_route=%2Fwp%2Fv2%2Fcomments&post=3319"}],"version-history":[{"count":3,"href":"https:\/\/revistacienciaecultura.org.br\/index.php?rest_route=\/wp\/v2\/posts\/3319\/revisions"}],"predecessor-version":[{"id":3321,"href":"https:\/\/revistacienciaecultura.org.br\/index.php?rest_route=\/wp\/v2\/posts\/3319\/revisions\/3321"}],"wp:featuredmedia":[{"embeddable":true,"href":"https:\/\/revistacienciaecultura.org.br\/index.php?rest_route=\/wp\/v2\/media\/3322"}],"wp:attachment":[{"href":"https:\/\/revistacienciaecultura.org.br\/index.php?rest_route=%2Fwp%2Fv2%2Fmedia&parent=3319"}],"wp:term":[{"taxonomy":"category","embeddable":true,"href":"https:\/\/revistacienciaecultura.org.br\/index.php?rest_route=%2Fwp%2Fv2%2Fcategories&post=3319"},{"taxonomy":"post_tag","embeddable":true,"href":"https:\/\/revistacienciaecultura.org.br\/index.php?rest_route=%2Fwp%2Fv2%2Ftags&post=3319"}],"curies":[{"name":"wp","href":"https:\/\/api.w.org\/{rel}","templated":true}]}}