{"id":3337,"date":"2022-11-01T07:30:28","date_gmt":"2022-11-01T07:30:28","guid":{"rendered":"https:\/\/revistacienciaecultura.org.br\/?p=3337"},"modified":"2022-10-31T11:16:55","modified_gmt":"2022-10-31T11:16:55","slug":"sbpc-vai-a-escola-evento-intercultural-discute-direitos-indigenas-educacao-e-violencia","status":"publish","type":"post","link":"https:\/\/revistacienciaecultura.org.br\/?p=3337","title":{"rendered":"SBPC vai \u00e0 Escola: evento intercultural discute direitos ind\u00edgenas, educa\u00e7\u00e3o e viol\u00eancia"},"content":{"rendered":"<h4 id=\"atividades-no-colegio-estadual-indigena-de-coroa-vermelha-em-santa-cruz-cabralia-ba-contaram-com-a-participacao-de-universitarios-indigenas-professores-da-ufba-e-da-diretora-da-sbpc-miriam-gross\"><span style=\"color: #808080;\">Atividades no Col\u00e9gio Estadual Ind\u00edgena de Coroa Vermelha, em Santa Cruz Cabr\u00e1lia (BA), contaram com a participa\u00e7\u00e3o de universit\u00e1rios ind\u00edgenas, professores da UFBA e da diretora da SBPC, Miriam Grossi<\/span><\/h4>\n<p>&nbsp;<\/p>\n<p>Direitos ind\u00edgenas e viol\u00eancia dom\u00e9stica foram temas de oficina no primeiro dia da Feira de Ci\u00eancias do Col\u00e9gio Estadual Ind\u00edgena de Coroa Vermelha, em Santa Cruz Cabr\u00e1lia (BA), realizado entre 26 e 27 de outubro. Com o tema \u201c\u00c3bakahay\u00a0Up\u00e2 Arup\u00e3b\u00a0Patax\u00f3: mem\u00f3rias da educa\u00e7\u00e3o Patax\u00f3\u201d o evento tem apoio do programa <span style=\"color: #800000;\"><strong><a style=\"color: #800000;\" href=\"http:\/\/portal.sbpcnet.org.br\/escola\/\">SBPC vai \u00e0 Escola<\/a><\/strong><\/span> da <strong><span style=\"color: #800000;\"><a style=\"color: #800000;\" href=\"http:\/\/portal.sbpcnet.org.br\/\">Sociedade Brasileira para o Progresso da Ci\u00eancia<\/a><\/span><\/strong> (SBPC), e do\u00a0<span style=\"color: #800000;\"><strong><a style=\"color: #800000;\" href=\"https:\/\/petcindigenas.ufba.br\/\">PET \u2013 Comunidades Ind\u00edgenas<\/a><\/strong><\/span>, programa de Educa\u00e7\u00e3o Tutorial voltado para as comunidades ind\u00edgenas da Universidade Federal da Bahia (UFBA).<\/p>\n<p>\u201cO evento tem sido muito estimulante e \u00e9 uma \u00f3tima oportunidade de troca de experi\u00eancias\u201d, conta Thays Patax\u00f3, graduanda ind\u00edgena da UFBA que ministrou a oficina sobre viol\u00eancia dom\u00e9stica com Miriam Grossi, professora do Departamento de Antropologia da Universidade Federal de Santa Catarina (UFSC)\u00a0e diretora da SBPC.<\/p>\n<p>Durante a oficina foram apresentadas algumas hist\u00f3rias fict\u00edcias para que os alunos identificassem atitudes violentas. \u201cFoi gratificante observar o interesse deles. Conseguimos fazer com que tamb\u00e9m percebessem algumas viol\u00eancias dom\u00e9sticas em suas vidas, em torno de si\u201d. Para finalizar a oficina, Thays, que estudou no col\u00e9gio, conta que um professor de jiu jitsu ensinou alguns golpes de defesa pessoal para os cerca de 100 alunos.<\/p>\n<p>Outra atividade desenvolvida pelo programa SBPC foi \u00e0 Escola discutiu direitos ind\u00edgenas.\u00a0Aktxaw\u00e3 Patax\u00f3 ministrou a oficina, que tinha como objetivo chamar a aten\u00e7\u00e3o para quest\u00f5es de territ\u00f3rio, das l\u00ednguas, entre outros pontos. \u201cFoi bem proveitoso, porque conseguimos envolver os alunos. Fizemos uma esp\u00e9cie de gincana com duas turmas concorrendo, o que motivou a participa\u00e7\u00e3o\u201d, conta ele, que tamb\u00e9m \u00e9 ex-aluno do Col\u00e9gio Estadual Ind\u00edgena de Coroa Vermelha e hoje cursa Gastronomia na UFBA.<\/p>\n<p>Miriam Grossi destaca a participa\u00e7\u00e3o na realiza\u00e7\u00e3o das atividades de 14 universit\u00e1rios que foram alunos do Col\u00e9gio. \u201cAl\u00e9m de estimular o interesse pela ci\u00eancia, a atividade tem como objetivo incentivar que os alunos continuem estudando, a exemplo desses 14 estudantes que j\u00e1 estiveram bem ali, na mesma escola, e agora seguiram para a universidade\u201d, conta.<\/p>\n<p>Ap\u00f3s dois anos realizada em formato virtual, a Feira \u00e9 retomada de forma presencial com \u2018mem\u00f3rias\u2019, com o objetivo de recuperar o passado e as conquistas da escola que nasceu em 2015. \u201cAqui podemos perceber tamb\u00e9m que a cultura ind\u00edgena n\u00e3o est\u00e1 desconectada do mundo moderno\u2019\u201d, comenta Grossi.<\/p>\n<p>\u201cN\u00e3o deixamos de olhar para tr\u00e1s. Tudo que sabemos e conquistamos foi por causa dos ind\u00edgenas que vieram antes de n\u00f3s, e isso \u00e9 muito importante para nossa cultura\u201d, acrescenta Akbxaw\u00e3. \u201cNa cultura e na ci\u00eancia ind\u00edgena todo o conhecimento s\u00f3 faz sentido se ele for coletivo. Por isso, esta edi\u00e7\u00e3o sobre mem\u00f3rias \u00e9 gratificante. Ci\u00eancia ind\u00edgena \u00e9 mem\u00f3ria\u201d, conclui Thays.<\/p>\n<h3 id=\"evento-promove-experiencia-intercultural\"><strong>Evento promove experi\u00eancia intercultural<\/strong><\/h3>\n<p>No segundo dia e \u00faltimo dia da Feira de Ci\u00eancias do Col\u00e9gio Estadual Ind\u00edgena de Coroa Vermelha, em Santa Cruz Cabr\u00e1lia (BA), o programa SBPC vai \u00e0 Escola promoveu uma experi\u00eancia intercultural ao levar estudantes por um passeio na Aldeia Reserva da Jaqueira.<\/p>\n<p>Os alunos visitaram diversas instala\u00e7\u00f5es, dentre elas, a Casa do Museu Patax\u00f3, e conversaram com o cacique da aldeia.<\/p>\n<p>Maria do Ros\u00e1rio de Carvalho, professora titular da UFBA, conta que a Reserva da Jaqueira foi criada na d\u00e9cada de 90, mas que os Patax\u00f3s sempre estiveram na regi\u00e3o. Hoje a Reserva ocupa 827 hectares de Mata Atl\u00e2ntica preservada onde vivem 34 fam\u00edlias ainda mantendo alguns costumes milenares do povo Patax\u00f3. \u201cEles est\u00e3o vivendo em uma \u00e1rea preservada e conquistada\u201d, diz.<\/p>\n<p>Al\u00e9m da Casa do Museu Patax\u00f3, a \u00e1rea conta com lojas que divulgam o artesanato dos povos e uma escola do ensino b\u00e1sico. \u201cO turismo da regi\u00e3o, al\u00e9m de divulgar a cultura do Povo Patax\u00f3, \u00e9 uma maneira de assegurar a reprodu\u00e7\u00e3o social desse povo, tanto que a Reserva da Jaqueira comercializa produtos de outras aldeias\u201d, explica Grossi.<\/p>\n<p>Felipe Fernandes, respons\u00e1vel pelo programa SBPC vai \u00e0 Escola da regi\u00e3o, ressalta a import\u00e2ncia do projeto para promover a divulga\u00e7\u00e3o cient\u00edfica. \u201cSubmetemos o projeto com o objetivo de contemplar atividades relativas ao Bicenten\u00e1rio da Independ\u00eancia, e a ci\u00eancia ind\u00edgena n\u00e3o poderia ficar de fora por tudo que representa\u201d, comenta. \u201cTivemos muitos apoios para a realiza\u00e7\u00e3o da atividade, mas o programa foi a coluna vertebral para sua execu\u00e7\u00e3o\u201d.<\/p>\n<p><strong>Confira as imagens do evento:<\/strong><\/p>\n<!--[if lt IE 9]><script>document.createElement('video');<\/script><![endif]-->\n\t<div class=\"wp-playlist wp-video-playlist wp-playlist-light\">\n\t\t<video controls=\"controls\" preload=\"none\" width=\"1178\"\n\t\t height=\"663\"\t><\/video>\n\t<div class=\"wp-playlist-next\"><\/div>\n\t<div class=\"wp-playlist-prev\"><\/div>\n\t<noscript>\n\t<ol>\n\t\t<li><a href='https:\/\/revistacienciaecultura.org.br\/wp-content\/uploads\/2022\/11\/SBPC-vai-a\u0300-escola.mp4'>SBPC vai a\u0300 escola<\/a><\/li>\t<\/ol>\n\t<\/noscript>\n\t<script type=\"application\/json\" class=\"wp-playlist-script\">{\"type\":\"video\",\"tracklist\":true,\"tracknumbers\":true,\"images\":true,\"artists\":true,\"tracks\":[{\"src\":\"https:\\\/\\\/revistacienciaecultura.org.br\\\/wp-content\\\/uploads\\\/2022\\\/11\\\/SBPC-vai-a\\u0300-escola.mp4\",\"type\":\"video\\\/mp4\",\"title\":\"SBPC vai a\\u0300 escola\",\"caption\":\"\",\"description\":\"\",\"meta\":{\"length_formatted\":\"0:45\"},\"dimensions\":{\"original\":{\"width\":1920,\"height\":1080},\"resized\":{\"width\":1178,\"height\":663}},\"image\":{\"src\":\"https:\\\/\\\/revistacienciaecultura.org.br\\\/wp-includes\\\/images\\\/media\\\/video.png\",\"width\":48,\"height\":64},\"thumb\":{\"src\":\"https:\\\/\\\/revistacienciaecultura.org.br\\\/wp-includes\\\/images\\\/media\\\/video.png\",\"width\":48,\"height\":64}}]}<\/script>\n<\/div>\n\t\n<p><a href=\"http:\/\/www.jornaldaciencia.org.br\/\"><span style=\"color: #808080;\"><em>Jornal da Ci\u00eancia<\/em><\/span><\/a><\/p>\n","protected":false},"excerpt":{"rendered":"Atividades no Col\u00e9gio Estadual Ind\u00edgena de Coroa Vermelha, em Santa Cruz Cabr\u00e1lia&hellip;\n","protected":false},"author":19,"featured_media":3339,"comment_status":"open","ping_status":"open","sticky":false,"template":"","format":"standard","meta":[],"categories":[1,2],"tags":[],"acf":[],"_links":{"self":[{"href":"https:\/\/revistacienciaecultura.org.br\/index.php?rest_route=\/wp\/v2\/posts\/3337"}],"collection":[{"href":"https:\/\/revistacienciaecultura.org.br\/index.php?rest_route=\/wp\/v2\/posts"}],"about":[{"href":"https:\/\/revistacienciaecultura.org.br\/index.php?rest_route=\/wp\/v2\/types\/post"}],"author":[{"embeddable":true,"href":"https:\/\/revistacienciaecultura.org.br\/index.php?rest_route=\/wp\/v2\/users\/19"}],"replies":[{"embeddable":true,"href":"https:\/\/revistacienciaecultura.org.br\/index.php?rest_route=%2Fwp%2Fv2%2Fcomments&post=3337"}],"version-history":[{"count":4,"href":"https:\/\/revistacienciaecultura.org.br\/index.php?rest_route=\/wp\/v2\/posts\/3337\/revisions"}],"predecessor-version":[{"id":3340,"href":"https:\/\/revistacienciaecultura.org.br\/index.php?rest_route=\/wp\/v2\/posts\/3337\/revisions\/3340"}],"wp:featuredmedia":[{"embeddable":true,"href":"https:\/\/revistacienciaecultura.org.br\/index.php?rest_route=\/wp\/v2\/media\/3339"}],"wp:attachment":[{"href":"https:\/\/revistacienciaecultura.org.br\/index.php?rest_route=%2Fwp%2Fv2%2Fmedia&parent=3337"}],"wp:term":[{"taxonomy":"category","embeddable":true,"href":"https:\/\/revistacienciaecultura.org.br\/index.php?rest_route=%2Fwp%2Fv2%2Fcategories&post=3337"},{"taxonomy":"post_tag","embeddable":true,"href":"https:\/\/revistacienciaecultura.org.br\/index.php?rest_route=%2Fwp%2Fv2%2Ftags&post=3337"}],"curies":[{"name":"wp","href":"https:\/\/api.w.org\/{rel}","templated":true}]}}