{"id":3344,"date":"2022-11-02T11:10:16","date_gmt":"2022-11-02T11:10:16","guid":{"rendered":"https:\/\/revistacienciaecultura.org.br\/?p=3344"},"modified":"2022-11-02T11:10:16","modified_gmt":"2022-11-02T11:10:16","slug":"sbpc-prepara-observatorio-da-transicao-democratica","status":"publish","type":"post","link":"https:\/\/revistacienciaecultura.org.br\/?p=3344","title":{"rendered":"SBPC prepara Observat\u00f3rio da Transi\u00e7\u00e3o Democr\u00e1tica"},"content":{"rendered":"<h4 id=\"em-comunicado-divulgado-nesta-terca-feira-1o-de-novembro-a-entidade-informa-que-a-iniciativa-esta-sendo-articulada-com-a-andifes-e-o-conif-com-o-objetivo-de-acompanhar-as-medidas-do-governo\"><span style=\"color: #808080;\">Em comunicado divulgado nesta ter\u00e7a-feira, 1\u00ba de novembro, a entidade informa que a iniciativa est\u00e1 sendo articulada com a Andifes e o Conif com o objetivo de \u201cacompanhar as medidas do governo nas \u00e1reas de Ci\u00eancia, Educa\u00e7\u00e3o, Tecnologia e Inova\u00e7\u00e3o que possam causar preju\u00edzos \u00e0s institui\u00e7\u00f5es de pesquisa e de educa\u00e7\u00e3o, bem como a suas comunidades\u201d<\/span><\/h4>\n<p>&nbsp;<\/p>\n<p>A Sociedade Brasileira para o Progresso da Ci\u00eancia (SBPC) est\u00e1 articulando, com a colabora\u00e7\u00e3o da Associa\u00e7\u00e3o Nacional dos Dirigentes das Institui\u00e7\u00f5es Federais de Ensino Superior (Andifes) e do Conselho Nacional das Institui\u00e7\u00f5es da Rede Federal de Educa\u00e7\u00e3o Profissional, Cient\u00edfica e Tecnol\u00f3gica (Conif), um\u00a0<strong>Observat\u00f3rio da Transi\u00e7\u00e3o Democr\u00e1tica<\/strong>, que ter\u00e1 a finalidade, nos pr\u00f3ximos dois meses, de acompanhar as medidas do governo nas \u00e1reas de Ci\u00eancia, Educa\u00e7\u00e3o, Tecnologia e Inova\u00e7\u00e3o que possam causar preju\u00edzos \u00e0s institui\u00e7\u00f5es de pesquisa e de educa\u00e7\u00e3o, bem como a suas comunidades. Os detalhes desta iniciativa ser\u00e3o divulgados em breve.<\/p>\n<p>Deste modo, a Comunidade Cient\u00edfica pode ficar atenta a novos ataques \u00e0 Ci\u00eancia, Tecnologia e Educa\u00e7\u00e3o na passagem do atual governo para o que foi eleito em 2 e 30 de outubro rec\u00e9m-passados. Queremos assegurar a tranquilidade republicana no momento de transi\u00e7\u00e3o, para que esta se d\u00ea no m\u00e1ximo respeito ao funcionamento do amplo parque acad\u00eamico e cient\u00edfico do Brasil.<\/p>\n<p>S\u00e3o Paulo, 1\u00ba de novembro de 2022<\/p>\n<p><span style=\"color: #808080;\"><em>Presid\u00eancia da SBPC<\/em><\/span><\/p>\n","protected":false},"excerpt":{"rendered":"Em comunicado divulgado nesta ter\u00e7a-feira, 1\u00ba de novembro, a entidade informa que&hellip;\n","protected":false},"author":19,"featured_media":3345,"comment_status":"open","ping_status":"open","sticky":false,"template":"","format":"standard","meta":[],"categories":[1,2],"tags":[],"acf":[],"_links":{"self":[{"href":"https:\/\/revistacienciaecultura.org.br\/index.php?rest_route=\/wp\/v2\/posts\/3344"}],"collection":[{"href":"https:\/\/revistacienciaecultura.org.br\/index.php?rest_route=\/wp\/v2\/posts"}],"about":[{"href":"https:\/\/revistacienciaecultura.org.br\/index.php?rest_route=\/wp\/v2\/types\/post"}],"author":[{"embeddable":true,"href":"https:\/\/revistacienciaecultura.org.br\/index.php?rest_route=\/wp\/v2\/users\/19"}],"replies":[{"embeddable":true,"href":"https:\/\/revistacienciaecultura.org.br\/index.php?rest_route=%2Fwp%2Fv2%2Fcomments&post=3344"}],"version-history":[{"count":1,"href":"https:\/\/revistacienciaecultura.org.br\/index.php?rest_route=\/wp\/v2\/posts\/3344\/revisions"}],"predecessor-version":[{"id":3346,"href":"https:\/\/revistacienciaecultura.org.br\/index.php?rest_route=\/wp\/v2\/posts\/3344\/revisions\/3346"}],"wp:featuredmedia":[{"embeddable":true,"href":"https:\/\/revistacienciaecultura.org.br\/index.php?rest_route=\/wp\/v2\/media\/3345"}],"wp:attachment":[{"href":"https:\/\/revistacienciaecultura.org.br\/index.php?rest_route=%2Fwp%2Fv2%2Fmedia&parent=3344"}],"wp:term":[{"taxonomy":"category","embeddable":true,"href":"https:\/\/revistacienciaecultura.org.br\/index.php?rest_route=%2Fwp%2Fv2%2Fcategories&post=3344"},{"taxonomy":"post_tag","embeddable":true,"href":"https:\/\/revistacienciaecultura.org.br\/index.php?rest_route=%2Fwp%2Fv2%2Ftags&post=3344"}],"curies":[{"name":"wp","href":"https:\/\/api.w.org\/{rel}","templated":true}]}}