{"id":3347,"date":"2022-11-03T11:31:36","date_gmt":"2022-11-03T11:31:36","guid":{"rendered":"https:\/\/revistacienciaecultura.org.br\/?p=3347"},"modified":"2022-11-03T11:31:36","modified_gmt":"2022-11-03T11:31:36","slug":"mudancas-climaticas-e-o-futuro","status":"publish","type":"post","link":"https:\/\/revistacienciaecultura.org.br\/?p=3347","title":{"rendered":"Mudan\u00e7as clim\u00e1ticas e o futuro"},"content":{"rendered":"<h4 id=\"paises-vulneraveis-ao-clima-precisam-de-adaptacao-e-financiamento-para-perdas-e-danos\"><span style=\"color: #808080;\">Pa\u00edses vulner\u00e1veis ao clima precisam de adapta\u00e7\u00e3o e financiamento para perdas e danos<\/span><\/h4>\n<p>&nbsp;<\/p>\n<p>A falha em agir sobre as mudan\u00e7as clim\u00e1ticas significar\u00e1 que os limites cr\u00edticos de aumento de temperatura ser\u00e3o violados em mais de 1 <sup>o<\/sup>C neste s\u00e9culo. Segundo o <a href=\"https:\/\/news.un.org\/pt\/tags\/pnuma\"><span style=\"color: #800000;\"><strong>Programa das Na\u00e7\u00f5es Unidas para o Meio Ambiente<\/strong><\/span><\/a> (PNUMA) em seu relat\u00f3rio de lacunas de emiss\u00f5es de 2022, n\u00e3o existe atualmente um \u201ccaminho confi\u00e1vel\u201d para manter o aumento da temperatura em 1,5 <sup>o<\/sup>C \u2013 como os l\u00edderes prometeram fazer em 2015.<\/p>\n<p>As promessas feitas na <strong><span style=\"color: #800000;\"><a style=\"color: #800000;\" href=\"https:\/\/news.un.org\/pt\/tags\/cop26\">Confer\u00eancia das Na\u00e7\u00f5es Unidas sobre Mudan\u00e7a do Clima<\/a><\/span><\/strong> (COP26), realizada em Glasgow (Esc\u00f3cia) no ano passado, levariam a redu\u00e7\u00f5es de emiss\u00f5es de gases de efeito estufa de menos de 1% das emiss\u00f5es projetadas para 2030, segundo o PNUMA. Isso significa que um aumento da temperatura global entre 2,4 <sup>o<\/sup>C e 2,6 <sup>o<\/sup>C \u00e9 esperado at\u00e9 2100, mesmo que esses compromissos sejam cumpridos. O relat\u00f3rio do PNUMA \u00e9 um dos muitos em uma avalanche de an\u00e1lises divulgadas antes da COP27, a c\u00fapula clim\u00e1tica da ONU de 2022 que ser\u00e1 realizada no Egito este m\u00eas.<\/p>\n<h3 id=\"alta-das-emissoes\"><strong>Alta das emiss\u00f5es<\/strong><\/h3>\n<p>As emiss\u00f5es de gases de efeito estufa reduziram em algumas regi\u00f5es, mostra a <a href=\"https:\/\/essd.copernicus.org\/articles\/14\/1917\/2022\/\"><strong><span style=\"color: #800000;\">an\u00e1lise de dados de carbono<\/span><\/strong><\/a>, mas as emiss\u00f5es globais continuaram a aumentar entre 1990 e 2019.<\/p>\n<p>Os pa\u00edses e indiv\u00edduos mais ricos s\u00e3o respons\u00e1veis \u200b\u200bpelas\u00a0emiss\u00f5es de gases de efeito estufa (GEE).\u00a0Desde 1990, os 50% mais pobres da popula\u00e7\u00e3o mundial foram respons\u00e1veis \u200b\u200bpor apenas 16% de todo o crescimento das emiss\u00f5es, enquanto o 1% mais rico foi respons\u00e1vel por 23% do crescimento total das emiss\u00f5es, segundo dados da<span style=\"color: #800000;\"><strong> <a style=\"color: #800000;\" href=\"https:\/\/brasil.un.org\/\">Organiza\u00e7\u00e3o das Na\u00e7\u00f5es Unidas<\/a> <\/strong><\/span>(ONU). Os pa\u00edses da \u00c1frica Subsaariana t\u00eam a menor pegada de carbono m\u00e9dia, enquanto os ultra-ricos Luxemburgo e os Estados Unidos t\u00eam a mais alta, de acordo com um <strong><span style=\"color: #800000;\"><a style=\"color: #800000;\" href=\"https:\/\/www.nature.com\/articles\/s41893-021-00842-z#Sec2\">estudo<\/a> <\/span><\/strong>liderado pela Universidade de Groningen, na Holanda.<\/p>\n<h3 id=\"alta-dos-custos\"><strong>Alta dos custos<\/strong><\/h3>\n<p>Em 2009, os pa\u00edses ricos com alta emiss\u00e3o de GEE se comprometeram a fornecer US$ 100 bilh\u00f5es por ano at\u00e9 2020 para os pa\u00edses em desenvolvimento para mitigar e se adaptar \u00e0s mudan\u00e7as clim\u00e1ticas. Em 2015 essa promessa n\u00e3o cumprida foi repetida e estendida at\u00e9 2025. Por\u00e9m, novamente essa promessa n\u00e3o foi atendida.<\/p>\n<p>Enquanto a <strong><span style=\"color: #800000;\"><a style=\"color: #800000;\" href=\"https:\/\/www.oecd.org\/latin-america\/paises\/brasil-portugues\/\">Organiza\u00e7\u00e3o para a Coopera\u00e7\u00e3o e Desenvolvimento Econ\u00f4mico<\/a>\u00a0<\/span><\/strong>(OCDE) diz que o financiamento para adapta\u00e7\u00e3o est\u00e1 aumentando, a organiza\u00e7\u00e3o de pesquisa sem fins lucrativos <span style=\"color: #800000;\"><strong><em><a style=\"color: #800000;\" href=\"https:\/\/www.wri.org\/\">World Resources Institute<\/a><\/em> <\/strong><\/span>(WRI) diz que \u00e9 necess\u00e1rio mais financiamento para cumprir um compromisso assumido no ano passado por pa\u00edses de alta renda para fornecer US$ 40 bilh\u00f5es em financiamento de adapta\u00e7\u00e3o at\u00e9 2025.<\/p>\n<p>Desde 2017, cerca de metade de todos os apelos da ONU para apoio a desastres clim\u00e1ticos n\u00e3o foram atendidos, deixando os pa\u00edses com menos recursos com a tarefa de encontrar US$ 33 bilh\u00f5es para se recuperar de enchentes, inc\u00eandios e outros eventos extremos. A <strong><span style=\"color: #800000;\"><a style=\"color: #800000;\" href=\"https:\/\/www.scidev.net\/global\/news\/33bn-funding-gap-for-climate-loss-and-damage\/\">an\u00e1lise<\/a> <\/span><\/strong>da institui\u00e7\u00e3o de caridade internacional <strong><span style=\"color: #800000;\"><a style=\"color: #800000;\" href=\"https:\/\/www.oxfam.org.br\/\">Oxfam<\/a><\/span><\/strong> tamb\u00e9m descobriu que para cada US$ 2 solicitados por um pa\u00eds que enfrenta uma cat\u00e1strofe clim\u00e1tica, eles receberam cerca de US$ 1.<\/p>\n<p>O financiamento para os danos irrevers\u00edveis causados \u200b\u200bpelas mudan\u00e7as clim\u00e1ticas \u2013 conhecidos e perdas e danos \u2013 est\u00e1 ganhando aten\u00e7\u00e3o, e espera-se que a quest\u00e3o receba um grande impulso por pa\u00edses de baixa e m\u00e9dia renda e comunidades vulner\u00e1veis \u200b\u200bna <a href=\"https:\/\/unfccc.int\/cop27?gclid=CjwKCAjwzY2bBhB6EiwAPpUpZmlF9cbOkOkPe4Qjb7LLW8-GuL-wHOxli2l9a4t_5_FwF5q66WgisBoC1HIQAvD_BwE\"><strong><span style=\"color: #800000;\">COP27<\/span><\/strong><\/a>. Os pa\u00edses menos respons\u00e1veis \u200b\u200bpelas emiss\u00f5es hist\u00f3ricas est\u00e3o sofrendo o impacto das mudan\u00e7as clim\u00e1ticas e querem que os pa\u00edses ricos fa\u00e7am restitui\u00e7\u00e3o financeira.<\/p>\n<h3 id=\"transicoes\"><strong>Transi\u00e7\u00f5es <\/strong><\/h3>\n<p>Os sistemas de agricultura industrial s\u00e3o os principais emissores de gases de efeito estufa. Os sistemas alimentares em todo o mundo s\u00e3o respons\u00e1veis \u200b\u200b\u200b\u200bpor 80% do desmatamento e 70% do uso de \u00e1gua doce, al\u00e9m de serem o maior impulsionador da perda de biodiversidade baseada na terra, segundo o mais recente relat\u00f3rio<em> <a href=\"https:\/\/www.unccd.int\/resources\/global-land-outlook\/global-land-outlook-2nd-edition\"><strong><span style=\"color: #800000;\">Global Land Outlook<\/span><\/strong><\/a><\/em> da<strong><span style=\"color: #800000;\"> <a style=\"color: #800000;\" href=\"https:\/\/www.unccd.int\/\">Conven\u00e7\u00e3o das Na\u00e7\u00f5es Unidas para o Combate \u00e0 Desertifica\u00e7\u00e3o<\/a><\/span><\/strong> (UNCCD).<\/p>\n<p>A produ\u00e7\u00e3o intensiva de culturas \u00fanicas e o desmatamento geram a maior parte das emiss\u00f5es de carbono associadas \u00e0 mudan\u00e7a no uso da terra, enquanto os \u00f3xidos nitrosos do uso de fertilizantes e as emiss\u00f5es de metano do gado comp\u00f5em \u201ca maior e mais potente parcela\u201d das emiss\u00f5es agr\u00edcolas de gases de efeito estufa, segundo a perspectiva.<\/p>\n<h3 id=\"fim-do-combustivel-fossil\"><strong>Fim do combust\u00edvel f\u00f3ssil <\/strong><\/h3>\n<p>A Ag\u00eancia Internacional de Energia (AIE) aponta, em seu relat\u00f3rio\u00a0\u00a0<strong><span style=\"color: #800000;\"><a style=\"color: #800000;\" href=\"https:\/\/www.iea.org\/reports\/world-energy-outlook-2022\">World Energy Outlook<\/a>\u00a0<\/span><\/strong>2022 preparado para a\u00a0 COP27, que a \u201cera de ouro do g\u00e1s\u201d acabou.\u00a0A AIE afirma que pol\u00edticas refor\u00e7adas, altos pre\u00e7os de curto prazo e preocupa\u00e7\u00f5es com a seguran\u00e7a energ\u00e9tica precipitariam o fim desta \u201cera de ouro\u201d, a ag\u00eancia admite que o g\u00e1s f\u00f3ssil permaneceria \u201ccrucial\u201d em meio a fluxos de gasodutos mais baixos para a Europa e demanda de importa\u00e7\u00e3o na \u00c1sia.\u00a0O documento tamb\u00e9m aponta que as reverbera\u00e7\u00f5es da invas\u00e3o da Ucr\u00e2nia pela R\u00fassia e o impacto duradouro nas pol\u00edticas de energia de combust\u00edveis f\u00f3sseis levariam a demanda global por \u201ctodo combust\u00edvel f\u00f3ssil\u201d a atingir o pico em 2025.<\/p>\n<p><span style=\"color: #808080;\"><em>Fonte: <a style=\"color: #808080;\" href=\"https:\/\/www.scidev.net\/\">SciDev.Net<\/a><\/em><\/span><\/p>\n<p>&nbsp;<\/p>\n<h6 id=\"capa-matt-palmer-unsplash-com\">Capa: <a class=\"N2odk RZQOk Vk1a0 AsGGe pgmwB KHq0c\" href=\"https:\/\/unsplash.com\/@mattpalmer\">Matt Palmer<\/a> |<a href=\"http:\/\/Unsplash.com\"> Unsplash.com<\/a><\/h6>\n","protected":false},"excerpt":{"rendered":"Pa\u00edses vulner\u00e1veis ao clima precisam de adapta\u00e7\u00e3o e financiamento para perdas e&hellip;\n","protected":false},"author":19,"featured_media":3349,"comment_status":"open","ping_status":"open","sticky":false,"template":"","format":"standard","meta":[],"categories":[1,2],"tags":[],"acf":[],"_links":{"self":[{"href":"https:\/\/revistacienciaecultura.org.br\/index.php?rest_route=\/wp\/v2\/posts\/3347"}],"collection":[{"href":"https:\/\/revistacienciaecultura.org.br\/index.php?rest_route=\/wp\/v2\/posts"}],"about":[{"href":"https:\/\/revistacienciaecultura.org.br\/index.php?rest_route=\/wp\/v2\/types\/post"}],"author":[{"embeddable":true,"href":"https:\/\/revistacienciaecultura.org.br\/index.php?rest_route=\/wp\/v2\/users\/19"}],"replies":[{"embeddable":true,"href":"https:\/\/revistacienciaecultura.org.br\/index.php?rest_route=%2Fwp%2Fv2%2Fcomments&post=3347"}],"version-history":[{"count":3,"href":"https:\/\/revistacienciaecultura.org.br\/index.php?rest_route=\/wp\/v2\/posts\/3347\/revisions"}],"predecessor-version":[{"id":3351,"href":"https:\/\/revistacienciaecultura.org.br\/index.php?rest_route=\/wp\/v2\/posts\/3347\/revisions\/3351"}],"wp:featuredmedia":[{"embeddable":true,"href":"https:\/\/revistacienciaecultura.org.br\/index.php?rest_route=\/wp\/v2\/media\/3349"}],"wp:attachment":[{"href":"https:\/\/revistacienciaecultura.org.br\/index.php?rest_route=%2Fwp%2Fv2%2Fmedia&parent=3347"}],"wp:term":[{"taxonomy":"category","embeddable":true,"href":"https:\/\/revistacienciaecultura.org.br\/index.php?rest_route=%2Fwp%2Fv2%2Fcategories&post=3347"},{"taxonomy":"post_tag","embeddable":true,"href":"https:\/\/revistacienciaecultura.org.br\/index.php?rest_route=%2Fwp%2Fv2%2Ftags&post=3347"}],"curies":[{"name":"wp","href":"https:\/\/api.w.org\/{rel}","templated":true}]}}