{"id":3352,"date":"2022-11-08T07:30:50","date_gmt":"2022-11-08T07:30:50","guid":{"rendered":"https:\/\/revistacienciaecultura.org.br\/?p=3352"},"modified":"2022-11-03T11:35:52","modified_gmt":"2022-11-03T11:35:52","slug":"a-inovacao-nas-universidades-latino-americanas","status":"publish","type":"post","link":"https:\/\/revistacienciaecultura.org.br\/?p=3352","title":{"rendered":"A inova\u00e7\u00e3o nas universidades latino-americanas"},"content":{"rendered":"<h4 id=\"documento-regional-da-ocde-destacou-universidades-da-regiao-por-seu-perfil-empreendedor-e-inovador\"><span style=\"color: #808080;\">Documento regional da OCDE destacou universidades da regi\u00e3o por seu perfil empreendedor e inovador<\/span><\/h4>\n<p><em>\u00a0<\/em><\/p>\n<p>Onze Institui\u00e7\u00f5es de Ensino Superior (IES) de seis pa\u00edses da Am\u00e9rica Latina foram destacadas em uma an\u00e1lise regional por seus ecossistemas ativos de inova\u00e7\u00e3o e pela resposta que souberam dar durante a pandemia de covid-19. O documento &#8220;<a href=\"https:\/\/www.oecd-ilibrary.org\/docserver\/ca45d22a-en.pdf?expires=1666047332&amp;id=id&amp;accname=guest&amp;checksum=9F9729B5D1E185BF470414F7B6C5B27A\"><strong><span style=\"color: #800000;\">Universidades Empreendedoras e Inovadoras na Am\u00e9rica Latina<\/span><\/strong><\/a>&#8221; foi elaborado pela <strong><span style=\"color: #800000;\"><a style=\"color: #800000;\" href=\"https:\/\/www.oecd.org\/latin-america\/paises\/brasil-portugues\/\">Organiza\u00e7\u00e3o para Coopera\u00e7\u00e3o e Desenvolvimento Econ\u00f4mico<\/a><\/span><\/strong> (OCDE), <span style=\"color: #800000;\"><strong><a style=\"color: #800000;\" href=\"https:\/\/www.iadb.org\/pt\">Banco Interamericano de Desenvolvimento<\/a><\/strong><\/span> (BID) e <span style=\"color: #800000;\"><strong><a style=\"color: #800000;\" href=\"https:\/\/www.santander.com.br\/\">Banco Santander<\/a><\/strong><\/span> e sua apresenta\u00e7\u00e3o ocorreu na <span style=\"color: #800000;\"><strong><a style=\"color: #800000;\" href=\"https:\/\/www5.usp.br\/\">Universidade de S\u00e3o Paulo<\/a><\/strong><\/span> (USP).<\/p>\n<p>O relat\u00f3rio apresenta casos de sucesso de centros privados e p\u00fablicos. As universidades destacadas foram <a href=\"https:\/\/tec.mx\/es\">o <span style=\"color: #800000;\"><strong><em>Instituto Tecnol\u00f3gico y de Estudios Superiores de Monterre<\/em>y<\/strong><\/span><\/a> e a <strong><span style=\"color: #800000;\"><a style=\"color: #800000;\" href=\"http:\/\/www.anahuac.mx\/\"><em>Universidad Ar\u00e1huac<\/em><\/a><\/span><\/strong>, do M\u00e9xico; a <span style=\"color: #800000;\"><strong><a style=\"color: #800000;\" href=\"https:\/\/www.javeriana.edu.co\/\"><em>Pontificia Universidad Javeriana<\/em><\/a><\/strong><\/span>, a <span style=\"color: #800000;\"><strong><a style=\"color: #800000;\" href=\"https:\/\/unal.edu.co\/\"><em>Universidad Nacional de Colombia<\/em><\/a><\/strong><\/span> e a <span style=\"color: #800000;\"><strong><a style=\"color: #800000;\" href=\"https:\/\/www.icesi.edu.co\/\"><em>Universidad Icesi<\/em><\/a><\/strong><\/span>, da Col\u00f4mbia; a <span style=\"color: #800000;\"><strong><em><a style=\"color: #800000;\" href=\"https:\/\/www.uai.cl\/\">Universidad Adolfo Ib\u00e1\u00f1ez<\/a> <\/em><\/strong><\/span>e a<span style=\"color: #800000;\"><strong><em> <a style=\"color: #800000;\" href=\"https:\/\/www.uc.cl\/\">Pontificia Universidad Cat\u00f3lica<\/a><\/em><\/strong><\/span>, no Chile; a <span style=\"color: #800000;\"><strong><a style=\"color: #800000;\" href=\"https:\/\/www5.usp.br\/\">Universidade de S\u00e3o Paulo<\/a><\/strong><\/span> (USP) e a <span style=\"color: #800000;\"><strong><a style=\"color: #800000;\" href=\"https:\/\/www.ufscar.br\/\">Universidade Federal de S\u00e3o Carlos<\/a><\/strong><\/span> (UFSCar), no Brasil; a <span style=\"color: #800000;\"><strong><em><a style=\"color: #800000;\" href=\"https:\/\/21.edu.ar\/\">Universidad Empresarial Siglo 21<\/a> <\/em><\/strong><\/span>da Argentina e a <span style=\"color: #800000;\"><strong><a style=\"color: #800000;\" href=\"https:\/\/utec.edu.uy\/pt\/\"><em>Universidad Tecnol\u00f3gica (UTEC)<\/em><\/a><\/strong><\/span> do Uruguai.<\/p>\n<p>\u201cMuitas (dessas universidades) abrigam aceleradoras, incubadoras, centros de empreendedorismo e inova\u00e7\u00e3o abertos a interessados \u200b\u200bexternos, como empreendedores e PMEs. Al\u00e9m disso, aproveitam sua estrat\u00e9gia multi-campus para ampliar seu impacto e engajamento. A multilocalidade permite que se conectem com uma variedade maior de atores, incluindo governos locais e comunidades empresariais\u201d, aponta o relat\u00f3rio.<\/p>\n<p>Em rela\u00e7\u00e3o \u00e0 resposta dessas universidades \u00e0 pandemia, o documento detalha que as unidades dedicadas ao empreendedorismo, como as incubadoras universit\u00e1rias, aceleradoras ou outras organiza\u00e7\u00f5es, \u201cdesempenham um papel fundamental na concep\u00e7\u00e3o e implementa\u00e7\u00e3o de atividades extracurriculares\u201d.<\/p>\n<p><span style=\"color: #808080;\"><em>Fonte: <a style=\"color: #808080;\" href=\"https:\/\/www.scidev.net\/\">SciDev.Net<\/a><\/em><\/span><\/p>\n<p>&nbsp;<\/p>\n<h6 id=\"capa-dom-fou-unsplash-com\">Capa: <a class=\"N2odk RZQOk Vk1a0 AsGGe pgmwB KHq0c\" href=\"https:\/\/unsplash.com\/@domlafou\">Dom Fou<\/a> | <a href=\"http:\/\/Unsplash.com\">Unsplash.com<\/a><\/h6>\n","protected":false},"excerpt":{"rendered":"Documento regional da OCDE destacou universidades da regi\u00e3o por seu perfil empreendedor&hellip;\n","protected":false},"author":19,"featured_media":3353,"comment_status":"open","ping_status":"open","sticky":false,"template":"","format":"standard","meta":[],"categories":[1,2],"tags":[],"acf":[],"_links":{"self":[{"href":"https:\/\/revistacienciaecultura.org.br\/index.php?rest_route=\/wp\/v2\/posts\/3352"}],"collection":[{"href":"https:\/\/revistacienciaecultura.org.br\/index.php?rest_route=\/wp\/v2\/posts"}],"about":[{"href":"https:\/\/revistacienciaecultura.org.br\/index.php?rest_route=\/wp\/v2\/types\/post"}],"author":[{"embeddable":true,"href":"https:\/\/revistacienciaecultura.org.br\/index.php?rest_route=\/wp\/v2\/users\/19"}],"replies":[{"embeddable":true,"href":"https:\/\/revistacienciaecultura.org.br\/index.php?rest_route=%2Fwp%2Fv2%2Fcomments&post=3352"}],"version-history":[{"count":2,"href":"https:\/\/revistacienciaecultura.org.br\/index.php?rest_route=\/wp\/v2\/posts\/3352\/revisions"}],"predecessor-version":[{"id":3355,"href":"https:\/\/revistacienciaecultura.org.br\/index.php?rest_route=\/wp\/v2\/posts\/3352\/revisions\/3355"}],"wp:featuredmedia":[{"embeddable":true,"href":"https:\/\/revistacienciaecultura.org.br\/index.php?rest_route=\/wp\/v2\/media\/3353"}],"wp:attachment":[{"href":"https:\/\/revistacienciaecultura.org.br\/index.php?rest_route=%2Fwp%2Fv2%2Fmedia&parent=3352"}],"wp:term":[{"taxonomy":"category","embeddable":true,"href":"https:\/\/revistacienciaecultura.org.br\/index.php?rest_route=%2Fwp%2Fv2%2Fcategories&post=3352"},{"taxonomy":"post_tag","embeddable":true,"href":"https:\/\/revistacienciaecultura.org.br\/index.php?rest_route=%2Fwp%2Fv2%2Ftags&post=3352"}],"curies":[{"name":"wp","href":"https:\/\/api.w.org\/{rel}","templated":true}]}}