{"id":3359,"date":"2022-11-10T10:29:43","date_gmt":"2022-11-10T10:29:43","guid":{"rendered":"https:\/\/revistacienciaecultura.org.br\/?p=3359"},"modified":"2022-11-10T10:29:43","modified_gmt":"2022-11-10T10:29:43","slug":"participe-do-ano-internacional-das-ciencias-basicas","status":"publish","type":"post","link":"https:\/\/revistacienciaecultura.org.br\/?p=3359","title":{"rendered":"Participe do Ano Internacional das Ci\u00eancias B\u00e1sicas"},"content":{"rendered":"<h4 id=\"sbpc-e-abc-convidam-academias-escolas-universidades-institutos-de-pesquisas-e-associacoes-cientificas-no-brasil-a-realizar-eventos-palestras-reunioes-e-outras-acoes-para-demonstrar-a-importancia\"><span style=\"color: #808080;\">SBPC e ABC convidam academias, escolas, universidades, institutos de pesquisas e associa\u00e7\u00f5es cient\u00edficas no Brasil a realizar eventos, palestras, reuni\u00f5es e outras a\u00e7\u00f5es para demonstrar a import\u00e2ncia da ci\u00eancia b\u00e1sica para o futuro. Submeta sua proposta de atividade<\/span><\/h4>\n<p>&nbsp;<\/p>\n<p>O\u00a0Ano Internacional das Ci\u00eancias B\u00e1sicas para o Desenvolvimento Sustent\u00e1vel 2022-23\u00a0(IYBSSD, sigla em ingl\u00eas) foi definido pela Organiza\u00e7\u00e3o das Na\u00e7\u00f5es Unidas e a Unesco. O objetivo \u00e9 ressaltar a liga\u00e7\u00e3o entre as ci\u00eancias b\u00e1sicas e os Objetivos de Desenvolvimento Sustent\u00e1vel (ODS) e destacar os poss\u00edveis impactos das ci\u00eancias b\u00e1sicas para esses objetivos. Este ano ser\u00e1 um momento chave de mobiliza\u00e7\u00e3o para convencer l\u00edderes econ\u00f4micos e pol\u00edticos, bem como o p\u00fablico em geral, da import\u00e2ncia da ci\u00eancia b\u00e1sica para o nosso futuro.<\/p>\n<p>De 1\u00ba\u00a0de julho de 2022 a 1\u00ba\u00a0de julho de 2023, academias e associa\u00e7\u00f5es cient\u00edficas em todo o mundo realizar\u00e3o eventos, palestras, reuni\u00f5es e outras a\u00e7\u00f5es para demonstrar a import\u00e2ncia da ci\u00eancia b\u00e1sica para o futuro.\u00a0Aqui no Brasil, a SBPC e a ABC s\u00e3o parceiras desta iniciativa e participar\u00e3o das atividades oficiais, assim como da\u00a0avalia\u00e7\u00e3o de propostas para eventos a serem organizados oficialmente\u00a0no \u00e2mbito do Ano Internacional das Ci\u00eancias B\u00e1sicas para o Desenvolvimento Sustent\u00e1vel.<\/p>\n<p>As entidades, inclusive, lan\u00e7aram a vers\u00e3o em portugu\u00eas do site do Ano Internacional das Ci\u00eancias B\u00e1sicas para o Desenvolvimento Sustent\u00e1vel 2022-23\u00a0(IYBSSD, sigla em ingl\u00eas). O site ir\u00e1 listar todas as atividades organizadas oficialmente no \u00e2mbito do Ano Internacional das Ci\u00eancias B\u00e1sicas para o Desenvolvimento Sustent\u00e1vel.<\/p>\n<p>As associa\u00e7\u00f5es cient\u00edficas j\u00e1 podem submeter propostas de atividades para an\u00e1lise. O processo \u00e9 simples, basta acessar o formul\u00e1rio na p\u00e1gina da SBPC e da ABC e enviar as propostas.<\/p>\n<p><span style=\"color: #800000;\"><strong><a style=\"color: #800000;\" href=\"http:\/\/portal.sbpcnet.org.br\/ano-internacional-das-ciencias-basicas\/\" target=\"_blank\" rel=\"noopener\">Acesse aqui a p\u00e1gina do\u00a0Ano Internacional das Ci\u00eancias B\u00e1sicas para o Desenvolvimento Sustent\u00e1vel 2022-23 e submeta sua proposta<\/a>.<\/strong><\/span><\/p>\n<p><span style=\"color: #808080;\"><a style=\"color: #808080;\" href=\"http:\/\/www.jornaldaciencia.org.br\/\"><em>Jornal da Ci\u00eancia<\/em><\/a><\/span><\/p>\n","protected":false},"excerpt":{"rendered":"SBPC e ABC convidam academias, escolas, universidades, institutos de pesquisas e associa\u00e7\u00f5es&hellip;\n","protected":false},"author":19,"featured_media":3173,"comment_status":"open","ping_status":"open","sticky":false,"template":"","format":"standard","meta":[],"categories":[1,2],"tags":[],"acf":[],"_links":{"self":[{"href":"https:\/\/revistacienciaecultura.org.br\/index.php?rest_route=\/wp\/v2\/posts\/3359"}],"collection":[{"href":"https:\/\/revistacienciaecultura.org.br\/index.php?rest_route=\/wp\/v2\/posts"}],"about":[{"href":"https:\/\/revistacienciaecultura.org.br\/index.php?rest_route=\/wp\/v2\/types\/post"}],"author":[{"embeddable":true,"href":"https:\/\/revistacienciaecultura.org.br\/index.php?rest_route=\/wp\/v2\/users\/19"}],"replies":[{"embeddable":true,"href":"https:\/\/revistacienciaecultura.org.br\/index.php?rest_route=%2Fwp%2Fv2%2Fcomments&post=3359"}],"version-history":[{"count":1,"href":"https:\/\/revistacienciaecultura.org.br\/index.php?rest_route=\/wp\/v2\/posts\/3359\/revisions"}],"predecessor-version":[{"id":3360,"href":"https:\/\/revistacienciaecultura.org.br\/index.php?rest_route=\/wp\/v2\/posts\/3359\/revisions\/3360"}],"wp:featuredmedia":[{"embeddable":true,"href":"https:\/\/revistacienciaecultura.org.br\/index.php?rest_route=\/wp\/v2\/media\/3173"}],"wp:attachment":[{"href":"https:\/\/revistacienciaecultura.org.br\/index.php?rest_route=%2Fwp%2Fv2%2Fmedia&parent=3359"}],"wp:term":[{"taxonomy":"category","embeddable":true,"href":"https:\/\/revistacienciaecultura.org.br\/index.php?rest_route=%2Fwp%2Fv2%2Fcategories&post=3359"},{"taxonomy":"post_tag","embeddable":true,"href":"https:\/\/revistacienciaecultura.org.br\/index.php?rest_route=%2Fwp%2Fv2%2Ftags&post=3359"}],"curies":[{"name":"wp","href":"https:\/\/api.w.org\/{rel}","templated":true}]}}