{"id":3361,"date":"2022-11-15T07:30:35","date_gmt":"2022-11-15T07:30:35","guid":{"rendered":"https:\/\/revistacienciaecultura.org.br\/?p=3361"},"modified":"2022-11-14T10:46:47","modified_gmt":"2022-11-14T10:46:47","slug":"no-limite-um-fisico-apaixonado-pelo-cinema-e-professor-ex-centrico","status":"publish","type":"post","link":"https:\/\/revistacienciaecultura.org.br\/?p=3361","title":{"rendered":"No Limite: um f\u00edsico apaixonado pelo cinema e professor ex-c\u00eantrico"},"content":{"rendered":"<h4 id=\"conheca-a-historia-do-cientista-brasileiro-plinio-sussekind-rocha\"><span style=\"color: #808080;\">Conhe\u00e7a a hist\u00f3ria do cientista brasileiro Pl\u00ednio S\u00fcssekind Rocha<\/span><\/h4>\n<p><strong>\u00a0<\/strong><\/p>\n<p>Cinquenta anos atr\u00e1s falecia Pl\u00ednio S\u00fcssekind Rocha (Figura 1), um personagem importante no meio intelectual e acad\u00eamico do Rio, entre as d\u00e9cadas de 1930 e 1970. Atuou como professor de f\u00edsica nos ensinos secund\u00e1rio e superior, e colaborou na forma\u00e7\u00e3o das primeiras gera\u00e7\u00f5es de f\u00edsicos e matem\u00e1ticos no Brasil. Como professor de f\u00edsica na Faculdade Nacional de Filosofia (FNFi), influenciou alunos nas sendas da f\u00edsica e da filosofia da ci\u00eancia. Era aficionado pelo cinema. Atuou como cr\u00edtico, criou cineclubes e estimulou alunos, alguns dos quais se tornaram destacados cineastas ou cr\u00edticos de cinema. Uma a\u00e7\u00e3o, muito relevante para a cultura brasileira, foi ter sido o principal respons\u00e1vel pela preserva\u00e7\u00e3o e recupera\u00e7\u00e3o do cl\u00e1ssico filme \u201cLimite\u201d (1931) de M\u00e1rio Peixoto, nas d\u00e9cadas de 1950\/70, ao lado de Saulo Pereira de Mello, seu disc\u00edpulo.<\/p>\n<p><img loading=\"lazy\" class=\"aligncenter wp-image-3364\" src=\"https:\/\/revistacienciaecultura.org.br\/wp-content\/uploads\/2022\/11\/fig1.jpg\" alt=\"\" width=\"310\" height=\"400\" srcset=\"https:\/\/revistacienciaecultura.org.br\/wp-content\/uploads\/2022\/11\/fig1.jpg 144w, https:\/\/revistacienciaecultura.org.br\/wp-content\/uploads\/2022\/11\/fig1-9x12.jpg 9w\" sizes=\"(max-width: 310px) 100vw, 310px\" \/><\/p>\n<h6 id=\"figura-1-o-fisico-plinio-sussekind-rochareproducao\" style=\"text-align: center;\"><strong>Figura 1. O f\u00edsico Pl\u00ednio S\u00fcssekind Rocha<\/strong><br \/>\n(Reprodu\u00e7\u00e3o)<\/h6>\n<p>&nbsp;<\/p>\n<p>Nascido em 1911, aluno do Col\u00e9gio Zaccaria, Pl\u00ednio criou, com apenas 17 anos, com tr\u00eas amigos, o famoso Chaplin Club. Publicavam o jornal <em>O Fan<\/em> (Figura 2), defensor do cinema mudo, onde Pl\u00ednio exerceu um papel precursor de cr\u00edtico de cinema. Fez engenharia civil, ficou amigo de Bernhard Gross, que o iniciou na pesquisa no <span style=\"color: #800000;\"><strong><a style=\"color: #800000;\" href=\"https:\/\/www.gov.br\/mcti\/pt-br\/composicao\/rede-mcti\/instituto-nacional-de-tecnologia\">Instituto Nacional de Tecnologia<\/a><\/strong><\/span> (INT) e o convidou para ser professor na <strong><span style=\"color: #800000;\"><a style=\"color: #800000;\" href=\"https:\/\/www.udf.edu.br\/\">Universidade do Distrito Federal<\/a> <\/span><\/strong>(UDF), criada por An\u00edsio Teixeira, onde deu aulas de filosofia da ci\u00eancia entre 1935 e 1937. A experi\u00eancia da UDF \u00e9 amputada e Pl\u00ednio vai para Paris, por um ano, estudar filosofia da ci\u00eancia com Abel Rey. Ali conhece e fica amigo de Mario Schenberg e de Paulo Em\u00edlio Sales Gomes e o introduz nas sendas cinematogr\u00e1ficas.<\/p>\n<h6 id=\"figura-2-o-jornal-o-fanreproducao\" style=\"text-align: center;\"><img loading=\"lazy\" class=\"aligncenter wp-image-3365\" src=\"https:\/\/revistacienciaecultura.org.br\/wp-content\/uploads\/2022\/11\/fig2.jpg\" alt=\"\" width=\"400\" height=\"264\" srcset=\"https:\/\/revistacienciaecultura.org.br\/wp-content\/uploads\/2022\/11\/fig2.jpg 247w, https:\/\/revistacienciaecultura.org.br\/wp-content\/uploads\/2022\/11\/fig2-18x12.jpg 18w\" sizes=\"(max-width: 400px) 100vw, 400px\" \/><br \/>\n<strong>Figura 2. O jornal <\/strong><em><strong>O Fan<\/strong><br \/>\n<\/em>(Reprodu\u00e7\u00e3o)<\/h6>\n<p>&nbsp;<\/p>\n<p>De 1942 a 1969, foi professor catedr\u00e1tico de Mec\u00e2nica Racional, Mec\u00e2nica Celeste e F\u00edsica Matem\u00e1tica da FNFi. Ali criou um clube de cinema, que durou d\u00e9cadas, e estimulou alunos de f\u00edsica, para carreiras no cinema, como Joaquim Pedro de Andrade. De 1953 at\u00e9 sua morte, em 1972, juntamente com Saulo, quais Dom Quixote e Sancho Pan\u00e7a, fazem uma heroica e intensa campanha para a recupera\u00e7\u00e3o de \u201c<em>Limite<\/em>\u201d, cuja c\u00f3pia, em mau estado, lhe havia sido entregue pelo amigo Mario Peixoto. A batalha tem \u00eaxito e o filme \u00e9 completamente restaurado e novamente exibido em 1975 (Figura 3). Em 2015, o filme entrou em primeiro lugar na lista feita pela <span style=\"color: #800000;\"><strong><a style=\"color: #800000;\" href=\"https:\/\/abraccine.org\/\">Associa\u00e7\u00e3o Brasileira de Cr\u00edticos de Cinema<\/a> <\/strong><\/span>(Abraccine) dos 100 melhores filmes brasileiros de todos os tempos.<\/p>\n<p><img loading=\"lazy\" class=\"alignnone wp-image-3366\" src=\"https:\/\/revistacienciaecultura.org.br\/wp-content\/uploads\/2022\/11\/fig3A-132x300.jpg\" alt=\"\" width=\"170\" height=\"388\" srcset=\"https:\/\/revistacienciaecultura.org.br\/wp-content\/uploads\/2022\/11\/fig3A-132x300.jpg 132w, https:\/\/revistacienciaecultura.org.br\/wp-content\/uploads\/2022\/11\/fig3A-5x12.jpg 5w, https:\/\/revistacienciaecultura.org.br\/wp-content\/uploads\/2022\/11\/fig3A.jpg 146w\" sizes=\"(max-width: 170px) 100vw, 170px\" \/> <img loading=\"lazy\" class=\"alignnone wp-image-3367\" src=\"https:\/\/revistacienciaecultura.org.br\/wp-content\/uploads\/2022\/11\/fig3B.jpg\" alt=\"\" width=\"170\" height=\"230\" srcset=\"https:\/\/revistacienciaecultura.org.br\/wp-content\/uploads\/2022\/11\/fig3B.jpg 141w, https:\/\/revistacienciaecultura.org.br\/wp-content\/uploads\/2022\/11\/fig3B-9x12.jpg 9w\" sizes=\"(max-width: 170px) 100vw, 170px\" \/><\/p>\n<h6 id=\"figura-3-jornal-o-globo-de-26-05-1978reproducao\" style=\"text-align: center;\"><strong>Figura 3. Jornal O Globo de <\/strong><strong>26\/05\/1978<br \/>\n<\/strong>(Reprodu\u00e7\u00e3o)<\/h6>\n<p>&nbsp;<\/p>\n<p>Apenas por ter c\u00f3pias de filmes sovi\u00e9ticos, que exibia na FNFi, Pl\u00ednio foi preso arbitrariamente, em 1966, sob a acusa\u00e7\u00e3o de subvers\u00e3o. Em 1969, a ditadura militar acaba com sua carreira de professor universit\u00e1rio e contribui, pouco tempo depois, para sua morte prematura: foi aposentado compulsoriamente, com base no AI-5, com mais quatro colegas da f\u00edsica da <span style=\"color: #800000;\"><strong><a style=\"color: #800000;\" href=\"https:\/\/ufrj.br\/\">Universidade Federal do Rio de Janeiro<\/a><\/strong><\/span> (UFRJ): Leite Lopes, Tiomno, Sarah Barbosa e Elisa Frota-Pessoa.<\/p>\n<p>Pl\u00ednio estimulou alunas da escola p\u00fablica para carreiras cient\u00edficas, entre as quais Elisa, que se tornaria, em 1942, uma das primeiras f\u00edsicas do Brasil. Ela relatou: \u201cNo Gin\u00e1sio Paulo Frontin eu tive uma sorte muito grande: o Pl\u00ednio foi ensinar f\u00edsica l\u00e1. N\u00f3s ficamos muito amigos, ele me auxiliou muito, porque ele me dava outras coisas para eu ir estudando e acompanhava muito. O Pl\u00ednio foi o primeiro que disse: \u2018Se voc\u00ea gosta de f\u00edsica, voc\u00ea tem que fazer f\u00edsica mesmo. Agora j\u00e1 existe o curso de f\u00edsica na UDF\u2019.\u201d Para Sarah Barbosa: \u201cO Pl\u00ednio teve uma grande influ\u00eancia sobre n\u00f3s, e sucessivamente sobre todos os estudantes de F\u00edsica que vieram depois. Todos n\u00f3s, al\u00e9m de admiradores, nos tornamos tamb\u00e9m amigos do Pl\u00ednio&#8230; Era um homem inteligent\u00edssimo e culto&#8230; Tinha muitos amigos na intelectualidade brasileira, como Paulo Em\u00edlio Sales Gomes, Ot\u00e1vio de Faria, M\u00e1rio Peixoto, Paulo Carneiro, Almir de Castro, Vin\u00edcius de Moraes.\u201d<\/p>\n<p>Pl\u00ednio exerceu influ\u00eancia em muitos estudantes da FNFi, como o brilhante f\u00edsico te\u00f3rico Jorge Andr\u00e9 Swieca, a quem apoiou em sua ida para estudar na Europa e que disse de Pl\u00ednio: \u201cConhec\u00ea-lo foi um privil\u00e9gio\u201d. Ou em Luiz Pinguelli Rosa, que fez belo depoimento sobre Pl\u00ednio em seu livro Mem\u00f3rias. Foi inspira\u00e7\u00e3o para Ennio Candotti, que se tornou seu grande amigo, quando, a convite de Schenberg, Pl\u00ednio deu cursos de hist\u00f3ria e filosofia da ci\u00eancia na <a href=\"https:\/\/www5.usp.br\/\"><span style=\"color: #800000;\"><strong>Universidade de S\u00e3o Paul<\/strong><strong>o<\/strong><\/span><\/a> (USP), em 1964. Segundo Ennio, na filosofia da ci\u00eancia o maior interesse de Pl\u00ednio era o conceito de tempo, que no cinema ocupa papel conceitual central. Este tema est\u00e1 presente em muitas das anota\u00e7\u00f5es manuscritas de Pl\u00ednio. Para o f\u00edsico Luciano Videira: \u201cQuem, al\u00e9m de Pl\u00ednio, impressionou e marcou, de um modo t\u00e3o pr\u00f3prio e t\u00e3o indel\u00e9vel, tantos daqueles jovens que vieram, eles sim, a tornarem-se f\u00edsicos profissionais? &#8230; Obrigado por tudo e at\u00e9 sempre Professor.\u201d<\/p>\n<p>Um professor excelente e exigente, dotado de uma verve cr\u00edtica t\u00e3o apurada que, se encantava e formava bem seus alunos, tamb\u00e9m o impossibilitou de trazer \u00e0 luz muitas de suas ideias e pesquisas. Na aprecia\u00e7\u00e3o de Gross, Pl\u00ednio \u201cera extremamente inteligente e tinha uma grande vis\u00e3o. Devo muito a ele, na vida profissional tanto como na vida particular. O desaparecimento dele deixa o mundo mais pobre.\u201d Pl\u00ednio foi amigo de Laurent Schwartz \u2013 grande matem\u00e1tico franc\u00eas, criador da Teoria das Distribui\u00e7\u00f5es, Medalha Fields de 1950 \u2013 que enviou uma carta comovida \u00e0 companheira de Pl\u00ednio, Myrce Gomes, ap\u00f3s a morte deste (Figura 4).<\/p>\n<h6 id=\"figura-4-carta-do-matematico-frances-laurent-schwartzreproducao\" style=\"text-align: center;\"><img loading=\"lazy\" class=\"aligncenter wp-image-3368\" src=\"https:\/\/revistacienciaecultura.org.br\/wp-content\/uploads\/2022\/11\/fig4.jpg\" alt=\"\" width=\"296\" height=\"400\" srcset=\"https:\/\/revistacienciaecultura.org.br\/wp-content\/uploads\/2022\/11\/fig4.jpg 198w, https:\/\/revistacienciaecultura.org.br\/wp-content\/uploads\/2022\/11\/fig4-9x12.jpg 9w\" sizes=\"(max-width: 296px) 100vw, 296px\" \/><br \/>\n<strong>Figura 4. Carta do matem\u00e1tico franc\u00eas Laurent Schwartz<\/strong><br \/>\n(Reprodu\u00e7\u00e3o)<\/h6>\n<p>&nbsp;<\/p>\n<p>O caso de Pl\u00ednio ilustra um tipo de intelectual que, embora pouco considerado na hist\u00f3ria da ci\u00eancia, por n\u00e3o ter tido uma produ\u00e7\u00e3o cientifica ampla e destacada, deu uma contribui\u00e7\u00e3o relevante tanto para a forma\u00e7\u00e3o profissional de muitos cientistas, como por ter atuado com destaque na fronteira que conecta a cultura, em particular o cinema, e a ci\u00eancia. Pl\u00ednio vivenciou as primeiras iniciativas institucionais para a forma\u00e7\u00e3o de cientistas no Brasil, as grandes mudan\u00e7as culturais no cinema e as que ocorriam na ci\u00eancia, como o surgimento de relatividade e da mec\u00e2nica qu\u00e2ntica. Em homenagem a este mestre ex-c\u00eantrico e multifacetado, a Biblioteca do IF-UFRJ, da qual Pl\u00ednio \u00e9 o Patrono, organizou, sob a batuta competente de B\u00e1rbara N\u00f3brega, uma expressiva exposi\u00e7\u00e3o sobre ele, que pode ser ali vista at\u00e9 9 de dezembro, com documentos, livros e materiais de seu acervo pessoal (Figura 5). Vale ver!<\/p>\n<h6 id=\"figura-5-exposicao-sobre-plinio-sussekind-rocha-na-biblioteca-do-if-ufrjreproducao\" style=\"text-align: center;\"><img loading=\"lazy\" class=\"aligncenter wp-image-3369\" src=\"https:\/\/revistacienciaecultura.org.br\/wp-content\/uploads\/2022\/11\/fig5.jpg\" alt=\"\" width=\"400\" height=\"231\" srcset=\"https:\/\/revistacienciaecultura.org.br\/wp-content\/uploads\/2022\/11\/fig5.jpg 272w, https:\/\/revistacienciaecultura.org.br\/wp-content\/uploads\/2022\/11\/fig5-18x10.jpg 18w\" sizes=\"(max-width: 400px) 100vw, 400px\" \/><br \/>\n<strong>Figura 5. Exposi\u00e7\u00e3o sobre Pl\u00ednio S\u00fcssekind Rocha na Biblioteca do IF-UFRJ<\/strong><em><br \/>\n<\/em>(Reprodu\u00e7\u00e3o)<\/h6>\n<p>&nbsp;<\/p>\n<h6 id=\"capa-foto-do-professor-plinio-com-o-seu-aluno-saulo-pereira-de-melloimagem-por-myrce-rocha-reproducao\"><strong>Capa: Foto do professor Pl\u00ednio com o seu aluno Saulo Pereira de Mello<\/strong><br \/>\n(Imagem por Myrce Rocha.\/ Reprodu\u00e7\u00e3o)<\/h6>\n","protected":false},"excerpt":{"rendered":"Conhe\u00e7a a hist\u00f3ria do cientista brasileiro Pl\u00ednio S\u00fcssekind Rocha \u00a0 Cinquenta anos&hellip;\n","protected":false},"author":20,"featured_media":3371,"comment_status":"open","ping_status":"open","sticky":false,"template":"","format":"standard","meta":[],"categories":[1,2],"tags":[],"acf":[],"_links":{"self":[{"href":"https:\/\/revistacienciaecultura.org.br\/index.php?rest_route=\/wp\/v2\/posts\/3361"}],"collection":[{"href":"https:\/\/revistacienciaecultura.org.br\/index.php?rest_route=\/wp\/v2\/posts"}],"about":[{"href":"https:\/\/revistacienciaecultura.org.br\/index.php?rest_route=\/wp\/v2\/types\/post"}],"author":[{"embeddable":true,"href":"https:\/\/revistacienciaecultura.org.br\/index.php?rest_route=\/wp\/v2\/users\/20"}],"replies":[{"embeddable":true,"href":"https:\/\/revistacienciaecultura.org.br\/index.php?rest_route=%2Fwp%2Fv2%2Fcomments&post=3361"}],"version-history":[{"count":4,"href":"https:\/\/revistacienciaecultura.org.br\/index.php?rest_route=\/wp\/v2\/posts\/3361\/revisions"}],"predecessor-version":[{"id":3363,"href":"https:\/\/revistacienciaecultura.org.br\/index.php?rest_route=\/wp\/v2\/posts\/3361\/revisions\/3363"}],"wp:featuredmedia":[{"embeddable":true,"href":"https:\/\/revistacienciaecultura.org.br\/index.php?rest_route=\/wp\/v2\/media\/3371"}],"wp:attachment":[{"href":"https:\/\/revistacienciaecultura.org.br\/index.php?rest_route=%2Fwp%2Fv2%2Fmedia&parent=3361"}],"wp:term":[{"taxonomy":"category","embeddable":true,"href":"https:\/\/revistacienciaecultura.org.br\/index.php?rest_route=%2Fwp%2Fv2%2Fcategories&post=3361"},{"taxonomy":"post_tag","embeddable":true,"href":"https:\/\/revistacienciaecultura.org.br\/index.php?rest_route=%2Fwp%2Fv2%2Ftags&post=3361"}],"curies":[{"name":"wp","href":"https:\/\/api.w.org\/{rel}","templated":true}]}}