{"id":3373,"date":"2022-11-16T07:30:27","date_gmt":"2022-11-16T07:30:27","guid":{"rendered":"https:\/\/revistacienciaecultura.org.br\/?p=3373"},"modified":"2022-11-14T11:00:52","modified_gmt":"2022-11-14T11:00:52","slug":"survey-sobre-confianca-na-ciencia-na-pandemia-e-lancada-pelo-inct-cpct-fiocruz","status":"publish","type":"post","link":"https:\/\/revistacienciaecultura.org.br\/?p=3373","title":{"rendered":"Survey sobre confian\u00e7a na ci\u00eancia na pandemia \u00e9 lan\u00e7ada pelo INCT-CPCT\/Fiocruz"},"content":{"rendered":"<h4 id=\"ciencia-e-fundamental-para-evitar-e-combater-crises-como-a-pandemia-da-covid-19\"><span style=\"color: #808080;\">Ci\u00eancia \u00e9 fundamental para evitar e combater crises como a pandemia da covid-19<\/span><\/h4>\n<p>&nbsp;<\/p>\n<p>A pandemia de Covid-19 colocou a ci\u00eancia no foco das aten\u00e7\u00f5es. Por um lado, a pot\u00eancia do trabalho dos cientistas, que, em pouco tempo, desvendaram detalhes moleculares do v\u00edrus Sars-CoV-2 e suas formas de transmiss\u00e3o, bem como desenvolveram testes de diagn\u00f3stico e vacinas. Por outro, os limites desse trabalho, com perguntas ainda sem resposta, incertezas, controv\u00e9rsias e conclus\u00f5es parciais sendo constantemente revistas. Qual ser\u00e1 o impacto dessa din\u00e2mica complexa sobre a confian\u00e7a que o p\u00fablico tem na ci\u00eancia e nos cientistas? E sobre as estrat\u00e9gias de enfrentamento da pandemia?<\/p>\n<p>\u201cConfian\u00e7a na ci\u00eancia no Brasil em tempos de pandemia\u201d \u00e9 o tema da <em>survey<\/em> do <span style=\"color: #800000;\"><strong><a style=\"color: #800000;\" href=\"https:\/\/portal.fiocruz.br\/inct-cpct\">Instituto Nacional de Comunica\u00e7\u00e3o P\u00fablica da Ci\u00eancia e Tecnologia<\/a><\/strong><\/span> (INCT-CPCT), coordenado pela pesquisadora da <strong><span style=\"color: #800000;\"><a style=\"color: #800000;\" href=\"https:\/\/www.coc.fiocruz.br\/\">Casa de Oswaldo Cruz<\/a><\/span><\/strong> (COC\/Fiocruz), Luisa Massarani. Uma mesa-redonda ser\u00e1 promovida para divulgar o resultado do estudo nacional, em 12 de dezembro, \u00e0s 9h, no sal\u00e3o de confer\u00eancias do Centro de Documenta\u00e7\u00e3o e Hist\u00f3ria da Sa\u00fade (CDHS), sede da COC\/Fiocruz em Manguinhos, no Rio de Janeiro. O evento ter\u00e1 a participa\u00e7\u00e3o de Luisa Massarani e dos pesquisadores Yurij Castelfranchi (UFMG), Ildeu Moreira (UFRJ) e Vanessa Fagundes (Fapemig) e contar\u00e1 com os coment\u00e1ros de Soraya Smaili, do Centro de Estudos SoU_Ci\u00eancia; do jornalista Herton Escobar e de Thaiane de Oliveira, da UFF.<\/p>\n<p>Diante de uma emerg\u00eancia como a pandemia de Covid-19, a sociedade precisa de evid\u00eancias cient\u00edficas para tomar decis\u00f5es individuais e coletivas, inclusive para elaborar pol\u00edticas p\u00fablicas. Em contextos normais, evid\u00eancias podem levar anos para ser consolidadas, mas, em momentos de crise, \u00a0precisam estar dispon\u00edveis em curto prazo. Por conta dessa acelera\u00e7\u00e3o, o car\u00e1ter provis\u00f3rio do conhecimento cient\u00edfico se torna bastante evidente: o que se recomenda hoje pode n\u00e3o ser mais recomendado amanh\u00e3 (e vice-versa!).<\/p>\n<p><img loading=\"lazy\" class=\"aligncenter wp-image-3375\" src=\"https:\/\/revistacienciaecultura.org.br\/wp-content\/uploads\/2022\/11\/fiocruz2-300x300.jpg\" alt=\"\" width=\"500\" height=\"500\" srcset=\"https:\/\/revistacienciaecultura.org.br\/wp-content\/uploads\/2022\/11\/fiocruz2-300x300.jpg 300w, https:\/\/revistacienciaecultura.org.br\/wp-content\/uploads\/2022\/11\/fiocruz2-150x150.jpg 150w, https:\/\/revistacienciaecultura.org.br\/wp-content\/uploads\/2022\/11\/fiocruz2-12x12.jpg 12w, https:\/\/revistacienciaecultura.org.br\/wp-content\/uploads\/2022\/11\/fiocruz2-80x80.jpg 80w, https:\/\/revistacienciaecultura.org.br\/wp-content\/uploads\/2022\/11\/fiocruz2.jpg 720w\" sizes=\"(max-width: 500px) 100vw, 500px\" \/><\/p>\n<p>O INCT-CPCT iniciou suas atividades em 2017. O Instituto tem como objetivo investigar, desenvolver, aplicar e testar um conjunto de metodologias, instrumentos e a\u00e7\u00f5es relacionados com a divulga\u00e7\u00e3o cient\u00edfica, que contribuam para a melhoria das atividades nessa \u00e1rea. Al\u00e9m disso, visa fornecer subs\u00eddios para o aprimoramento de pol\u00edticas p\u00fablicas no setor e promover a forma\u00e7\u00e3o e qualifica\u00e7\u00e3o de pessoas capacitadas para atuar em pesquisa e atividades da \u00e1rea.<\/p>\n<p><strong>Servi\u00e7o<\/strong><br \/>\nSurvey nacional: \u201cConfian\u00e7a na ci\u00eancia no Brasil em tempos de pandemia\u201d<br \/>\nData: 12 de dezembro.<br \/>\nHor\u00e1rio: 9h.<br \/>\nLocal: Centro de Documenta\u00e7\u00e3o e Hist\u00f3ria da Sa\u00fade \u2013 Avenida Brasil, 4365 &#8211; Manguinhos, Rio de Janeiro &#8211; RJ.<\/p>\n<p>&nbsp;<\/p>\n<p><em><span style=\"color: #808080;\">Com informa\u00e7\u00f5es da <a style=\"color: #808080;\" href=\"https:\/\/www.fiocruzbrasilia.fiocruz.br\/\">Fiocruz<\/a><\/span><\/em><\/p>\n","protected":false},"excerpt":{"rendered":"Ci\u00eancia \u00e9 fundamental para evitar e combater crises como a pandemia da&hellip;\n","protected":false},"author":19,"featured_media":3377,"comment_status":"open","ping_status":"open","sticky":false,"template":"","format":"standard","meta":[],"categories":[1,2],"tags":[],"acf":[],"_links":{"self":[{"href":"https:\/\/revistacienciaecultura.org.br\/index.php?rest_route=\/wp\/v2\/posts\/3373"}],"collection":[{"href":"https:\/\/revistacienciaecultura.org.br\/index.php?rest_route=\/wp\/v2\/posts"}],"about":[{"href":"https:\/\/revistacienciaecultura.org.br\/index.php?rest_route=\/wp\/v2\/types\/post"}],"author":[{"embeddable":true,"href":"https:\/\/revistacienciaecultura.org.br\/index.php?rest_route=\/wp\/v2\/users\/19"}],"replies":[{"embeddable":true,"href":"https:\/\/revistacienciaecultura.org.br\/index.php?rest_route=%2Fwp%2Fv2%2Fcomments&post=3373"}],"version-history":[{"count":3,"href":"https:\/\/revistacienciaecultura.org.br\/index.php?rest_route=\/wp\/v2\/posts\/3373\/revisions"}],"predecessor-version":[{"id":3376,"href":"https:\/\/revistacienciaecultura.org.br\/index.php?rest_route=\/wp\/v2\/posts\/3373\/revisions\/3376"}],"wp:featuredmedia":[{"embeddable":true,"href":"https:\/\/revistacienciaecultura.org.br\/index.php?rest_route=\/wp\/v2\/media\/3377"}],"wp:attachment":[{"href":"https:\/\/revistacienciaecultura.org.br\/index.php?rest_route=%2Fwp%2Fv2%2Fmedia&parent=3373"}],"wp:term":[{"taxonomy":"category","embeddable":true,"href":"https:\/\/revistacienciaecultura.org.br\/index.php?rest_route=%2Fwp%2Fv2%2Fcategories&post=3373"},{"taxonomy":"post_tag","embeddable":true,"href":"https:\/\/revistacienciaecultura.org.br\/index.php?rest_route=%2Fwp%2Fv2%2Ftags&post=3373"}],"curies":[{"name":"wp","href":"https:\/\/api.w.org\/{rel}","templated":true}]}}