{"id":3379,"date":"2022-11-17T07:30:11","date_gmt":"2022-11-17T07:30:11","guid":{"rendered":"https:\/\/revistacienciaecultura.org.br\/?p=3379"},"modified":"2022-11-16T19:34:20","modified_gmt":"2022-11-16T19:34:20","slug":"ildeu-de-castro-moreira-integra-equipe-de-transicao-do-governo-lula","status":"publish","type":"post","link":"https:\/\/revistacienciaecultura.org.br\/?p=3379","title":{"rendered":"Ildeu de Castro Moreira integra equipe de transi\u00e7\u00e3o do Governo Lula"},"content":{"rendered":"<h4 id=\"presidente-da-sociedade-brasileira-para-o-progresso-da-ciencia-sbpc-entre-2017-e-2021-e-um-dos-12-integrantes-do-grupo-tecnico-de-ciencia-tecnologia\"><span style=\"color: #808080;\">Presidente da Sociedade Brasileira para o Progresso da Ci\u00eancia (SBPC) entre 2017 e 2021 \u00e9 um dos 12 integrantes do grupo t\u00e9cnico de Ci\u00eancia &amp; Tecnologia.\u00a0<\/span><\/h4>\n<p>&nbsp;<\/p>\n<p>O ex-presidente da Sociedade Brasileira para o Progresso da Ci\u00eancia (SBPC), Ildeu de Castro Moreira, \u00e9 um dos 12 nomes que comp\u00f5em o grupo t\u00e9cnico de Ci\u00eancia &amp; Tecnologia que auxiliar\u00e1 na transi\u00e7\u00e3o do Governo Lula. O an\u00fancio foi realizado pelo futuro vice-presidente, Geraldo Alckmin, na manh\u00e3 desta quinta-feira (16\/11).<\/p>\n<p>Al\u00e9m de Moreira, tamb\u00e9m integram a lista dos especialistas o presidente de honra da SBPC e ex-ministro da CT&amp;I, S\u00e9rgio Machado Rezende, e dois conselheiros da entidade: Ima Vieira, pesquisadora titular do Museu Paraense Em\u00edlio Goeldi; e Ricardo Galv\u00e3o, professor titular do Instituto de F\u00edsica da Universidade de S\u00e3o Paulo e ex-diretor do Inpe (Instituto Nacional de Pesquisas Espaciais), que havia sido demitido do cargo durante o Governo Bolsonaro por divulgar dados de desmatamento da Amaz\u00f4nia.<\/p>\n<p>Confira todos os nomes envolvidos no grupo t\u00e9cnico:<\/p>\n<p><strong>\u2013 Alexandre Navarro,<\/strong>\u00a0vice-presidente da Funda\u00e7\u00e3o Jo\u00e3o Mangabeira;<\/p>\n<p><strong>\u2013 Andr\u00e9 Leandro Magalh\u00e3es,\u00a0<\/strong>mestre em engenharia aeron\u00e1utica, ex-presidente do Dataprev;<\/p>\n<p><strong>\u2013 Celso Pansera,\u00a0<\/strong>ex-deputado federal e ex-ministro da CT&amp;I;<\/p>\n<p><strong>\u2013 Ildeu de Castro Moreira,<\/strong>\u00a0professor da UFRJ e ex-presidente da SBPC;<\/p>\n<p><strong>\u2013 Glaucius Oliva,\u00a0<\/strong>professor titular do Instituto de F\u00edsica da USP de S\u00e3o Carlos, ex-reitor da USP e ex-presidente do CNPq;<\/p>\n<p><strong>\u2013 Ima Vieira,<\/strong>\u00a0doutora em Ecologia, pesquisadora titular do Museu Paraense Em\u00edlio Goeldi e conselheira da SBPC;<\/p>\n<p><strong>\u2013 Iraneide Soares da Silva,\u00a0<\/strong>doutora em Hist\u00f3ria e integrante do N\u00facleo de Estudos e Pesquisas em Hist\u00f3ria e Mem\u00f3ria da Escravid\u00e3o e do P\u00f3s-Aboli\u00e7\u00e3o da UESPI;<\/p>\n<p><strong>\u2013 Leoni Andrade,\u00a0<\/strong>diretor de Tecnologia e Inova\u00e7\u00e3o do Senai;<\/p>\n<p><strong>\u2013 Luis Manuel Rebelo Fernandes<\/strong>, professor do Instituto de Rela\u00e7\u00f5es Internacionais (IRI) da PUC-RJ;<\/p>\n<p><strong>\u2013 Luiz Antonio Elias,<\/strong>\u00a0ex-secret\u00e1rio executivo do Minist\u00e9rio da Ci\u00eancia e Tecnologia;<\/p>\n<p><strong>\u2013 Ricardo Galv\u00e3o,\u00a0<\/strong>professor titular do Instituto de F\u00edsica da Universidade de S\u00e3o Paulo, membro da Academia Brasileira de Ci\u00eancias, conselheiro da SBPC e ex-diretor do Inpe;<\/p>\n<p><strong>\u2013 S\u00e9rgio Machado Rezende,<\/strong>\u00a0ex-ministro da Ci\u00eancia e Tecnologia, ex-presidente do Finep e presidente de honra da SBPC.<\/p>\n<p>Moreira presidiu a SBPC por duas gest\u00f5es, entre 2017 e 2021, e foi uma lideran\u00e7a no setor nesses anos, considerados os mais desafiadores para a Ci\u00eancia Nacional nas \u00faltimas d\u00e9cadas. Sua Presid\u00eancia foi marcada pela luta incans\u00e1vel pela recomposi\u00e7\u00e3o dos recursos or\u00e7ament\u00e1rios para a CT&amp;I.<\/p>\n<p><img loading=\"lazy\" class=\"aligncenter wp-image-1974\" src=\"https:\/\/revistacienciaecultura.org.br\/wp-content\/uploads\/2022\/04\/ildeu-300x300.jpg\" alt=\"\" width=\"400\" height=\"400\" srcset=\"https:\/\/revistacienciaecultura.org.br\/wp-content\/uploads\/2022\/04\/ildeu-300x300.jpg 300w, https:\/\/revistacienciaecultura.org.br\/wp-content\/uploads\/2022\/04\/ildeu-150x150.jpg 150w, https:\/\/revistacienciaecultura.org.br\/wp-content\/uploads\/2022\/04\/ildeu-12x12.jpg 12w, https:\/\/revistacienciaecultura.org.br\/wp-content\/uploads\/2022\/04\/ildeu-80x80.jpg 80w, https:\/\/revistacienciaecultura.org.br\/wp-content\/uploads\/2022\/04\/ildeu.jpg 500w\" sizes=\"(max-width: 400px) 100vw, 400px\" \/><\/p>\n<h6 id=\"ildeu-de-castro-moreira-professor-doinstituto-de-fisica-da-universidade-federal-do-rio-de-janeiro-ufrj-e-presidente-de-honra-da-sbpc\">Ildeu de Castro Moreira, professor doInstituto de F\u00edsica da Universidade Federal do Rio de Janeiro (UFRJ) e presidente de honra da SBPC<\/h6>\n<p>&nbsp;<\/p>\n<p>Professor e pesquisador do Instituto de F\u00edsica da Universidade Federal do Rio de Janeiro (UFRJ), Moreira tamb\u00e9m leciona no Programa de P\u00f3s-gradua\u00e7\u00e3o em Hist\u00f3ria das Ci\u00eancias, Ensino de F\u00edsica e Hist\u00f3ria da F\u00edsica na UFRJ, e no Programa de Mestrado em Divulga\u00e7\u00e3o Cient\u00edfica da Fiocruz. Foi diretor do Departamento de Populariza\u00e7\u00e3o da C&amp;T do Minist\u00e9rio da Ci\u00eancia, Tecnologia e Inova\u00e7\u00e3o (MCTI) e coordenador da Semana Nacional de Ci\u00eancia e Tecnologia (2004 a 2012). Tamb\u00e9m foi membro dos conselhos da Sociedade Brasileira de F\u00edsica (SBF), Sociedade Brasileira de Hist\u00f3ria da Ci\u00eancia (SBHC) e da SBPC, do Conselho Superior da Coordena\u00e7\u00e3o de Aperfei\u00e7oamento de Pessoal de N\u00edvel Superior (Capes) e do Comit\u00ea de Assessoramento de Divulga\u00e7\u00e3o Cient\u00edfica do Conselho Nacional de Desenvolvimento Cient\u00edfico e Tecnol\u00f3gico (CNPq).<\/p>\n<p>Ainda candidato, Lula compareceu \u00e0 74\u00aa Reuni\u00e3o Anual da SBPC em julho deste ano, onde criticou os contingenciamentos recorrentes nos recursos de Ci\u00eancia, Tecnologia e Inova\u00e7\u00e3o, justificados pelo Teto de Gastos, e afirmou que realizaria uma reestrutura\u00e7\u00e3o na \u00e1rea:<\/p>\n<p>\u201cA gente tem que parar de ver as coisas como \u2018tal coisa gasta isso\u2019, e ver o quanto custou para o pa\u00eds n\u00e3o fazer as coisas no tempo certo. Quanto custou para esse pa\u00eds ser o \u00faltimo a abolir a escravid\u00e3o? A fazer a reforma agr\u00e1ria h\u00e1 apenas 50 anos? Em fazer a sua primeira universidade somente em 1920? Ci\u00eancia e Tecnologia n\u00e3o s\u00e3o gastos p\u00fablicos, s\u00e3o investimentos para a soberania do pa\u00eds\u201d, pontuou.<\/p>\n<p><span style=\"color: #808080;\"><a style=\"color: #808080;\" href=\"http:\/\/www.jornaldaciencia.org.br\/\"><em>Jornal da Ci\u00eancia<\/em><\/a><\/span><\/p>\n","protected":false},"excerpt":{"rendered":"Presidente da Sociedade Brasileira para o Progresso da Ci\u00eancia (SBPC) entre 2017&hellip;\n","protected":false},"author":19,"featured_media":3345,"comment_status":"open","ping_status":"open","sticky":false,"template":"","format":"standard","meta":[],"categories":[1,2],"tags":[],"acf":[],"_links":{"self":[{"href":"https:\/\/revistacienciaecultura.org.br\/index.php?rest_route=\/wp\/v2\/posts\/3379"}],"collection":[{"href":"https:\/\/revistacienciaecultura.org.br\/index.php?rest_route=\/wp\/v2\/posts"}],"about":[{"href":"https:\/\/revistacienciaecultura.org.br\/index.php?rest_route=\/wp\/v2\/types\/post"}],"author":[{"embeddable":true,"href":"https:\/\/revistacienciaecultura.org.br\/index.php?rest_route=\/wp\/v2\/users\/19"}],"replies":[{"embeddable":true,"href":"https:\/\/revistacienciaecultura.org.br\/index.php?rest_route=%2Fwp%2Fv2%2Fcomments&post=3379"}],"version-history":[{"count":5,"href":"https:\/\/revistacienciaecultura.org.br\/index.php?rest_route=\/wp\/v2\/posts\/3379\/revisions"}],"predecessor-version":[{"id":3384,"href":"https:\/\/revistacienciaecultura.org.br\/index.php?rest_route=\/wp\/v2\/posts\/3379\/revisions\/3384"}],"wp:featuredmedia":[{"embeddable":true,"href":"https:\/\/revistacienciaecultura.org.br\/index.php?rest_route=\/wp\/v2\/media\/3345"}],"wp:attachment":[{"href":"https:\/\/revistacienciaecultura.org.br\/index.php?rest_route=%2Fwp%2Fv2%2Fmedia&parent=3379"}],"wp:term":[{"taxonomy":"category","embeddable":true,"href":"https:\/\/revistacienciaecultura.org.br\/index.php?rest_route=%2Fwp%2Fv2%2Fcategories&post=3379"},{"taxonomy":"post_tag","embeddable":true,"href":"https:\/\/revistacienciaecultura.org.br\/index.php?rest_route=%2Fwp%2Fv2%2Ftags&post=3379"}],"curies":[{"name":"wp","href":"https:\/\/api.w.org\/{rel}","templated":true}]}}