{"id":3439,"date":"2022-11-22T08:00:41","date_gmt":"2022-11-22T08:00:41","guid":{"rendered":"https:\/\/revistacienciaecultura.org.br\/?p=3439"},"modified":"2022-11-21T13:40:31","modified_gmt":"2022-11-21T13:40:31","slug":"sbpc-recebe-mais-de-440-indicacoes-para-premio-carolina-bori-ciencia-mulher","status":"publish","type":"post","link":"https:\/\/revistacienciaecultura.org.br\/?p=3439","title":{"rendered":"SBPC recebe mais de 440 indica\u00e7\u00f5es para Pr\u00eamio Carolina Bori Ci\u00eancia &#038; Mulher"},"content":{"rendered":"<h4 id=\"este-ano-a-premiacao-e-dedicada-as-meninas-cientistas-estudantes-do-ensino-medio-e-da-graduacao-com-notorio-talento-para-uma-carreira-cientifica-promissora-comissao-julgadora-se-reune-em-dezembro-pa\"><span style=\"color: #808080;\">Este ano a premia\u00e7\u00e3o \u00e9 dedicada \u00e0s Meninas Cientistas, estudantes do Ensino M\u00e9dio e da Gradua\u00e7\u00e3o com not\u00f3rio talento para uma carreira cient\u00edfica promissora. Comiss\u00e3o julgadora se re\u00fane em dezembro para selecionar as seis vencedoras. Resultados ser\u00e3o divulgados no dia 20 de janeiro de 2023<\/span><\/h4>\n<p>&nbsp;<\/p>\n<p>A Sociedade Brasileira para o Progresso da Ci\u00eancia (SBPC) recebeu 446 indica\u00e7\u00f5es para a 4\u00aa Edi\u00e7\u00e3o do Pr\u00eamio Carolina Bori Ci\u00eancia &amp; Mulher, que neste ano premiar\u00e1 as \u201cMeninas Cientistas\u201d. Foram 126 indicadas para a categoria Ensino M\u00e9dio e 320 para a Gradua\u00e7\u00e3o, categoria que ser\u00e1 subdivida entre as 3 grandes \u00e1reas do conhecimento: Humanidades; Biol\u00f3gicas e Sa\u00fade; e Engenharias, Exatas e Ci\u00eancias da Terra. As concorrentes s\u00e3o oriundas de escolas e universidades de todas as regi\u00f5es do Pa\u00eds.<\/p>\n<p>\u201cEstamos muto contentes com a dimens\u00e3o que a premia\u00e7\u00e3o recebeu nesta edi\u00e7\u00e3o. Em poucos anos desde seu lan\u00e7amento, em 2019, o Pr\u00eamio Carolina Bori Ci\u00eancia &amp; Mulher j\u00e1 se estabelece com uma premia\u00e7\u00e3o relevante no Pa\u00eds, que homenageia as cientistas brasileiras com uma carreira renomada e, tamb\u00e9m, incentiva as jovens estudantes a se interessarem pela ci\u00eancia como uma profiss\u00e3o\u201d, celebra a vice-presidente da SBPC, Fernanda Sobral.<\/p>\n<p>As indicadas ser\u00e3o agora avaliadas pela comiss\u00e3o julgadora formada por mulheres cientistas. Presidida por Sobral, o corpo de jurado conta ainda com Fernanda Wernek, bi\u00f3loga e Pesquisadora titular do Instituto Nacional de Pesquisas da Amaz\u00f4nia (Inpa); Maria Domingues Vargas, professora do Instituto do Qu\u00edmica da Universidade Federal Fluminense (UFF) e representante da Academia Brasileira de Ci\u00eancias (ABC) no j\u00fari; Miriam Grossi, professora titular do Departamento de Antropologia da Universidade Federal de Santa Catarina (UFSC) e diretora da SBPC; e Vanderlan Bolzani, professora titular do IQAr\/Unesp, conselheira da SBPC e presidente da Academia de Ci\u00eancias do Estado de S\u00e3o Paulo (Aciesp). Elas ter\u00e3o a \u00e1rdua tarefa de selecionar seis premiadas \u2013 tr\u00eas do Ensino M\u00e9dio e tr\u00eas da Gradua\u00e7\u00e3o \u2013 de cada uma das tr\u00eas \u00e1reas.<\/p>\n<p>Na an\u00e1lise das indicadas, ser\u00e3o avaliadas a criatividade e boa aplica\u00e7\u00e3o do m\u00e9todo cient\u00edfico em projetos de inicia\u00e7\u00e3o cient\u00edfica, bem como o potencial de contribui\u00e7\u00e3o com a ci\u00eancia no futuro. Tamb\u00e9m ser\u00e1 observado o desempenho das estudantes em atividades cient\u00edficas como feiras, olimp\u00edadas cient\u00edficas e atividades similares. As vencedoras desta 4\u00aa edi\u00e7\u00e3o ser\u00e3o anunciadas no dia 20 de janeiro de 2023 e a cerim\u00f4nia de entrega do Pr\u00eamio ser\u00e1 no dia 10 de fevereiro, durante o evento anual realizado pela SBPC em comemora\u00e7\u00e3o ao Dia Internacional das Mulheres e Meninas na Ci\u00eancia, institu\u00eddo pela Unesco (celebrado em 11 de fevereiro). O evento ter\u00e1 transmiss\u00e3o ao vivo pelo Canal da SBPC no YouTube.<\/p>\n<p>Criado em 2019, o Pr\u00eamio \u201cCarolina Bori Ci\u00eancia &amp; Mulher\u201d \u00e9 uma homenagem da SBPC \u00e0s cientistas brasileiras destacadas e \u00e0s futuras cientistas brasileiras, que leva o nome de sua primeira presidente mulher, Carolina Martuscelli Bori. A premia\u00e7\u00e3o ocorre anualmente, alternando duas categorias \u2013 \u201cMulheres Cientistas\u201d e \u201cMeninas na Ci\u00eancia\u201d. Na 1\u00aa edi\u00e7\u00e3o, 25 Sociedades Cient\u00edficas afiliadas \u00e0 SBPC indicaram 29 cientistas brasileiras. A escolhida para receber o pr\u00eamio na categoria \u201cMulheres Cientistas\u201d foi\u00a0<strong>Helena Bonciani Nader<\/strong>, professora-titular da Universidade Federal de S\u00e3o Paulo (EPM-Unifesp). E\u00a0<strong>Alice Rangel de Paiva Abreu<\/strong>, professora em\u00e9rita da UFRJ, recebeu a \u201cMen\u00e7\u00e3o Honrosa\u201d.<\/p>\n<p>Em 2020, foi a vez das \u201cMeninas na Ci\u00eancia\u201d, e j\u00e1 naquela primeira edi\u00e7\u00e3o para as jovens, a SBPC recebeu 286 indica\u00e7\u00f5es de candidatas, oriundas de 18 estados e 70 munic\u00edpios de todas as regi\u00f5es do Pa\u00eds.\u00a0Um in\u00edcio surpreendente.\u00a0<strong>Juliana Davoglio Estradioto<\/strong>, formada no curso t\u00e9cnico em Administra\u00e7\u00e3o do Instituto Federal do Rio Grande (IFRS), foi a vencedora no n\u00edvel de Ensino M\u00e9dio, e<strong>\u00a0Raquel Soares Bandeira<\/strong>, graduanda de Enfermagem da Universidade Federal de Minas Gerais (UFMG), foi a escolhida na categoria Gradua\u00e7\u00e3o,\u00a0pelo trabalho sobre \u201cEfic\u00e1cia terap\u00eautica de uma\u00a0naftoquinona contra a leishmaniose\u201d.<\/p>\n<p>O pr\u00eamio ainda concedeu duas men\u00e7\u00f5es honrosas para cada n\u00edvel.\u00a0<strong>Ana Carolina Botelho Lucena<\/strong>, aluna do Col\u00e9gio de Aplica\u00e7\u00e3o da Universidade Federal do Par\u00e1 (UFPA), pelo trabalho sobre \u201cA morte como testemunho da vida: fam\u00edlia e escravid\u00e3o nos testamentos do Centro de Mem\u00f3ria da Amaz\u00f4nia\u201d, e\u00a0<strong>Nallanda Victoria dos Santos Martins<\/strong>, estudante do Col\u00e9gio Estadual Doutor Antonio Garcia Filho, Umba\u00faba (SE), pelo trabalho sobre \u201cCasa de farinha: da mandioca ao biopl\u00e1stico\u201d, receberam pelo n\u00edvel Ensino M\u00e9dio. Em Gradua\u00e7\u00e3o, as men\u00e7\u00f5es honrosas foram para\u00a0<strong>Julia Bondar<\/strong>, estudante de Medicina da Universidade Federal do Rio Grande do Sul (UFRGS), pelo trabalho sobre depress\u00e3o em adolescentes, e\u00a0<strong>Nayara Stefanie Mandarino Silva<\/strong>, graduada em Letras Portugu\u00eas e Ingl\u00eas pela Universidade Federal de Sergipe (UFS), pelo trabalho sobre \u201cMarqu\u00eas de Pombal e a Instru\u00e7\u00e3o P\u00fablica\u201d.<\/p>\n<p>Na 3\u00aa edi\u00e7\u00e3o, em 2021, a entidade premiou\u00a0<strong>Nilma Lino Gomes<\/strong>, professora titular em\u00e9rita da Faculdade de Educa\u00e7\u00e3o da Universidade Federal de Minas Gerais (UFMG), na \u00e1rea de Humanidades;\u00a0<strong>Gulnar Azevedo e Silva<\/strong>, professora titular do Instituto de Medicina Social da Universidade do Estado do Rio de Janeiro (UERJ), na \u00e1rea de Biol\u00f3gicas e Sa\u00fade; e\u00a0<strong>Beatriz Leonor Silveira Barbuy<\/strong>, professora titular do Instituto de Astronomia, Geof\u00edsica e Ci\u00eancias Atmosf\u00e9ricas (IAG) da Universidade de S\u00e3o Paulo (USP), em Engenharias, Exatas e Ci\u00eancias da Terra.<\/p>\n<p><span style=\"color: #808080;\"><a style=\"color: #808080;\" href=\"http:\/\/www.jornaldaciencia.org.br\/\" target=\"_blank\" rel=\"noopener\"><em>Jornal da Ci\u00eancia<\/em><\/a><\/span><\/p>\n","protected":false},"excerpt":{"rendered":"Este ano a premia\u00e7\u00e3o \u00e9 dedicada \u00e0s Meninas Cientistas, estudantes do Ensino&hellip;\n","protected":false},"author":19,"featured_media":2528,"comment_status":"open","ping_status":"open","sticky":false,"template":"","format":"standard","meta":[],"categories":[1,2],"tags":[],"acf":[],"_links":{"self":[{"href":"https:\/\/revistacienciaecultura.org.br\/index.php?rest_route=\/wp\/v2\/posts\/3439"}],"collection":[{"href":"https:\/\/revistacienciaecultura.org.br\/index.php?rest_route=\/wp\/v2\/posts"}],"about":[{"href":"https:\/\/revistacienciaecultura.org.br\/index.php?rest_route=\/wp\/v2\/types\/post"}],"author":[{"embeddable":true,"href":"https:\/\/revistacienciaecultura.org.br\/index.php?rest_route=\/wp\/v2\/users\/19"}],"replies":[{"embeddable":true,"href":"https:\/\/revistacienciaecultura.org.br\/index.php?rest_route=%2Fwp%2Fv2%2Fcomments&post=3439"}],"version-history":[{"count":2,"href":"https:\/\/revistacienciaecultura.org.br\/index.php?rest_route=\/wp\/v2\/posts\/3439\/revisions"}],"predecessor-version":[{"id":3441,"href":"https:\/\/revistacienciaecultura.org.br\/index.php?rest_route=\/wp\/v2\/posts\/3439\/revisions\/3441"}],"wp:featuredmedia":[{"embeddable":true,"href":"https:\/\/revistacienciaecultura.org.br\/index.php?rest_route=\/wp\/v2\/media\/2528"}],"wp:attachment":[{"href":"https:\/\/revistacienciaecultura.org.br\/index.php?rest_route=%2Fwp%2Fv2%2Fmedia&parent=3439"}],"wp:term":[{"taxonomy":"category","embeddable":true,"href":"https:\/\/revistacienciaecultura.org.br\/index.php?rest_route=%2Fwp%2Fv2%2Fcategories&post=3439"},{"taxonomy":"post_tag","embeddable":true,"href":"https:\/\/revistacienciaecultura.org.br\/index.php?rest_route=%2Fwp%2Fv2%2Ftags&post=3439"}],"curies":[{"name":"wp","href":"https:\/\/api.w.org\/{rel}","templated":true}]}}