{"id":3449,"date":"2022-11-23T08:00:29","date_gmt":"2022-11-23T08:00:29","guid":{"rendered":"https:\/\/revistacienciaecultura.org.br\/?p=3449"},"modified":"2022-11-22T19:10:24","modified_gmt":"2022-11-22T19:10:24","slug":"proibicao-ao-uso-de-animais-em-pesquisas-e-testes-de-cosmeticos-e-aprovada-pela-cae","status":"publish","type":"post","link":"https:\/\/revistacienciaecultura.org.br\/?p=3449","title":{"rendered":"Proibi\u00e7\u00e3o ao uso de animais em pesquisas e testes de cosm\u00e9ticos \u00e9 aprovada pela CAE"},"content":{"rendered":"<h4 id=\"o-projeto-estabelece-ainda-que-tecnicas-alternativas-internacionalmente-reconhecidas-serao-aceitas-pelas-autoridades-brasileiras-em-carater-prioritario\"><span style=\"color: #808080;\">O projeto estabelece ainda que t\u00e9cnicas alternativas internacionalmente reconhecidas ser\u00e3o aceitas pelas autoridades brasileiras em car\u00e1ter priorit\u00e1rio<\/span><\/h4>\n<p>&nbsp;<\/p>\n<p>A Comiss\u00e3o de Assuntos Econ\u00f4micos (CAE) aprovou nesta ter\u00e7a-feira (22) o projeto de lei da C\u00e2mara (PLC)\u00a0<span style=\"color: #800000;\"><strong><a style=\"color: #800000;\" href=\"http:\/\/www25.senado.leg.br\/web\/atividade\/materias\/-\/materia\/118217\" target=\"_blank\" rel=\"noopener\">70\/2014<\/a><\/strong><\/span>, que pro\u00edbe o uso de animais em pesquisas e testes para produ\u00e7\u00e3o de cosm\u00e9ticos. O texto segue para a Comiss\u00e3o de Meio Ambiente (CMA) em decis\u00e3o terminativa.<\/p>\n<p>O relator da mat\u00e9ria foi o senador Alessandro Vieira (PSDB-SE), mas o voto foi lido na CAE pelo senador Nelsinho Trad (PSD-MS). De acordo com o parlamentar, o PLC 70\/2014 n\u00e3o prejudica o desenvolvimento de medicamentos e vacinas, pois se restringe ao teste de cosm\u00e9ticos, perfumes e produtos de higiene pessoal.<\/p>\n<p>Os testes com animais para o desenvolvimento de cosm\u00e9ticos j\u00e1 s\u00e3o proibidos em v\u00e1rias partes do mundo. Um exemplo s\u00e3o os 28 pa\u00edses da Uni\u00e3o Europeia, que baniu a pr\u00e1tica em 2013. No Brasil, a discuss\u00e3o ganhou for\u00e7a ap\u00f3s o caso do Instituto Royal. Em 2013, 178 c\u00e3es e sete coelhos usados em pesquisas foram retirados por ativistas e moradores de S\u00e3o Roque (SP) de uma das sedes do instituto, que depois fechou as portas.<\/p>\n<p>O projeto, do deputado Ricardo Izar (PP-SP), tramitava em conjunto com o projeto de lei do Senado (PLS)\u00a0<span style=\"color: #800000;\"><strong><a style=\"color: #800000;\" href=\"http:\/\/www25.senado.leg.br\/web\/atividade\/materias\/-\/materia\/114926\" target=\"_blank\" rel=\"noopener\">438\/2013<\/a><\/strong><\/span>, do ex-senador Valdir Raupp (RO), e o\u00a0<span style=\"color: #800000;\"><strong><a style=\"color: #800000;\" href=\"http:\/\/www25.senado.leg.br\/web\/atividade\/materias\/-\/materia\/116216\" target=\"_blank\" rel=\"noopener\">PLS 45\/2014<\/a><\/strong><\/span>, do senador Alvaro Dias (Podemos-PR). As tr\u00eas propostas t\u00eam objetivo de impedir a utiliza\u00e7\u00e3o de animais em testes cosm\u00e9ticos, mas o relat\u00f3rio foi favor\u00e1vel ao texto da C\u00e2mara, considerado mais detalhado. Os outros dois ficaram prejudicados.<\/p>\n<h3 id=\"proibicoes\">Proibi\u00e7\u00f5es<\/h3>\n<p>O projeto original foi alterado pela C\u00e2mara, que tornou as regras menos r\u00edgidas. No Senado, o texto voltou a proibir os testes com animais para a produ\u00e7\u00e3o de cosm\u00e9ticos, perfumes e produtos de higiene pessoal.<\/p>\n<p>A proposta aprovada pela CAE veda o com\u00e9rcio de produtos que tenham sido testados ap\u00f3s a entrada em vigor da lei, exceto nos casos em que forem obtidos para cumprir regulamenta\u00e7\u00e3o n\u00e3o cosm\u00e9tica nacional ou estrangeira. Para a aplica\u00e7\u00e3o da exce\u00e7\u00e3o, as empresas interessadas na fabrica\u00e7\u00e3o ou na comercializa\u00e7\u00e3o do produto devem fornecer, quando solicitadas pelas autoridades competentes, evid\u00eancias documentais do prop\u00f3sito n\u00e3o cosm\u00e9tico do teste.<\/p>\n<p>De acordo com o texto, testes em animais para a produ\u00e7\u00e3o de cosm\u00e9ticos s\u00f3 podem ser permitidos pela autoridade sanit\u00e1ria em situa\u00e7\u00f5es excepcionais, em que houver \u201cgraves preocupa\u00e7\u00f5es em rela\u00e7\u00e3o \u00e0 seguran\u00e7a de um ingrediente cosm\u00e9tico\u201d e ap\u00f3s consulta \u00e0 sociedade. Para isso, \u00e9 necess\u00e1rio que o ingrediente seja amplamente usado no mercado e n\u00e3o possa ser substitu\u00eddo; que seja detectado problema espec\u00edfico de sa\u00fade humana relacionado ao ingrediente; e que inexista m\u00e9todo alternativo de teste.<\/p>\n<p>As empresas ter\u00e3o prazo de dois anos para atualiza\u00e7\u00e3o de sua pol\u00edtica de pesquisa e desenvolvimento, para assegurar o r\u00e1pido reconhecimento dos m\u00e9todos alternativos e adotar um plano estrat\u00e9gico para garantir a dissemina\u00e7\u00e3o desses m\u00e9todos em todo o territ\u00f3rio nacional e para a adapta\u00e7\u00e3o de sua infraestrutura para um modelo de inova\u00e7\u00e3o respons\u00e1vel. Tamb\u00e9m nesse prazo devem estabelecer medidas de fiscaliza\u00e7\u00e3o da utiliza\u00e7\u00e3o de dados obtidos de testes em animais realizados ap\u00f3s a entrada em vigor da lei para fins de avalia\u00e7\u00e3o de seguran\u00e7a e para a finalidade de registro de cosm\u00e9ticos.<\/p>\n<p>O projeto estabelece ainda que t\u00e9cnicas alternativas internacionalmente reconhecidas ser\u00e3o aceitas pelas autoridades brasileiras em car\u00e1ter priorit\u00e1rio. O relator Alessandro Vieira retirou do texto o aumento das multas previstas. Segundo ele, elas os valores j\u00e1 foram estabelecidos pela\u00a0<strong><span style=\"color: #800000;\"><a style=\"color: #800000;\" href=\"http:\/\/normas.leg.br\/?urn=urn:lex:br:federal:lei:2008-10-08;11794\" target=\"_blank\" rel=\"noopener\">Lei 11.794, de 2008<\/a><\/span><\/strong>.<\/p>\n<p><span style=\"color: #808080;\"><a style=\"color: #808080;\" href=\"https:\/\/www12.senado.leg.br\/noticias\/materias\/2022\/11\/22\/proibicao-ao-uso-de-animais-em-pesquisas-e-testes-de-cosmeticos-e-aprovado-pela-cae\" target=\"_blank\" rel=\"noopener\"><em>Ag\u00eancia Senado<\/em><\/a><\/span><\/p>\n<p>&nbsp;<\/p>\n<h6 id=\"capa-ricky-kharawala-unsplash-com\">Capa: <a class=\"N2odk RZQOk eziW_ cl4O9 KHq0c\" href=\"https:\/\/unsplash.com\/@sweetmangostudios\">Ricky Kharawala<\/a> | <a href=\"http:\/\/unsplash.com\" target=\"_blank\" rel=\"noopener\">Unsplash.com<\/a><\/h6>\n","protected":false},"excerpt":{"rendered":"O projeto estabelece ainda que t\u00e9cnicas alternativas internacionalmente reconhecidas ser\u00e3o aceitas pelas&hellip;\n","protected":false},"author":19,"featured_media":3451,"comment_status":"open","ping_status":"open","sticky":false,"template":"","format":"standard","meta":[],"categories":[1,2],"tags":[],"acf":[],"_links":{"self":[{"href":"https:\/\/revistacienciaecultura.org.br\/index.php?rest_route=\/wp\/v2\/posts\/3449"}],"collection":[{"href":"https:\/\/revistacienciaecultura.org.br\/index.php?rest_route=\/wp\/v2\/posts"}],"about":[{"href":"https:\/\/revistacienciaecultura.org.br\/index.php?rest_route=\/wp\/v2\/types\/post"}],"author":[{"embeddable":true,"href":"https:\/\/revistacienciaecultura.org.br\/index.php?rest_route=\/wp\/v2\/users\/19"}],"replies":[{"embeddable":true,"href":"https:\/\/revistacienciaecultura.org.br\/index.php?rest_route=%2Fwp%2Fv2%2Fcomments&post=3449"}],"version-history":[{"count":3,"href":"https:\/\/revistacienciaecultura.org.br\/index.php?rest_route=\/wp\/v2\/posts\/3449\/revisions"}],"predecessor-version":[{"id":3452,"href":"https:\/\/revistacienciaecultura.org.br\/index.php?rest_route=\/wp\/v2\/posts\/3449\/revisions\/3452"}],"wp:featuredmedia":[{"embeddable":true,"href":"https:\/\/revistacienciaecultura.org.br\/index.php?rest_route=\/wp\/v2\/media\/3451"}],"wp:attachment":[{"href":"https:\/\/revistacienciaecultura.org.br\/index.php?rest_route=%2Fwp%2Fv2%2Fmedia&parent=3449"}],"wp:term":[{"taxonomy":"category","embeddable":true,"href":"https:\/\/revistacienciaecultura.org.br\/index.php?rest_route=%2Fwp%2Fv2%2Fcategories&post=3449"},{"taxonomy":"post_tag","embeddable":true,"href":"https:\/\/revistacienciaecultura.org.br\/index.php?rest_route=%2Fwp%2Fv2%2Ftags&post=3449"}],"curies":[{"name":"wp","href":"https:\/\/api.w.org\/{rel}","templated":true}]}}