{"id":3544,"date":"2022-12-05T08:00:26","date_gmt":"2022-12-05T08:00:26","guid":{"rendered":"https:\/\/revistacienciaecultura.org.br\/?p=3544"},"modified":"2022-12-02T11:52:50","modified_gmt":"2022-12-02T11:52:50","slug":"o-jovem-cientista-brasileiro","status":"publish","type":"post","link":"https:\/\/revistacienciaecultura.org.br\/?p=3544","title":{"rendered":"O jovem cientista brasileiro"},"content":{"rendered":"<h4 id=\"a-vida-do-jovem-cientista-no-brasil-e-atraente\"><span style=\"color: #808080;\">A vida do jovem cientista no Brasil \u00e9 atraente?<\/span><\/h4>\n<p>&nbsp;<\/p>\n<p>Corte de bolsas, poucas oportunidades, muito trabalho. Afinal, a vida do jovem cientista no Brasil vale a pena? Para falar dos desafios da carreira cient\u00edfica, em suas diversas \u00e1reas, o Ci\u00eancia &amp; Cultura Cast conversou com tr\u00eas pesquisadores engajados no tema: Sofia Daher, assessora t\u00e9cnica e analista de Ci\u00eancia e Tecnologia, do <span style=\"color: #800000;\"><strong><a style=\"color: #800000;\" href=\"https:\/\/www.cgee.org.br\/\">Centro de Gest\u00e3o e Estudos Estrat\u00e9gicos<\/a><\/strong><\/span> (CGEE); Jaqueline Mesquita, professora do Departamento de Matem\u00e1tica da <span style=\"color: #800000;\"><strong><a style=\"color: #800000;\" href=\"https:\/\/www.unb.br\/\">Universidade de Bras\u00edlia<\/a><\/strong><\/span> (UnB); e Vin\u00edcius Soares, presidente da\u00a0<span style=\"color: #800000;\"><strong><a style=\"color: #800000;\" href=\"https:\/\/www.anpg.org.br\/\">Associa\u00e7\u00e3o Nacional de P\u00f3s-Graduandos<\/a><\/strong><\/span> (ANPG), gest\u00e3o 2022-2024.<\/p>\n<p>Desde 1996, o CGEE estuda a forma\u00e7\u00e3o de mestres e doutores e sua empregabilidade. Segundo Daher, com a crise que se aprofundou desde 2014 no Brasil, o n\u00famero de p\u00f3s-graduados sofreu uma redu\u00e7\u00e3o, segundo dados de 2009 a 2017. Por\u00e9m, ao mesmo tempo, houve um aumento na absor\u00e7\u00e3o pelo mercado de trabalho, ou seja, o n\u00famero de pessoas empregadas cresceu e a taxa foi maior que entre pessoas sem qualifica\u00e7\u00e3o. \u201cPara termos dados mais claros sobre o impacto da pandemia, precisamos do levantamento de 2018 a 2022\u201d, diz. Em sua vis\u00e3o, o Brasil tem hoje uma forma\u00e7\u00e3o persistente de mestres e doutores, o que contribuiu para fortalecer o sistema que passou por v\u00e1rios governos. Sistema este que precisa ser revisitado e reavaliado com frequ\u00eancia, face \u00e0 import\u00e2ncia dos jovens cientistas para o desenvolvimento do pa\u00eds, conclui a pesquisadora.<\/p>\n<p>Para Mesquita, os desafios da carreira cient\u00edfica passam por ingresso, perman\u00eancia, conclus\u00e3o e empregabilidade. Ela lembra que h\u00e1 muito tempo n\u00e3o h\u00e1 reajuste nas bolsas de estudos e os concursos para carreiras acad\u00eamico-cient\u00edficas tamb\u00e9m t\u00eam atra\u00eddo cada vez menos candidatos. A pesquisadora participa do\u00a0estudo\u00a0do Perfil dos Pesquisadores Brasileiros em In\u00edcio e Meio de Carreira,\u00a0 realizado pela\u00a0<span style=\"color: #800000;\"><strong><a style=\"color: #800000;\" href=\"https:\/\/www.abc.org.br\/\">Academia Brasileira de Ci\u00eancias<\/a><\/strong><\/span> (ABC)\u00a0em parceria com a <span style=\"color: #800000;\"><strong><a style=\"color: #800000;\" href=\"http:\/\/portal.sbpcnet.org.br\/\">Sociedade Brasileira para o Progresso da Ci\u00eancia<\/a><\/strong><\/span> (SBPC) e com o projeto\u00a0<em>Parent in Science<\/em>. O objetivo deste mapeamento com mais de\u00a0quatro mil entrevistados \u00e9 revelar quais os desafios que o jovem cientista enfrenta, considerando as diferen\u00e7as regionais, raciais e econ\u00f4micas do Pa\u00eds. O <em>survey<\/em> deve gerar subs\u00eddios para a cria\u00e7\u00e3o de pol\u00edticas p\u00fablicas.<\/p>\n<p>J\u00e1 Soares destaca uma das quest\u00f5es que considera mais importante neste contexto: Como atrair novos talentos, visto que a juventude n\u00e3o tem visto boas perspectivas na p\u00f3s-gradua\u00e7\u00e3o diante dos baixos valores das bolsas de pesquisa? \u201cMuitas vezes a gente vai fazer a escolha de como colocar o p\u00e3o na mesa\u201d. Al\u00e9m dos baixos valores das bolsas, Vin\u00edcius tamb\u00e9m fala da falta de direitos trabalhistas, \u201capesar de j\u00e1 sermos profissionais\u201d. Soma-se a isso as quest\u00f5es da perman\u00eancia e da sa\u00fade mental. \u201cNo mundo inteiro, os p\u00f3s-graduandos t\u00eam 60% mais chances de ter problemas psicol\u00f3gicos.\u201d Em uma frase que j\u00e1 virou piada, o presidente da ANPG resume o cen\u00e1rio dos \u00faltimos anos para os p\u00f3s-graduandos: \u201cTudo mudou no mundo desde 2013, at\u00e9 o Papa \u2013 menos as bolsas.\u201d<\/p>\n<p><strong>Ou\u00e7a aqui o epis\u00f3dio:<\/strong><\/p>\n<p><iframe title=\"Spotify Embed: O jovem cientista brasileiro\" style=\"border-radius: 12px\" width=\"100%\" height=\"152\" frameborder=\"0\" allowfullscreen allow=\"autoplay; clipboard-write; encrypted-media; fullscreen; picture-in-picture\" loading=\"lazy\" src=\"https:\/\/open.spotify.com\/embed\/episode\/4FOaoaz87oDqL1PDEsqam4?si=I0BRNOBpS5-1nw9exsajhA&#038;utm_source=oembed\"><\/iframe><\/p>\n","protected":false},"excerpt":{"rendered":"A vida do jovem cientista no Brasil \u00e9 atraente? &nbsp; Corte de&hellip;\n","protected":false},"author":19,"featured_media":3545,"comment_status":"open","ping_status":"open","sticky":false,"template":"","format":"standard","meta":[],"categories":[4],"tags":[],"acf":[],"_links":{"self":[{"href":"https:\/\/revistacienciaecultura.org.br\/index.php?rest_route=\/wp\/v2\/posts\/3544"}],"collection":[{"href":"https:\/\/revistacienciaecultura.org.br\/index.php?rest_route=\/wp\/v2\/posts"}],"about":[{"href":"https:\/\/revistacienciaecultura.org.br\/index.php?rest_route=\/wp\/v2\/types\/post"}],"author":[{"embeddable":true,"href":"https:\/\/revistacienciaecultura.org.br\/index.php?rest_route=\/wp\/v2\/users\/19"}],"replies":[{"embeddable":true,"href":"https:\/\/revistacienciaecultura.org.br\/index.php?rest_route=%2Fwp%2Fv2%2Fcomments&post=3544"}],"version-history":[{"count":3,"href":"https:\/\/revistacienciaecultura.org.br\/index.php?rest_route=\/wp\/v2\/posts\/3544\/revisions"}],"predecessor-version":[{"id":3552,"href":"https:\/\/revistacienciaecultura.org.br\/index.php?rest_route=\/wp\/v2\/posts\/3544\/revisions\/3552"}],"wp:featuredmedia":[{"embeddable":true,"href":"https:\/\/revistacienciaecultura.org.br\/index.php?rest_route=\/wp\/v2\/media\/3545"}],"wp:attachment":[{"href":"https:\/\/revistacienciaecultura.org.br\/index.php?rest_route=%2Fwp%2Fv2%2Fmedia&parent=3544"}],"wp:term":[{"taxonomy":"category","embeddable":true,"href":"https:\/\/revistacienciaecultura.org.br\/index.php?rest_route=%2Fwp%2Fv2%2Fcategories&post=3544"},{"taxonomy":"post_tag","embeddable":true,"href":"https:\/\/revistacienciaecultura.org.br\/index.php?rest_route=%2Fwp%2Fv2%2Ftags&post=3544"}],"curies":[{"name":"wp","href":"https:\/\/api.w.org\/{rel}","templated":true}]}}