{"id":3574,"date":"2022-12-08T11:16:38","date_gmt":"2022-12-08T11:16:38","guid":{"rendered":"https:\/\/revistacienciaecultura.org.br\/?p=3574"},"modified":"2022-12-08T11:16:38","modified_gmt":"2022-12-08T11:16:38","slug":"cop15-busca-acordo-historico-para-conter-perda-de-biodiversidade","status":"publish","type":"post","link":"https:\/\/revistacienciaecultura.org.br\/?p=3574","title":{"rendered":"COP15 busca acordo hist\u00f3rico para conter perda de biodiversidade"},"content":{"rendered":"<h4 id=\"conhecida-como-cop-da-biodiversidade-encontro-reune-chefes-de-estado-e-governo-de-todo-o-mundo-esta-semana-no-canada\"><span style=\"color: #808080;\">Conhecida como COP da Biodiversidade, encontro re\u00fane chefes de Estado e governo de todo o mundo esta semana no Canad\u00e1<\/span><\/h4>\n<p>&nbsp;<\/p>\n<p>O secret\u00e1rio-geral da ONU, Ant\u00f3nio Guterres, discursa na Confer\u00eancia de Biodiversidade da ONU, COP15, aberta nesta ter\u00e7a-feira (06) em Montreal, no Canad\u00e1.<\/p>\n<p>A primeira parte da COP15 ocorreu em Kunming, na China, em outubro do ano passado, e desta vez, a agenda inclui a continua\u00e7\u00e3o de negocia\u00e7\u00f5es para a ado\u00e7\u00e3o de um Quadro de Biodiversidade Global p\u00f3s-2020.<\/p>\n<p>&nbsp;<\/p>\n<h3 id=\"mulheres-jovens-e-indigenas\"><strong>Mulheres, jovens e ind\u00edgenas<\/strong><\/h3>\n<p>O Programa das Na\u00e7\u00f5es Unidas para o Meio Ambiente (Pnuma) explica que governos de todo o mundo devem tra\u00e7ar um novo conjunto de metas e objetivos que v\u00e3o guiar a a\u00e7\u00e3o global sobre a natureza at\u00e9 2030.<\/p>\n<p>A COP15 quer alcan\u00e7ar um acordo hist\u00f3rico para deter e reverter a perda da natureza, no mesmo n\u00edvel do Acordo de Paris sobre o Clima, de 2015. O que for adotado em Montreal ser\u00e1 essencialmente um plano global para salvar a biodiversidade em decl\u00ednio do planeta.<\/p>\n<p><strong>\u00a0<\/strong><\/p>\n<h3 id=\"cop27-e-cop15-qual-a-diferenca\"><strong>COP27 e COP15: qual a diferen\u00e7a?<\/strong><\/h3>\n<p>Embora pare\u00e7a semelhante \u00e0 COP27, a Confer\u00eancia da ONU sobre Mudan\u00e7a do Clima, ambos os eventos se concentram em quest\u00f5es diferentes, mas relacionadas.<\/p>\n<p>A COP27 abordou a\u00e7\u00f5es para reduzir as emiss\u00f5es de gases de efeito estufa e para se adaptar a essas mudan\u00e7as. J\u00e1 a COP15 tem a natureza como foco, por meio da Conven\u00e7\u00e3o sobre Diversidade Biol\u00f3gica, um tratado adotado para a conserva\u00e7\u00e3o e o uso sustent\u00e1vel da diversidade biol\u00f3gica e quest\u00f5es relacionadas.<\/p>\n<p>A COP da biodiversidade ocorre a cada dois anos e esta edi\u00e7\u00e3o \u00e9 particularmente importante, j\u00e1 que deve ser adotado um novo quadro global de biodiversidade. O acordo ser\u00e1 o primeiro desse tipo adotado desde os Objetivos de Biodiversidade de Aichi, em 2010.<\/p>\n<p>Na COP10 em Nagoya, no Jap\u00e3o, os governos se propuseram a cumprir os 20 Objetivos de Biodiversidade de Aichi at\u00e9 2020, incluindo que a perda de habitats naturais seria reduzida pela metade e que os planos para consumo e produ\u00e7\u00e3o sustent\u00e1veis seriam implementados.<\/p>\n<p>De acordo com um relat\u00f3rio de 2020, nenhuma dessas metas foi totalmente atingida. Os 196 pa\u00edses participantes ratificaram a Conven\u00e7\u00e3o sobre Diversidade Biol\u00f3gica, e 196 na\u00e7\u00f5es precisar\u00e3o adotar a estrutura nesta reuni\u00e3o em Montreal.<\/p>\n<p><strong>\u00a0<\/strong><\/p>\n<h3 id=\"por-que-a-conferencia-deste-ano-e-tao-importante\"><strong>Por que a confer\u00eancia deste ano \u00e9 t\u00e3o importante?<\/strong><\/h3>\n<p>O Pnuma destaca que enfrentar a perda da biodiversidade nunca foi t\u00e3o urgente. O planeta est\u00e1 passando por um perigoso decl\u00ednio da natureza como resultado da atividade humana. Est\u00e1 experimentando a maior perda de esp\u00e9cies desde os dinossauros. Um milh\u00e3o de esp\u00e9cies vegetais e animais est\u00e3o agora amea\u00e7adas de extin\u00e7\u00e3o.<\/p>\n<p>A exist\u00eancia da humanidade depende de ter ar puro, alimentos e um clima habit\u00e1vel, todos eles regulados pelo mundo natural. Um planeta saud\u00e1vel \u00e9 tamb\u00e9m um precursor de economias resilientes.<\/p>\n<p><strong>\u00a0<\/strong><\/p>\n<h3 id=\"impacto-da-perda-de-diversidade\"><strong>Impacto da perda de diversidade<\/strong><\/h3>\n<p>Mais da metade do PIB global, o equivalente a US$ 41,7 trilh\u00f5es, depende de ecossistemas saud\u00e1veis.<\/p>\n<p>Bilh\u00f5es de pessoas, em na\u00e7\u00f5es desenvolvidas e em desenvolvimento, se beneficiam diariamente da natureza e produtos que ela proporciona, incluindo alimentos, energia, materiais, medicamentos, recrea\u00e7\u00e3o e muitas outras contribui\u00e7\u00f5es vitais para o bem-estar humano.<\/p>\n<p>Ecossistemas saud\u00e1veis tamb\u00e9m s\u00e3o fundamentais para atingir os Objetivos de Desenvolvimento Sustent\u00e1vel e limitar o aquecimento global a 1.5\u00b0C, no entanto, \u00e9 prov\u00e1vel que a mudan\u00e7a clim\u00e1tica se torne um dos maiores motores da perda de biodiversidade at\u00e9 o final do s\u00e9culo.<\/p>\n<p><strong>\u00a0<\/strong><\/p>\n<h3 id=\"engajamento-de-todos-os-setores\"><strong>Engajamento de todos os setores<\/strong><\/h3>\n<p>O Pnuma alerta para a import\u00e2ncia de solu\u00e7\u00f5es que englobem toda a sociedade, desde o setor financeiro e empresarial, bem como governos, ONGs e sociedade civil.<\/p>\n<p>A participa\u00e7\u00e3o dos povos ind\u00edgenas e comunidades locais nos processos decis\u00f3rios relacionados \u00e0 natureza, e o reconhecimento de seus direitos \u00e0 terra, s\u00e3o especialmente importantes.<\/p>\n<p>Na COP15, ser\u00e1 necess\u00e1rio chegar a acordos sobre finan\u00e7as, incluindo quanto as na\u00e7\u00f5es ricas apoiar\u00e3o os pa\u00edses em desenvolvimento para financiar a conserva\u00e7\u00e3o da biodiversidade, bem como sobre acesso e compartilhamento de benef\u00edcios, especificamente quando se trata do uso de dados derivados de recursos gen\u00e9ticos.<\/p>\n<p><strong>\u00a0<\/strong><\/p>\n<h3 id=\"interromper-o-declinio-do-mundo-natural\"><strong>Interromper o decl\u00ednio do mundo natural<\/strong><\/h3>\n<p>Acesso e compartilhamento de benef\u00edcios se referem \u00e0 forma como os recursos gen\u00e9ticos podem ser acessados e como os benef\u00edcios resultantes desse uso s\u00e3o compartilhados entre usu\u00e1rios, como empresas de biotecnologia, e fornecedores, pa\u00edses e comunidades ricas em biodiversidade.<\/p>\n<p>Esta quest\u00e3o \u00e9 central para garantir que todos sejam capazes de se beneficiar dos recursos da natureza, n\u00e3o apenas um n\u00famero limitado de corpora\u00e7\u00f5es, particularmente no Hemisf\u00e9rio Norte.<\/p>\n<p>Para o Pnuma, dado o papel crucial que os ecossistemas saud\u00e1veis desempenham em todos os aspectos da humanidade, \u00e9 vital que se chegue a um acordo em Montreal e que o decl\u00ednio no mundo natural seja interrompido.<\/p>\n<p><span style=\"color: #808080;\"><em>Com informa\u00e7\u00f5es do Pnuma Brasil e da Onu News<\/em><\/span><\/p>\n<p>&nbsp;<\/p>\n<h6 id=\"capa-marcos-paulo-prado-unsplash-com\">(Capa: <a class=\"N2odk RZQOk eziW_ cl4O9 KHq0c\" href=\"https:\/\/unsplash.com\/@marcospradobr\">Marcos Paulo Prado | Unsplash.com)<\/a><\/h6>\n","protected":false},"excerpt":{"rendered":"Conhecida como COP da Biodiversidade, encontro re\u00fane chefes de Estado e governo&hellip;\n","protected":false},"author":19,"featured_media":3575,"comment_status":"open","ping_status":"open","sticky":false,"template":"","format":"standard","meta":[],"categories":[1,2],"tags":[],"acf":[],"_links":{"self":[{"href":"https:\/\/revistacienciaecultura.org.br\/index.php?rest_route=\/wp\/v2\/posts\/3574"}],"collection":[{"href":"https:\/\/revistacienciaecultura.org.br\/index.php?rest_route=\/wp\/v2\/posts"}],"about":[{"href":"https:\/\/revistacienciaecultura.org.br\/index.php?rest_route=\/wp\/v2\/types\/post"}],"author":[{"embeddable":true,"href":"https:\/\/revistacienciaecultura.org.br\/index.php?rest_route=\/wp\/v2\/users\/19"}],"replies":[{"embeddable":true,"href":"https:\/\/revistacienciaecultura.org.br\/index.php?rest_route=%2Fwp%2Fv2%2Fcomments&post=3574"}],"version-history":[{"count":1,"href":"https:\/\/revistacienciaecultura.org.br\/index.php?rest_route=\/wp\/v2\/posts\/3574\/revisions"}],"predecessor-version":[{"id":3576,"href":"https:\/\/revistacienciaecultura.org.br\/index.php?rest_route=\/wp\/v2\/posts\/3574\/revisions\/3576"}],"wp:featuredmedia":[{"embeddable":true,"href":"https:\/\/revistacienciaecultura.org.br\/index.php?rest_route=\/wp\/v2\/media\/3575"}],"wp:attachment":[{"href":"https:\/\/revistacienciaecultura.org.br\/index.php?rest_route=%2Fwp%2Fv2%2Fmedia&parent=3574"}],"wp:term":[{"taxonomy":"category","embeddable":true,"href":"https:\/\/revistacienciaecultura.org.br\/index.php?rest_route=%2Fwp%2Fv2%2Fcategories&post=3574"},{"taxonomy":"post_tag","embeddable":true,"href":"https:\/\/revistacienciaecultura.org.br\/index.php?rest_route=%2Fwp%2Fv2%2Ftags&post=3574"}],"curies":[{"name":"wp","href":"https:\/\/api.w.org\/{rel}","templated":true}]}}