{"id":3577,"date":"2022-12-13T12:04:53","date_gmt":"2022-12-13T12:04:53","guid":{"rendered":"https:\/\/revistacienciaecultura.org.br\/?p=3577"},"modified":"2022-12-13T12:04:53","modified_gmt":"2022-12-13T12:04:53","slug":"dia-internacional-de-cobertura-universal-de-saude-oms-ressalta-cuidados-primarios","status":"publish","type":"post","link":"https:\/\/revistacienciaecultura.org.br\/?p=3577","title":{"rendered":"Dia Internacional de Cobertura Universal de Sa\u00fade: OMS ressalta cuidados prim\u00e1rios"},"content":{"rendered":"<p><span style=\"color: #808080;\">Milh\u00f5es de pessoas seguem precisando de tratamento e de maiores investimentos no setor.<\/span><\/p>\n<p>&nbsp;<\/p>\n<p>As Na\u00e7\u00f5es Unidas (ONU) marcou o Dia Internacional sobre Cobertura Universal de Sa\u00fade, comemorado no dia 12 de dezembro, conclamando a governos de todo o mundo que fa\u00e7am \u201cinvestimentos inteligentes\u201d no setor.\u00a0 A pandemia de Covid-19 mostrou que o cuidado universal de sa\u00fade e a seguran\u00e7a na \u00e1rea est\u00e3o interconectados para proteger a todos. A Organiza\u00e7\u00e3o Mundial da Sa\u00fade (OMS) afirma que um sistema de sa\u00fade \u00e9 bem-sucedido quando ele funciona para cada cidad\u00e3o.<\/p>\n<p>Em 2012, a Assembleia Geral da ONU aprovou uma resolu\u00e7\u00e3o pedindo a todos os pa\u00edses para acelerar o alcance da cobertura universal de sa\u00fade (UHC na sigla em ingl\u00eas). Pela proposta, todos em qualquer lugar, t\u00eam o direito de receber cuidados de sa\u00fade de qualidade a um pre\u00e7o acess\u00edvel.<\/p>\n<p>Cinco anos depois, em 2017, a Assembleia proclamou 12 de dezembro com o Dia Internacional de Cobertura Universal de Sa\u00fade. A data tamb\u00e9m quer aumentar a conscientiza\u00e7\u00e3o para a urg\u00eancia de sistemas de sa\u00fade fortes e resilientes.<\/p>\n<p>&nbsp;<\/p>\n<h3 id=\"saude-de-qualidade-e-a-um-preco-acessivel\"><strong>Sa\u00fade de qualidade e a um pre\u00e7o acess\u00edvel<\/strong><\/h3>\n<p>Em todo o mundo, milh\u00f5es de pessoas precisam de servi\u00e7os de sa\u00fade que n\u00e3o podem acessar. A OMS quer que os l\u00edderes internacionais fa\u00e7am maiores investimentos em sa\u00fade, encorajando v\u00e1rios grupos a ajudarem o mundo a alcan\u00e7ar a cobertura universal at\u00e9 2030.<\/p>\n<p>O acesso equitativo \u00e0 sa\u00fade deve priorizar mulheres, crian\u00e7as, adolescentes e os mais vulner\u00e1veis porque s\u00e3o eles os que mais enfrentam as maiores barreiras aos cuidados essenciais de sa\u00fade.<\/p>\n<p><em><span style=\"color: #808080;\">Com informa\u00e7\u00f5es da <a style=\"color: #808080;\" href=\"https:\/\/news.un.org\/\" target=\"_blank\" rel=\"noopener\">ONU News<\/a><\/span><\/em><\/p>\n<p>&nbsp;<\/p>\n<h6 id=\"capa-cdc-unsplash-com\">Capa: <a class=\"N2odk RZQOk eziW_ cl4O9 KHq0c\" href=\"https:\/\/unsplash.com\/@cdc\">CDC<\/a> | <a href=\"https:\/\/unsplash.com\/\">Unsplash.com<\/a><\/h6>\n","protected":false},"excerpt":{"rendered":"Milh\u00f5es de pessoas seguem precisando de tratamento e de maiores investimentos no&hellip;\n","protected":false},"author":19,"featured_media":3578,"comment_status":"open","ping_status":"open","sticky":false,"template":"","format":"standard","meta":[],"categories":[1,2],"tags":[],"acf":[],"_links":{"self":[{"href":"https:\/\/revistacienciaecultura.org.br\/index.php?rest_route=\/wp\/v2\/posts\/3577"}],"collection":[{"href":"https:\/\/revistacienciaecultura.org.br\/index.php?rest_route=\/wp\/v2\/posts"}],"about":[{"href":"https:\/\/revistacienciaecultura.org.br\/index.php?rest_route=\/wp\/v2\/types\/post"}],"author":[{"embeddable":true,"href":"https:\/\/revistacienciaecultura.org.br\/index.php?rest_route=\/wp\/v2\/users\/19"}],"replies":[{"embeddable":true,"href":"https:\/\/revistacienciaecultura.org.br\/index.php?rest_route=%2Fwp%2Fv2%2Fcomments&post=3577"}],"version-history":[{"count":1,"href":"https:\/\/revistacienciaecultura.org.br\/index.php?rest_route=\/wp\/v2\/posts\/3577\/revisions"}],"predecessor-version":[{"id":3579,"href":"https:\/\/revistacienciaecultura.org.br\/index.php?rest_route=\/wp\/v2\/posts\/3577\/revisions\/3579"}],"wp:featuredmedia":[{"embeddable":true,"href":"https:\/\/revistacienciaecultura.org.br\/index.php?rest_route=\/wp\/v2\/media\/3578"}],"wp:attachment":[{"href":"https:\/\/revistacienciaecultura.org.br\/index.php?rest_route=%2Fwp%2Fv2%2Fmedia&parent=3577"}],"wp:term":[{"taxonomy":"category","embeddable":true,"href":"https:\/\/revistacienciaecultura.org.br\/index.php?rest_route=%2Fwp%2Fv2%2Fcategories&post=3577"},{"taxonomy":"post_tag","embeddable":true,"href":"https:\/\/revistacienciaecultura.org.br\/index.php?rest_route=%2Fwp%2Fv2%2Ftags&post=3577"}],"curies":[{"name":"wp","href":"https:\/\/api.w.org\/{rel}","templated":true}]}}