{"id":3583,"date":"2022-12-15T10:27:50","date_gmt":"2022-12-15T10:27:50","guid":{"rendered":"https:\/\/revistacienciaecultura.org.br\/?p=3583"},"modified":"2022-12-15T10:27:50","modified_gmt":"2022-12-15T10:27:50","slug":"lancamento-da-75a-reuniao-anual-da-sbpc-acontece-na-solenidade-de-comemoracao-dos-110-anos-da-ufpr","status":"publish","type":"post","link":"https:\/\/revistacienciaecultura.org.br\/?p=3583","title":{"rendered":"Lan\u00e7amento da 75\u00aa Reuni\u00e3o Anual da SBPC acontece na solenidade de comemora\u00e7\u00e3o dos 110 anos da UFPR"},"content":{"rendered":"<h4 id=\"o-evento-que-sera-realizado-nesta-quinta-feira-15-a-partir-das-19-horas-no-teatro-da-reitoria-da-universidade-federal-paranaense-sera-transmitido-ao-vivo-pelo-canal-da-ufpr-tv-no-youtube\"><span style=\"color: #808080;\">O evento, que ser\u00e1 realizado nesta quinta-feira (15), a partir das 19 horas, no Teatro da Reitoria da universidade federal paranaense, ser\u00e1 transmitido ao vivo pelo canal da UFPR TV no YouTube<\/span><\/h4>\n<p>&nbsp;<\/p>\n<p>A 75\u00aa Reuni\u00e3o Anual da SBPC ser\u00e1 lan\u00e7ada oficialmente nesta quinta-feira, 15 de dezembro, durante a realiza\u00e7\u00e3o da solenidade de comemora\u00e7\u00e3o dos 110 anos da UFPR. O momento, que \u00e9 simb\u00f3lico, representa uma data hist\u00f3rica para a Universidade Federal do Paran\u00e1, assim como para a realiza\u00e7\u00e3o de mais uma edi\u00e7\u00e3o do evento, nos dias 23 e 29 de julho de 2023.<\/p>\n<p>O tema elencado \u201cCi\u00eancia e democracia para um Brasil justo e desenvolvido\u201d destaca pontos essenciais ao processo de desenvolvimento justo, sustent\u00e1vel e democr\u00e1tico do pa\u00eds. Com confer\u00eancias, mesas-redondas, webminicursos, pain\u00e9is e sess\u00f5es de p\u00f4steres, a programa\u00e7\u00e3o ser\u00e1 preparada para posicionar e refletir o quanto\u00a0 a ci\u00eancia e a democracia s\u00e3o relevantes, neste processo.<\/p>\n<p>De acordo com Renato Janine Ribeiro, presidente da SBPC, a proposta da tem\u00e1tica enriquece a ci\u00eancia. \u201cA SBPC se sente muito orgulhosa de participar da celebra\u00e7\u00e3o dos 110 anos da Universidade Federal do Paran\u00e1 e de, ao mesmo tempo, estar preparando a sua 75\u00aa Reuni\u00e3o Anual, que ser\u00e1 realizada justamente nesta importante universidade federal, em 2023. Para n\u00f3s, este encontro, que ter\u00e1 por tema \u201cCi\u00eancia e democracia para um Brasil justo e desenvolvido\u201d, \u00e9 da mais alta import\u00e2ncia, porque marca a retomada do Brasil. Como est\u00e3o dizendo muitos, o Brasil voltou. E retorna, ent\u00e3o, a preocupa\u00e7\u00e3o com a Educa\u00e7\u00e3o, com a Sa\u00fade, com a Ci\u00eancia, com a Cultura, o Meio Ambiente, enfim, com todos os valores que servem para uma sociedade avan\u00e7ar e crescer dentro de um esp\u00edrito solid\u00e1rio e humano. E \u00e9 nesta passagem de ano, em que este novo futuro se prepara para o Brasil, que temos o prazer de participar desta solenidade em Curitiba. \u00c9 uma felicidade para todos n\u00f3s\u201d, afirma.<\/p>\n<p>Na ocasi\u00e3o tamb\u00e9m ser\u00e3o lan\u00e7ados alguns materiais gr\u00e1ficos do evento. Como destaca a designer Sarah Scholz, respons\u00e1vel pelo desenvolvimento da identidade visual do evento, existe uma rela\u00e7\u00e3o hist\u00f3rica neste processo. \u201cPara a identidade visual da 75\u00aa SBPC, trouxemos refer\u00eancias do painel \u201cHist\u00f3ria da Tecnologia\u201d, de autoria do artista paranaense Poty Lazzarotto. A proposta \u00e9 relacionar a cultura, a arte e a ci\u00eancia, representadas simbolicamente na constru\u00e7\u00e3o da hist\u00f3ria da universidade com o estado do Paran\u00e1\u201d, comenta.<\/p>\n<p>A solenidade de anivers\u00e1rio da UFPR contar\u00e1 com a participa\u00e7\u00e3o de autoridades internas e externas \u00e0 Universidade, assim como homenagens institucionais e apresenta\u00e7\u00f5es art\u00edsticas. Ser\u00e1 uma sess\u00e3o aberta \u00e0 sociedade, construtora deste patrim\u00f4nio da educa\u00e7\u00e3o paranaense e nacional.<\/p>\n<p>O evento que acontece nesta quinta-feira (15), a partir das 19 horas, no Teatro da Reitoria, ser\u00e1 transmitido ao vivo pelo canal da\u00a0<a href=\"https:\/\/www.youtube.com\/watch?v=HT7u7XklgQ8\" target=\"_blank\" rel=\"noopener\"><span style=\"color: #800000;\"><strong>UFPR TV no YouTube<\/strong><\/span><\/a>.<\/p>\n<p>Para saber mais sobre a SBPC 2023, acesse o\u00a0<a href=\"https:\/\/sbpc.ufpr.br\/\" target=\"_blank\" rel=\"noopener\"><strong><span style=\"color: #800000;\">site oficia<\/span><\/strong>l<\/a>\u00a0do evento da Sociedade Brasileira para o Progresso da Ci\u00eancia. O canal, que traz informa\u00e7\u00f5es a respeito das programa\u00e7\u00f5es, editais e eixos do evento, contempla ainda espa\u00e7o a respeito da Universidade, e da cidade de Curitiba. O site tamb\u00e9m traz canais de relacionamento, contatos e acesso \u00e0s\u00a0<span style=\"color: #800000;\"><strong><a style=\"color: #800000;\" href=\"https:\/\/linktr.ee\/sbpcnaufpr\" target=\"_blank\" rel=\"noopener\">redes sociais<\/a><\/strong><\/span>\u00a0oficiais.<\/p>\n<p><span style=\"color: #808080;\"><em>UFPR<\/em><\/span><\/p>\n","protected":false},"excerpt":{"rendered":"O evento, que ser\u00e1 realizado nesta quinta-feira (15), a partir das 19&hellip;\n","protected":false},"author":19,"featured_media":3467,"comment_status":"open","ping_status":"open","sticky":false,"template":"","format":"standard","meta":[],"categories":[1,2],"tags":[],"acf":[],"_links":{"self":[{"href":"https:\/\/revistacienciaecultura.org.br\/index.php?rest_route=\/wp\/v2\/posts\/3583"}],"collection":[{"href":"https:\/\/revistacienciaecultura.org.br\/index.php?rest_route=\/wp\/v2\/posts"}],"about":[{"href":"https:\/\/revistacienciaecultura.org.br\/index.php?rest_route=\/wp\/v2\/types\/post"}],"author":[{"embeddable":true,"href":"https:\/\/revistacienciaecultura.org.br\/index.php?rest_route=\/wp\/v2\/users\/19"}],"replies":[{"embeddable":true,"href":"https:\/\/revistacienciaecultura.org.br\/index.php?rest_route=%2Fwp%2Fv2%2Fcomments&post=3583"}],"version-history":[{"count":1,"href":"https:\/\/revistacienciaecultura.org.br\/index.php?rest_route=\/wp\/v2\/posts\/3583\/revisions"}],"predecessor-version":[{"id":3584,"href":"https:\/\/revistacienciaecultura.org.br\/index.php?rest_route=\/wp\/v2\/posts\/3583\/revisions\/3584"}],"wp:featuredmedia":[{"embeddable":true,"href":"https:\/\/revistacienciaecultura.org.br\/index.php?rest_route=\/wp\/v2\/media\/3467"}],"wp:attachment":[{"href":"https:\/\/revistacienciaecultura.org.br\/index.php?rest_route=%2Fwp%2Fv2%2Fmedia&parent=3583"}],"wp:term":[{"taxonomy":"category","embeddable":true,"href":"https:\/\/revistacienciaecultura.org.br\/index.php?rest_route=%2Fwp%2Fv2%2Fcategories&post=3583"},{"taxonomy":"post_tag","embeddable":true,"href":"https:\/\/revistacienciaecultura.org.br\/index.php?rest_route=%2Fwp%2Fv2%2Ftags&post=3583"}],"curies":[{"name":"wp","href":"https:\/\/api.w.org\/{rel}","templated":true}]}}