{"id":3620,"date":"2023-01-04T12:10:19","date_gmt":"2023-01-04T12:10:19","guid":{"rendered":"https:\/\/revistacienciaecultura.org.br\/?p=3620"},"modified":"2023-01-12T11:18:12","modified_gmt":"2023-01-12T11:18:12","slug":"onu-lanca-para-preservar-linguas-indigenas-ameacadas","status":"publish","type":"post","link":"https:\/\/revistacienciaecultura.org.br\/?p=3620","title":{"rendered":"ONU lan\u00e7a campanha para preservar l\u00ednguas ind\u00edgenas amea\u00e7adas"},"content":{"rendered":"<h4 id=\"povos-indigenas-de-todo-o-mundo-lutam-para-manter-vivas-suas-linguas-maternas\"><span style=\"color: #808080;\">Povos ind\u00edgenas de todo o mundo lutam para manter vivas suas l\u00ednguas maternas.<\/span><\/h4>\n<p>&nbsp;<\/p>\n<h5 id=\"cultura\">CULTURA<\/h5>\n<p>Os povos ind\u00edgenas representam menos de 6% da popula\u00e7\u00e3o global, falando mais de 4.000 das cerca de 6.700 l\u00ednguas do mundo. Os dados s\u00e3o do Departamento de Assuntos Econ\u00f4micos e Sociais da ONU (DESA). Para preservar essa rica diversidade cultural, a Organiza\u00e7\u00e3o das Na\u00e7\u00f5es Unidas (ONU) lan\u00e7ou em dezembro a <span style=\"color: #800000;\"><strong><a style=\"color: #800000;\" href=\"https:\/\/www.unesco.org\/en\/decades\/indigenous-languages\">D\u00e9cada Internacional das L\u00ednguas Ind\u00edgenas<\/a> <\/strong><\/span>(2022\/2032) para ajud\u00e1-las a sobreviver e proteg\u00ea-las da extin\u00e7\u00e3o.<\/p>\n<p>Preservar essas l\u00ednguas n\u00e3o \u00e9 importante apenas para os povos ind\u00edgenas, mas para toda a humanidade, j\u00e1 que eles s\u00e3o os herdeiros e praticantes de culturas e formas \u00fanicas de se relacionar com as pessoas e o meio ambiente. Os povos ind\u00edgenas s\u00e3o guardi\u00f5es de quase 80% da biodiversidade restante no mundo, segundo dados da <strong><span style=\"color: #800000;\"><a style=\"color: #800000;\" href=\"http:\/\/www.fao.org\/home\/en\/\">Organiza\u00e7\u00e3o das Na\u00e7\u00f5es Unidas para Agricultura e Alimenta\u00e7\u00e3o<\/a> <\/span><\/strong>(FAO).<\/p>\n<p>\u201cA cada l\u00edngua ind\u00edgena que se extingue, tamb\u00e9m se extingue o pensamento: a cultura, a tradi\u00e7\u00e3o e os saberes que ela carrega. Isso \u00e9 importante porque precisamos urgentemente de uma transforma\u00e7\u00e3o radical na forma como nos relacionamos com nosso meio ambiente\u201d, disse o presidente da Assembleia Geral da ONU, Csaba K\u0151r\u00f6si. Ele pediu aos pa\u00edses que atuem com as comunidades ind\u00edgenas para proteger seus direitos, como acesso \u00e0 educa\u00e7\u00e3o e recursos em seus idiomas nativos, e garantir que seus conhecimentos n\u00e3o sejam explorados. Tamb\u00e9m afirmou que os povos ind\u00edgenas devem ser consultados e envolvidos, de forma significativa, em todas as etapas dos processos de tomada de decis\u00e3o.<\/p>\n<p>&nbsp;<\/p>\n<h4 id=\"sinal-de-alerta\"><strong>Sinal de alerta<\/strong><\/h4>\n<p>Estimativas conservadoras indicam que mais da metade de todas as l\u00ednguas ser\u00e3o extintas at\u00e9 o final deste s\u00e9culo. A redu\u00e7\u00e3o dram\u00e1tica do uso e a substitui\u00e7\u00e3o acelerada das l\u00ednguas ind\u00edgenas pelas l\u00ednguas das sociedades majorit\u00e1rias coloca a diversidade lingu\u00edstica em risco.<\/p>\n<p>O Brasil possui 817.963 mil ind\u00edgenas de 305 diferentes etnias, que falam 274 l\u00ednguas ind\u00edgenas, segundo dados do Censo de 2010, do Instituto Brasileiro de Geografia e Estat\u00edstica (IBGE). Esses dados ser\u00e3o atualizados<a href=\"https:\/\/www.gov.br\/funai\/pt-br\/assuntos\/noticias\/2022-02\/no-para-funai-apoia-ibge-em-acao-de-dialogo-com-indigenas-sobre-o-censo-demografico-de-2022\">\u00a0<span style=\"color: #800000;\"><strong>com a realiza\u00e7\u00e3o do Censo 2022<\/strong><\/span><\/a>, o primeiro desde 2010 apresentando um novo retrato dos ind\u00edgenas no Brasil e contribuindo para a formula\u00e7\u00e3o de pol\u00edticas p\u00fablicas em prol dessas popula\u00e7\u00f5es. Deste total, 190 correm o risco iminente de desaparecer, segundo o <span style=\"color: #800000;\"><strong><a style=\"color: #800000;\" href=\"https:\/\/unesdoc.unesco.org\/ark:\/48223\/pf0000187026\">Atlas das L\u00ednguas em Perigo<\/a><\/strong><\/span>, da Organiza\u00e7\u00e3o das Na\u00e7\u00f5es Unidas para a Educa\u00e7\u00e3o, a Ci\u00eancia e a Cultura (Unesco). O mapa re\u00fane l\u00ednguas em perigo no mundo todo \u2013 e o\u00a0Brasil\u00a0\u00e9 o segundo pa\u00eds com mais idiomas que podem entrar em extin\u00e7\u00e3o, ficando atr\u00e1s apenas dos\u00a0Estados Unidos.<\/p>\n<p>Preservar essas l\u00ednguas \u00e9 essencial para as comunidades ind\u00edgenas, pois a linguagem \u00e9 fundamental para os direitos pol\u00edticos, econ\u00f4micos, sociais, culturais e espirituais.<\/p>\n<p><span style=\"color: #808080;\"><em><a style=\"color: #808080;\" href=\"https:\/\/news.un.org\/\" target=\"_blank\" rel=\"noopener\">Com informa\u00e7\u00f5es da ONU News<\/a><\/em><\/span><\/p>\n","protected":false},"excerpt":{"rendered":"Povos ind\u00edgenas de todo o mundo lutam para manter vivas suas l\u00ednguas&hellip;\n","protected":false},"author":19,"featured_media":3109,"comment_status":"open","ping_status":"open","sticky":false,"template":"","format":"standard","meta":[],"categories":[1,2],"tags":[],"acf":[],"_links":{"self":[{"href":"https:\/\/revistacienciaecultura.org.br\/index.php?rest_route=\/wp\/v2\/posts\/3620"}],"collection":[{"href":"https:\/\/revistacienciaecultura.org.br\/index.php?rest_route=\/wp\/v2\/posts"}],"about":[{"href":"https:\/\/revistacienciaecultura.org.br\/index.php?rest_route=\/wp\/v2\/types\/post"}],"author":[{"embeddable":true,"href":"https:\/\/revistacienciaecultura.org.br\/index.php?rest_route=\/wp\/v2\/users\/19"}],"replies":[{"embeddable":true,"href":"https:\/\/revistacienciaecultura.org.br\/index.php?rest_route=%2Fwp%2Fv2%2Fcomments&post=3620"}],"version-history":[{"count":2,"href":"https:\/\/revistacienciaecultura.org.br\/index.php?rest_route=\/wp\/v2\/posts\/3620\/revisions"}],"predecessor-version":[{"id":3676,"href":"https:\/\/revistacienciaecultura.org.br\/index.php?rest_route=\/wp\/v2\/posts\/3620\/revisions\/3676"}],"wp:featuredmedia":[{"embeddable":true,"href":"https:\/\/revistacienciaecultura.org.br\/index.php?rest_route=\/wp\/v2\/media\/3109"}],"wp:attachment":[{"href":"https:\/\/revistacienciaecultura.org.br\/index.php?rest_route=%2Fwp%2Fv2%2Fmedia&parent=3620"}],"wp:term":[{"taxonomy":"category","embeddable":true,"href":"https:\/\/revistacienciaecultura.org.br\/index.php?rest_route=%2Fwp%2Fv2%2Fcategories&post=3620"},{"taxonomy":"post_tag","embeddable":true,"href":"https:\/\/revistacienciaecultura.org.br\/index.php?rest_route=%2Fwp%2Fv2%2Ftags&post=3620"}],"curies":[{"name":"wp","href":"https:\/\/api.w.org\/{rel}","templated":true}]}}