{"id":3648,"date":"2023-01-09T08:00:18","date_gmt":"2023-01-09T08:00:18","guid":{"rendered":"https:\/\/revistacienciaecultura.org.br\/?p=3648"},"modified":"2023-01-05T17:52:17","modified_gmt":"2023-01-05T17:52:17","slug":"mobilidade-urbana-o-que-mudar","status":"publish","type":"post","link":"https:\/\/revistacienciaecultura.org.br\/?p=3648","title":{"rendered":"Mobilidade urbana: o que mudar?"},"content":{"rendered":"<h4 id=\"as-tecnologias-favorecem-a-mobilidade-urbana-porem-ainda-ha-muito-o-que-melhorar\"><span style=\"color: #808080;\">As tecnologias favorecem a mobilidade urbana, por\u00e9m ainda h\u00e1 muito o que melhorar<\/span><\/h4>\n<p>&nbsp;<\/p>\n<p>As novas tecnologias e as mudan\u00e7as que a ci\u00eancia nos proporciona na sociedade moderna tamb\u00e9m transformam a mobilidade urbana. Os aplicativos de localiza\u00e7\u00e3o s\u00e3o exemplos dessa realidade. Afinal, o que j\u00e1 mudou e o que pode mudar na mobilidade urbana, mais precisamente no transporte de mercadorias, na polui\u00e7\u00e3o das cidades, nos ve\u00edculos, no transporte coletivo, na acessibilidade e na vida do cidad\u00e3o que vive nos grandes centros urbanos? H\u00e1 concilia\u00e7\u00e3o poss\u00edvel entre a praticidade da vida e a sustentabilidade? O que h\u00e1 de novo neste setor e quais as perspectivas para a mobilidade nestas \u00e1reas de adensamentos populacionais?<\/p>\n<p>Para falar conosco sobre estas quest\u00f5es que fazem parte de nosso cotidiano, convidamos os professores Renata Cavion, do Departamento de Engenharias de Mobilidade da Universidade Federal de Santa Catarina (UFSC); C\u00e2ndida Maria Costa Baptista, da Engenharia Civil da Universidade S\u00e3o Francisco (USF); e Claudio Barbieri de Cunha, da Engenharia de Transportes da Escola Polit\u00e9cnica da Universidade de S\u00e3o Paulo (USP).<\/p>\n<p>Ou\u00e7a aqui este descontra\u00eddo debate.<\/p>\n<p><iframe title=\"Spotify Embed: Mobilidade urbana: o que mudar?\" style=\"border-radius: 12px\" width=\"100%\" height=\"152\" frameborder=\"0\" allowfullscreen allow=\"autoplay; clipboard-write; encrypted-media; fullscreen; picture-in-picture\" loading=\"lazy\" src=\"https:\/\/open.spotify.com\/embed\/episode\/6rOcIeZ04KIUnN54MU1oMY?si=6a19958c9e154755&#038;utm_source=oembed\"><\/iframe><\/p>\n","protected":false},"excerpt":{"rendered":"As tecnologias favorecem a mobilidade urbana, por\u00e9m ainda h\u00e1 muito o que&hellip;\n","protected":false},"author":19,"featured_media":3650,"comment_status":"open","ping_status":"open","sticky":false,"template":"","format":"standard","meta":[],"categories":[4],"tags":[],"acf":[],"_links":{"self":[{"href":"https:\/\/revistacienciaecultura.org.br\/index.php?rest_route=\/wp\/v2\/posts\/3648"}],"collection":[{"href":"https:\/\/revistacienciaecultura.org.br\/index.php?rest_route=\/wp\/v2\/posts"}],"about":[{"href":"https:\/\/revistacienciaecultura.org.br\/index.php?rest_route=\/wp\/v2\/types\/post"}],"author":[{"embeddable":true,"href":"https:\/\/revistacienciaecultura.org.br\/index.php?rest_route=\/wp\/v2\/users\/19"}],"replies":[{"embeddable":true,"href":"https:\/\/revistacienciaecultura.org.br\/index.php?rest_route=%2Fwp%2Fv2%2Fcomments&post=3648"}],"version-history":[{"count":3,"href":"https:\/\/revistacienciaecultura.org.br\/index.php?rest_route=\/wp\/v2\/posts\/3648\/revisions"}],"predecessor-version":[{"id":3656,"href":"https:\/\/revistacienciaecultura.org.br\/index.php?rest_route=\/wp\/v2\/posts\/3648\/revisions\/3656"}],"wp:featuredmedia":[{"embeddable":true,"href":"https:\/\/revistacienciaecultura.org.br\/index.php?rest_route=\/wp\/v2\/media\/3650"}],"wp:attachment":[{"href":"https:\/\/revistacienciaecultura.org.br\/index.php?rest_route=%2Fwp%2Fv2%2Fmedia&parent=3648"}],"wp:term":[{"taxonomy":"category","embeddable":true,"href":"https:\/\/revistacienciaecultura.org.br\/index.php?rest_route=%2Fwp%2Fv2%2Fcategories&post=3648"},{"taxonomy":"post_tag","embeddable":true,"href":"https:\/\/revistacienciaecultura.org.br\/index.php?rest_route=%2Fwp%2Fv2%2Ftags&post=3648"}],"curies":[{"name":"wp","href":"https:\/\/api.w.org\/{rel}","templated":true}]}}