{"id":3652,"date":"2023-01-05T17:50:50","date_gmt":"2023-01-05T17:50:50","guid":{"rendered":"https:\/\/revistacienciaecultura.org.br\/?p=3652"},"modified":"2023-01-05T17:50:50","modified_gmt":"2023-01-05T17:50:50","slug":"retomada-das-estruturas-nacionais-de-ciencia-deve-ser-prioridade-aponta-sbpc-a-nova-ministra-de-cti","status":"publish","type":"post","link":"https:\/\/revistacienciaecultura.org.br\/?p=3652","title":{"rendered":"Retomada das estruturas nacionais de Ci\u00eancia deve ser prioridade, aponta SBPC \u00e0 nova ministra de CT&#038;I"},"content":{"rendered":"<h4 id=\"em-encontro-realizado-na-ultima-terca-feira-03-01-renato-janine-ribeiro-defendeu-integracao-do-mcti-com-povos-tradicionais-e-com-o-mec-e-convidou-ministra-a-participar-do-premio-carolina-bori\"><span style=\"color: #808080;\">Em encontro realizado na \u00faltima ter\u00e7a-feira (03\/01), Renato Janine Ribeiro defendeu integra\u00e7\u00e3o do MCTI com povos tradicionais e com o MEC e convidou ministra a participar do Pr\u00eamio Carolina Bori<\/span><\/h4>\n<p>&nbsp;<\/p>\n<p>A nova ministra de Ci\u00eancia, Tecnologia e Inova\u00e7\u00e3o, Luciana Santos, recebeu na ter\u00e7a-feira (03\/01), os membros da Diretoria da Sociedade Brasileira para o Progresso da Ci\u00eancia (SBPC), Renato Janine Ribeiro e Laila Espindola, para tratar das principais demandas em prol da retomada da Ci\u00eancia no Pa\u00eds. O convite \u00e0 SBPC foi feito no final da posse dela no cargo, no dia 02 de janeiro.<\/p>\n<p>\u201cN\u00f3s fizemos quest\u00e3o de colocar v\u00e1rios pontos como prioridades, entre eles a recomposi\u00e7\u00e3o do valor das bolsas de pesquisa, inclusive as da Capes, que est\u00e1 muito defasado, e a defini\u00e7\u00e3o de uma data para a elabora\u00e7\u00e3o da Pol\u00edtica Nacional de Ci\u00eancia, Tecnologia e Inova\u00e7\u00e3o\u201d, afirma o presidente da SBPC, Renato Janine Ribeiro.<\/p>\n<p>A entidade tamb\u00e9m defendeu a revis\u00e3o da Estrat\u00e9gia Nacional de Ci\u00eancia, Tecnologia e Inova\u00e7\u00e3o. A Estrat\u00e9gia era um conjunto de a\u00e7\u00f5es com vig\u00eancia de 2016 a 2022 que, al\u00e9m de n\u00e3o ter sido aplicado na pr\u00e1tica, teve seu prazo encerrado e necessita de atualiza\u00e7\u00e3o.<\/p>\n<p>\u201cA Estrat\u00e9gia Nacional de Ci\u00eancia, Tecnologia e Inova\u00e7\u00e3o precisa ser revista, especialmente para dar mais destaque \u00e0 contribui\u00e7\u00e3o das ci\u00eancias humanas e sociais na redu\u00e7\u00e3o da desigualdade social, a fim de fazer do Brasil um pa\u00eds justo socialmente\u201d, complementa Janine Ribeiro.<\/p>\n<p>Outros pontos levados pela SBPC ao Minist\u00e9rio da Ci\u00eancia, Tecnologia &amp; Inova\u00e7\u00e3o (MCTI) referem-se \u00e0 realiza\u00e7\u00e3o da Confer\u00eancia Nacional de Ci\u00eancia e Tecnologia, preferencialmente em conex\u00e3o com a Confer\u00eancia Nacional de Educa\u00e7\u00e3o, para que o Minist\u00e9rio da Educa\u00e7\u00e3o (MEC), ao elaborar um novo Plano Nacional de Educa\u00e7\u00e3o, esteja alinhado tamb\u00e9m com as demandas cient\u00edficas.<\/p>\n<p>Laila Espindola, secret\u00e1ria da SBPC, explicou \u00e0 ministra como trabalha com conhecimentos de povos tradicionais para localizar o princ\u00edpio ativo de subst\u00e2ncias com efeito terap\u00eautico para v\u00e1rias doen\u00e7as. A SBPC assim refor\u00e7ou o pleito de que o MCTI utilize mais o conhecimento dos povos tradicionais, especialmente da Amaz\u00f4nia, na elabora\u00e7\u00e3o de suas pol\u00edticas e no apoio de pesquisas.<\/p>\n<h3 id=\"ministra-e-convidada-a-participar-da-entrega-do-premio-carolina-bori\"><strong>Ministra \u00e9 convidada a participar da entrega do Pr\u00eamio Carolina Bori<\/strong><\/h3>\n<p>Os diretores da SBPC convidaram a ministra Luciana Santos a participar da cerim\u00f4nia de entrega do Pr\u00eamio Carolina Bori Ci\u00eancia &amp; Mulher, uma realiza\u00e7\u00e3o da pr\u00f3pria entidade, que visa a homenagear mulheres que contribu\u00edram para a consolida\u00e7\u00e3o da ci\u00eancia brasileira e as futuras cientistas do Brasil. O evento ocorrer\u00e1 no dia 10 de fevereiro, na sede da SBPC, e a ministra confirmou sua presen\u00e7a.<\/p>\n<p>Estava tamb\u00e9m presente \u00e0 reuni\u00e3o, que durou uma hora, o chefe de gabinete da ministra, Rubens Diniz.<\/p>\n<p><span style=\"color: #808080;\"><a style=\"color: #808080;\" href=\"http:\/\/www.jornaldaciencia.org.br\/\" target=\"_blank\" rel=\"noopener\"><em>Jornal da Ci\u00eancia<\/em><\/a><\/span><\/p>\n","protected":false},"excerpt":{"rendered":"Em encontro realizado na \u00faltima ter\u00e7a-feira (03\/01), Renato Janine Ribeiro defendeu integra\u00e7\u00e3o&hellip;\n","protected":false},"author":19,"featured_media":3653,"comment_status":"open","ping_status":"open","sticky":false,"template":"","format":"standard","meta":[],"categories":[1,2],"tags":[],"acf":[],"_links":{"self":[{"href":"https:\/\/revistacienciaecultura.org.br\/index.php?rest_route=\/wp\/v2\/posts\/3652"}],"collection":[{"href":"https:\/\/revistacienciaecultura.org.br\/index.php?rest_route=\/wp\/v2\/posts"}],"about":[{"href":"https:\/\/revistacienciaecultura.org.br\/index.php?rest_route=\/wp\/v2\/types\/post"}],"author":[{"embeddable":true,"href":"https:\/\/revistacienciaecultura.org.br\/index.php?rest_route=\/wp\/v2\/users\/19"}],"replies":[{"embeddable":true,"href":"https:\/\/revistacienciaecultura.org.br\/index.php?rest_route=%2Fwp%2Fv2%2Fcomments&post=3652"}],"version-history":[{"count":1,"href":"https:\/\/revistacienciaecultura.org.br\/index.php?rest_route=\/wp\/v2\/posts\/3652\/revisions"}],"predecessor-version":[{"id":3654,"href":"https:\/\/revistacienciaecultura.org.br\/index.php?rest_route=\/wp\/v2\/posts\/3652\/revisions\/3654"}],"wp:featuredmedia":[{"embeddable":true,"href":"https:\/\/revistacienciaecultura.org.br\/index.php?rest_route=\/wp\/v2\/media\/3653"}],"wp:attachment":[{"href":"https:\/\/revistacienciaecultura.org.br\/index.php?rest_route=%2Fwp%2Fv2%2Fmedia&parent=3652"}],"wp:term":[{"taxonomy":"category","embeddable":true,"href":"https:\/\/revistacienciaecultura.org.br\/index.php?rest_route=%2Fwp%2Fv2%2Fcategories&post=3652"},{"taxonomy":"post_tag","embeddable":true,"href":"https:\/\/revistacienciaecultura.org.br\/index.php?rest_route=%2Fwp%2Fv2%2Ftags&post=3652"}],"curies":[{"name":"wp","href":"https:\/\/api.w.org\/{rel}","templated":true}]}}