{"id":3667,"date":"2023-01-10T19:22:46","date_gmt":"2023-01-10T19:22:46","guid":{"rendered":"https:\/\/revistacienciaecultura.org.br\/?p=3667"},"modified":"2023-01-11T12:17:56","modified_gmt":"2023-01-11T12:17:56","slug":"mais-de-70-entidades-subscrevem-nota-da-sbpc-que-repudia-crimes-contra-a-democracia","status":"publish","type":"post","link":"https:\/\/revistacienciaecultura.org.br\/?p=3667","title":{"rendered":"Mais de 70 entidades subscrevem nota da SBPC que repudia crimes contra a democracia"},"content":{"rendered":"<h4 id=\"no-documento-a-entidade-manifesta-seu-veemente-repudio-aos-atos-de-terror-promovidos-este-domingo-por-golpistas-inimigos-da-democracia-na-praca-dos-tres-poderes-em-brasilia\"><span style=\"color: #808080;\">No documento, a entidade \u201cmanifesta seu veemente rep\u00fadio aos atos de terror promovidos este domingo por golpistas inimigos da democracia, na Pra\u00e7a dos Tr\u00eas Poderes, em Bras\u00edlia\u201d<\/span><\/h4>\n<p>&nbsp;<\/p>\n<h4 id=\"sbpc-repudia-crimes-contra-a-democracia\"><strong>SBPC repudia crimes contra a democracia<\/strong><\/h4>\n<p>A SBPC manifesta seu veemente rep\u00fadio aos atos de terror promovidos este domingo por golpistas inimigos da democracia, na Pra\u00e7a dos Tr\u00eas Poderes, em Bras\u00edlia. Esses crimes s\u00e3o decorr\u00eancia natural da leni\u00eancia com a qual foram tratados, ao longo dos anos, os que negam a lei, a ordem, o Direito e a democracia.<\/p>\n<p>H\u00e1 poucos dias deixou a presid\u00eancia um ex-capit\u00e3o que debutou na vida p\u00fablica com a tentativa de um ato terrorista contra quart\u00e9is do Ex\u00e9rcito, for\u00e7a esta que, por\u00e9m, o absolveu em vez de puni-lo. Nas d\u00e9cadas que se seguiram, enquanto trabalhadores que se manifestavam pacificamente por melhores sal\u00e1rios eram reprimidos com viol\u00eancia, as for\u00e7as ditas da ordem tratavam os desordeiros de extrema-direita com a maior complac\u00eancia.<\/p>\n<p>As imagens de domingo, mostrando policiais do Distrito Federal rindo e se filmando uns aos outros enquanto observam inertes a invas\u00e3o do Congresso Nacional, constituem algo que requer pronta investiga\u00e7\u00e3o e puni\u00e7\u00e3o dentro dos rigores da lei. Devem ir para a rua e para a cadeia, obviamente dentro dos par\u00e2metros da legisla\u00e7\u00e3o e garantida a defesa.<\/p>\n<p>Neste momento em que o Brasil reencontra os valores \u00e9ticos do conhecimento cient\u00edfico, da cultura como emancipadora do ser humano, do meio ambiente como patrim\u00f4nio a ser estudado e defendido, da inclus\u00e3o social e do combate \u00e0 pobreza como prioridades nacionais, a tentativa do candidato vencido nas elei\u00e7\u00f5es de outubro e de parte de seus apoiadores de desqualificar a voz do eleitorado brasileiro deve ser repudiada por todos n\u00f3s.<\/p>\n<p>Apelamos a todos para que se manifestem em defesa da democracia, nas ruas se poss\u00edvel, sem aceitar qualquer provoca\u00e7\u00e3o dos inimigos do Estado de Direito.<\/p>\n<p>Em 8 de janeiro de 2023.<\/p>\n<p>DIRETORIA E CONSELHO DA SBPC<\/p>\n<p><a href=\"http:\/\/www.jornaldaciencia.org.br\/wp-content\/uploads\/2023\/01\/Nota-SBPC-contra-ataques-%C3%83-Democracia.pdf\" target=\"_blank\" rel=\"noopener\">Veja o PDF.<\/a><\/p>\n<p><strong>Veja as Sociedades que subscrevem a nota (at\u00e9 10\/01 \u00e0s 12h30)<\/strong><\/p>\n<p>Associa\u00e7\u00e3o Brasileira de Antropologia (ABA)<\/p>\n<p>Associa\u00e7\u00e3o Brasileira de Ci\u00eancia Pol\u00edtica (ABCP)<\/p>\n<p>Associa\u00e7\u00e3o Brasileira de Ci\u00eancias Farmac\u00eauticas (ABCF)<\/p>\n<p>Associa\u00e7\u00e3o Brasileira de Cristalografia (ABCr)<\/p>\n<p>Associa\u00e7\u00e3o Brasileira de Editores Cient\u00edficos (ABEC Brasil)<\/p>\n<p>Associa\u00e7\u00e3o Brasileira de Educa\u00e7\u00e3o Musical (ABEM)<\/p>\n<p>Associa\u00e7\u00e3o Brasileira de Etnomusicologia (ABET)<\/p>\n<p>Associa\u00e7\u00e3o Brasileira de Limnologia (ABLimno)<\/p>\n<p>Associa\u00e7\u00e3o Brasileira de Literatura Comparada (ABRALIC)<\/p>\n<p>Associa\u00e7\u00e3o Brasileira de Mutag\u00eanese e Gen\u00f4mica Ambiental (MutaGen-Brasil)<\/p>\n<p>Associa\u00e7\u00e3o Brasileira de Pesquisa e P\u00f3s-Gradua\u00e7\u00e3o em Artes C\u00eanicas (ABRACE)<\/p>\n<p>Associa\u00e7\u00e3o Brasileira de Pesquisadores em Educa\u00e7\u00e3o Especial (ABPEE)<\/p>\n<p>Associa\u00e7\u00e3o Brasileira de Psicologia Escolar e Educacional (ABRAPEE)<\/p>\n<p>Associa\u00e7\u00e3o Brasileira de Psicologia Social (ABRAPSO)<\/p>\n<p>Associa\u00e7\u00e3o Brasileira de Qu\u00edmica (ABQ)<\/p>\n<p>Associa\u00e7\u00e3o Brasileira de Sa\u00fade Coletiva (ABRASCO)<\/p>\n<p>Associa\u00e7\u00e3o Brasileira dos Estudos Sociais das Ci\u00eancias e das Tecnologias (ESOCITE.BR)<\/p>\n<p>Associa\u00e7\u00e3o de Lingu\u00edstica Aplicada do Brasil (ALAB)<\/p>\n<p>Associa\u00e7\u00e3o dos Ge\u00f3grafos Brasileiros (AGB)<\/p>\n<p>Associa\u00e7\u00e3o Nacional de Hist\u00f3ria (ANPUH-BRASIL)<\/p>\n<p>Associa\u00e7\u00e3o Nacional de Pesquisa e P\u00f3s-gradua\u00e7\u00e3o em Psicologia (ANPEPP)<\/p>\n<p>Associa\u00e7\u00e3o Nacional de Pesquisa e P\u00f3s-Gradua\u00e7\u00e3o em Turismo (ANPTUR)<\/p>\n<p>Associa\u00e7\u00e3o Nacional de P\u00f3s-Gradua\u00e7\u00e3o e Pesquisa em Administra\u00e7\u00e3o (ANPAD)<\/p>\n<p>Associa\u00e7\u00e3o Nacional de P\u00f3s-Gradua\u00e7\u00e3o e Pesquisa em Ci\u00eancias Sociais (ANPOCS)<\/p>\n<p>Associa\u00e7\u00e3o Nacional de P\u00f3s-Gradua\u00e7\u00e3o e Pesquisa em Educa\u00e7\u00e3o (ANPED)<\/p>\n<p>Associa\u00e7\u00e3o Nacional de P\u00f3s-Gradua\u00e7\u00e3o e Pesquisa em Geografia (ANPEGE)<\/p>\n<p>Associa\u00e7\u00e3o Nacional de P\u00f3s-gradua\u00e7\u00e3o e Pesquisa em Letras e Lingu\u00edstica (ANPOLL)<\/p>\n<p>Associa\u00e7\u00e3o Nacional de P\u00f3s-gradua\u00e7\u00e3o e Pesquisa em Planejamento Urbano e Regional (ANPUR)<\/p>\n<p>Associa\u00e7\u00e3o Nacional de P\u00f3s-Gradua\u00e7\u00e3o em Filosofia (ANPOF)<\/p>\n<p>Col\u00e9gio Brasileiro de Ci\u00eancias do Esporte (CBCE)<\/p>\n<p>Federa\u00e7\u00e3o Brasileira de Associa\u00e7\u00f5es Cient\u00edficas e Acad\u00eamicas de Comunica\u00e7\u00e3o (SOCICOM)<\/p>\n<p>Federa\u00e7\u00e3o de Arte\/Educadores do Brasil (FAEB)<\/p>\n<p>Federa\u00e7\u00e3o de Sociedades de Biologia Experimental (FeSBE)<\/p>\n<p>Federa\u00e7\u00e3o Internacional das Associa\u00e7\u00f5es dos Estudantes de Medicina do Brasil (IFMSA)<\/p>\n<p>Sociedade Astron\u00f4mica Brasileira (SAB)<\/p>\n<p>Sociedade Brasileira de Autom\u00e1tica (SBA)<\/p>\n<p>Sociedade Brasileira de Biof\u00edsica (SBBf)<\/p>\n<p>Sociedade Brasileira de Biologia Celular (SBBC)<\/p>\n<p>Sociedade Brasileira de Bioqu\u00edmica e Biologia Molecular (SBBq)<\/p>\n<p>Sociedade Brasileira de Centros e Museus de Ci\u00eancia (ABCMC)<\/p>\n<p>Sociedade Brasileira de Ci\u00eancia do Solo (SBCS)<\/p>\n<p>Sociedade Brasileira de Economia Ecol\u00f3gica (ECOECO)<\/p>\n<p>Sociedade Brasileira de Ecotoxicologia (ECOTOX-Brasil)<\/p>\n<p>Sociedade Brasileira de Eletromagnetismo (SBMAG)<\/p>\n<p>Sociedade Brasileira de Estudos Cl\u00e1ssicos (SBEC)<\/p>\n<p>Sociedade Brasileira de Estudos Interdisciplinares da Comunica\u00e7\u00e3o (Intercom)<\/p>\n<p>Sociedade Brasileira de Estudos Populacionais (ABEP)<\/p>\n<p>Sociedade Brasileira de Etnobiologia e Etnoecologia (SBEE)<\/p>\n<p>Sociedade Brasileira de Farmacognosia (SBFGnosia)<\/p>\n<p>Sociedade Brasileira de Farmacologia e Terap\u00eautica Experimental (SBFTE)<\/p>\n<p>Sociedade Brasileira de F\u00edsica (SBF)<\/p>\n<p>Sociedade Brasileira de Fisiologia Vegetal (SBFV)<\/p>\n<p>Sociedade Brasileira de Gen\u00e9tica (SBG)<\/p>\n<p>Sociedade Brasileira de Geof\u00edsica (SBGf)<\/p>\n<p>Sociedade Brasileira de Geologia (SBGeo)<\/p>\n<p>Sociedade Brasileira de Geoqu\u00edmica (SBGq)<\/p>\n<p>Sociedade Brasileira de Hist\u00f3ria da Ci\u00eancia (SBHC)<\/p>\n<p>Sociedade Brasileira de Hist\u00f3ria da Educa\u00e7\u00e3o (SBHE)<\/p>\n<p>Sociedade Brasileira de Ictiologia (SBI)<\/p>\n<p>Sociedade Brasileira de Imunologia (SBI)<\/p>\n<p>Sociedade Brasileira de L\u00f3gica (SBL)<\/p>\n<p>Sociedade Brasileira de Matem\u00e1tica (SBM)<\/p>\n<p>Sociedade Brasileira de Matem\u00e1tica Aplicada e Computacional (SBMAC)<\/p>\n<p>Sociedade Brasileira de Medicina Tropical (SBMT)<\/p>\n<p>Sociedade Brasileira de Microondas e Optoeletr\u00f4nica (SBMO)<\/p>\n<p>Sociedade Brasileira de Microscopia e Microan\u00e1lise (SBMM)<\/p>\n<p>Sociedade Brasileira de Neuroci\u00eancias e Comportamento (SBNeC)<\/p>\n<p>Sociedade Brasileira de Paleontologia (SBP)<\/p>\n<p>Sociedade Brasileira de Pesquisa em Materiais (SBPMAT)<\/p>\n<p>Sociedade Brasileira de Protozoologia (SBPz)<\/p>\n<p>Sociedade Brasileira de Qu\u00edmica (SBQ)<\/p>\n<p>Sociedade Brasileira de Telecomunica\u00e7\u00f5es (SBrT)<\/p>\n<p>Sociedade Brasileira de Virologia (SBV)<\/p>\n<p>Sociedade Brasileira de Zoologia (SBZ)<\/p>\n<p>Uni\u00e3o Latina de Economia Pol\u00edtica da Informa\u00e7\u00e3o, Comunica\u00e7\u00e3o e da Cultura (Ulepicc-Brasil)<\/p>\n<p>&nbsp;<\/p>\n<p><span style=\"color: #808080;\"><a style=\"color: #808080;\" href=\"http:\/\/www.sbpcnet.org.br\/\" target=\"_blank\" rel=\"noopener\"><em>SBPC<\/em><\/a><\/span><\/p>\n","protected":false},"excerpt":{"rendered":"No documento, a entidade \u201cmanifesta seu veemente rep\u00fadio aos atos de terror&hellip;\n","protected":false},"author":19,"featured_media":3668,"comment_status":"open","ping_status":"open","sticky":false,"template":"","format":"standard","meta":[],"categories":[1,2],"tags":[173],"acf":[],"_links":{"self":[{"href":"https:\/\/revistacienciaecultura.org.br\/index.php?rest_route=\/wp\/v2\/posts\/3667"}],"collection":[{"href":"https:\/\/revistacienciaecultura.org.br\/index.php?rest_route=\/wp\/v2\/posts"}],"about":[{"href":"https:\/\/revistacienciaecultura.org.br\/index.php?rest_route=\/wp\/v2\/types\/post"}],"author":[{"embeddable":true,"href":"https:\/\/revistacienciaecultura.org.br\/index.php?rest_route=\/wp\/v2\/users\/19"}],"replies":[{"embeddable":true,"href":"https:\/\/revistacienciaecultura.org.br\/index.php?rest_route=%2Fwp%2Fv2%2Fcomments&post=3667"}],"version-history":[{"count":1,"href":"https:\/\/revistacienciaecultura.org.br\/index.php?rest_route=\/wp\/v2\/posts\/3667\/revisions"}],"predecessor-version":[{"id":3669,"href":"https:\/\/revistacienciaecultura.org.br\/index.php?rest_route=\/wp\/v2\/posts\/3667\/revisions\/3669"}],"wp:featuredmedia":[{"embeddable":true,"href":"https:\/\/revistacienciaecultura.org.br\/index.php?rest_route=\/wp\/v2\/media\/3668"}],"wp:attachment":[{"href":"https:\/\/revistacienciaecultura.org.br\/index.php?rest_route=%2Fwp%2Fv2%2Fmedia&parent=3667"}],"wp:term":[{"taxonomy":"category","embeddable":true,"href":"https:\/\/revistacienciaecultura.org.br\/index.php?rest_route=%2Fwp%2Fv2%2Fcategories&post=3667"},{"taxonomy":"post_tag","embeddable":true,"href":"https:\/\/revistacienciaecultura.org.br\/index.php?rest_route=%2Fwp%2Fv2%2Ftags&post=3667"}],"curies":[{"name":"wp","href":"https:\/\/api.w.org\/{rel}","templated":true}]}}