{"id":3670,"date":"2023-01-11T12:17:40","date_gmt":"2023-01-11T12:17:40","guid":{"rendered":"https:\/\/revistacienciaecultura.org.br\/?p=3670"},"modified":"2023-01-11T12:18:48","modified_gmt":"2023-01-11T12:18:48","slug":"camada-de-ozonio-se-recupera-desde-a-adocao-do-protocolo-de-montreal","status":"publish","type":"post","link":"https:\/\/revistacienciaecultura.org.br\/?p=3670","title":{"rendered":"Camada de oz\u00f4nio se recupera desde a ado\u00e7\u00e3o do Protocolo de Montreal"},"content":{"rendered":"<h4 id=\"restauracao-pode-ser-completa-em-quatro-decadas-afirmam-especialistas\"><span style=\"color: #808080;\">Restaura\u00e7\u00e3o pode ser completa em quatro d\u00e9cadas, afirmam especialistas<\/span><\/h4>\n<p>&nbsp;<\/p>\n<p>A camada de oz\u00f4nio segue se recuperando desde a ado\u00e7\u00e3o do Protocolo de Montreal, assinado em setembro de 1987. Um painel de especialistas apoiado pela ONU declarou que a camada de oz\u00f4nio est\u00e1 a caminho de se recuperar dentro de quatro d\u00e9cadas. Em relat\u00f3rio publicado a cada quatro anos sobre o progresso do Protocolo de Montreal, o painel confirmou a elimina\u00e7\u00e3o de quase 99% das subst\u00e2ncias proibidas que destroem a camada de oz\u00f4nio.<\/p>\n<p>A redu\u00e7\u00e3o gradual geral levou \u00e0 recupera\u00e7\u00e3o not\u00e1vel da camada protetora de oz\u00f4nio na estratosfera superior e \u00e0 diminui\u00e7\u00e3o da exposi\u00e7\u00e3o humana aos raios ultravioleta nocivos do sol. Segundo o relat\u00f3rio, se as pol\u00edticas atuais permanecerem em vigor, espera-se que a camada recupere os valores de 1980 at\u00e9 2040. Na Ant\u00e1rtica, essa recupera\u00e7\u00e3o \u00e9 esperada por volta de 2066 e em 2045 no \u00c1rtico.<\/p>\n<p>No entanto, o grupo tamb\u00e9m alertou sobre os impactos n\u00e3o intencionais na camada de oz\u00f4nio de novas tecnologias, como a geoengenharia. Pela primeira vez, eles examinaram os efeitos potenciais no oz\u00f4nio decorrentes da adi\u00e7\u00e3o intencional de aeross\u00f3is na estratosfera, conhecida como inje\u00e7\u00e3o de aerossol estratosf\u00e9rico. Mas eles alertaram que uma \u201cconsequ\u00eancia n\u00e3o intencional\u201d era que \u201ctamb\u00e9m poderia afetar as temperaturas estratosf\u00e9ricas, a circula\u00e7\u00e3o e a produ\u00e7\u00e3o de oz\u00f4nio e as taxas de destrui\u00e7\u00e3o e transporte\u201d.<\/p>\n<p>&nbsp;<\/p>\n<h4 id=\"buraco-na-camada-de-ozonio-e-protocolo-de-montreal\"><strong>Buraco na camada de oz\u00f4nio e Protocolo de Montreal<\/strong><\/h4>\n<p>A descoberta de um buraco na camada de oz\u00f4nio foi anunciada pela primeira vez por tr\u00eas cientistas do <em>British Antarctic Survey<\/em> em maio de 1985. As varia\u00e7\u00f5es no tamanho do buraco na camada de oz\u00f4nio na Ant\u00e1rtida, particularmente entre 2019 e 2021, foram impulsionadas em grande parte pelas condi\u00e7\u00f5es meteorol\u00f3gicas.<\/p>\n<p>O Protocolo de Montreal \u00e9 um marco no acordo ambiental multilateral que regula o consumo e a produ\u00e7\u00e3o de quase 100 produtos qu\u00edmicos produzidos por a\u00e7\u00e3o humana, ou \u201csubst\u00e2ncias que destroem a camada de oz\u00f4nio\u201d. O documento j\u00e1 beneficiou os esfor\u00e7os para mitigar as mudan\u00e7as clim\u00e1ticas, ajudando a evitar o aquecimento global em cerca de 0,5\u00b0C.<\/p>\n<p><span style=\"color: #808080;\"><em>Com informa\u00e7\u00f5es da <a style=\"color: #808080;\" href=\"https:\/\/news.un.org\/\">ONU News<\/a><\/em><\/span><\/p>\n<p>&nbsp;<\/p>\n<h6 id=\"capa-imagem-por-nasa\">Capa: Imagem por Nasa<\/h6>\n","protected":false},"excerpt":{"rendered":"Restaura\u00e7\u00e3o pode ser completa em quatro d\u00e9cadas, afirmam especialistas &nbsp; A camada&hellip;\n","protected":false},"author":19,"featured_media":3671,"comment_status":"open","ping_status":"open","sticky":false,"template":"","format":"standard","meta":[],"categories":[1,2],"tags":[172],"acf":[],"_links":{"self":[{"href":"https:\/\/revistacienciaecultura.org.br\/index.php?rest_route=\/wp\/v2\/posts\/3670"}],"collection":[{"href":"https:\/\/revistacienciaecultura.org.br\/index.php?rest_route=\/wp\/v2\/posts"}],"about":[{"href":"https:\/\/revistacienciaecultura.org.br\/index.php?rest_route=\/wp\/v2\/types\/post"}],"author":[{"embeddable":true,"href":"https:\/\/revistacienciaecultura.org.br\/index.php?rest_route=\/wp\/v2\/users\/19"}],"replies":[{"embeddable":true,"href":"https:\/\/revistacienciaecultura.org.br\/index.php?rest_route=%2Fwp%2Fv2%2Fcomments&post=3670"}],"version-history":[{"count":2,"href":"https:\/\/revistacienciaecultura.org.br\/index.php?rest_route=\/wp\/v2\/posts\/3670\/revisions"}],"predecessor-version":[{"id":3673,"href":"https:\/\/revistacienciaecultura.org.br\/index.php?rest_route=\/wp\/v2\/posts\/3670\/revisions\/3673"}],"wp:featuredmedia":[{"embeddable":true,"href":"https:\/\/revistacienciaecultura.org.br\/index.php?rest_route=\/wp\/v2\/media\/3671"}],"wp:attachment":[{"href":"https:\/\/revistacienciaecultura.org.br\/index.php?rest_route=%2Fwp%2Fv2%2Fmedia&parent=3670"}],"wp:term":[{"taxonomy":"category","embeddable":true,"href":"https:\/\/revistacienciaecultura.org.br\/index.php?rest_route=%2Fwp%2Fv2%2Fcategories&post=3670"},{"taxonomy":"post_tag","embeddable":true,"href":"https:\/\/revistacienciaecultura.org.br\/index.php?rest_route=%2Fwp%2Fv2%2Ftags&post=3670"}],"curies":[{"name":"wp","href":"https:\/\/api.w.org\/{rel}","templated":true}]}}