{"id":3709,"date":"2023-01-19T11:32:28","date_gmt":"2023-01-19T11:32:28","guid":{"rendered":"https:\/\/revistacienciaecultura.org.br\/?p=3709"},"modified":"2023-01-19T11:32:28","modified_gmt":"2023-01-19T11:32:28","slug":"olhando-o-passado-e-refletindo-o-futuro-sbpc-comeca-comemoracoes-de-75-anos","status":"publish","type":"post","link":"https:\/\/revistacienciaecultura.org.br\/?p=3709","title":{"rendered":"Olhando o passado e refletindo o futuro, SBPC come\u00e7a comemora\u00e7\u00f5es de 75 anos"},"content":{"rendered":"<h4 id=\"programacao-inicia-com-lancamento-de-calendario-e-logo-comemorativo-e-seguira-com-digitalizacao-historica-e-eventos-espalhados-pelo-pais\"><span style=\"color: #808080;\">Programa\u00e7\u00e3o inicia com lan\u00e7amento de calend\u00e1rio e logo comemorativo e seguir\u00e1 com digitaliza\u00e7\u00e3o hist\u00f3rica e eventos espalhados pelo Pa\u00eds<\/span><\/h4>\n<p>&nbsp;<\/p>\n<p>No dia 8 de julho de 1948 nasceu a Sociedade Brasileira para o Progresso da Ci\u00eancia. A entidade esteve presente nos debates pela constru\u00e7\u00e3o de uma Constitui\u00e7\u00e3o Federal democr\u00e1tica, enfrentou a censura da ditadura militar, ajudou na elabora\u00e7\u00e3o de pol\u00edticas p\u00fablicas em prol dos povos ind\u00edgenas e defendeu a cria\u00e7\u00e3o das funda\u00e7\u00f5es de amparo \u00e0 pesquisa e demais institui\u00e7\u00f5es de difus\u00e3o cient\u00edfica. Em 2023, a SBPC completar\u00e1 75 anos digitalizando hist\u00f3rias do passado e debatendo problemas do presente para que, em coletivo, ajude a reconstruir a Ci\u00eancia do Pa\u00eds.<\/p>\n<p>\u201cNestes 75 anos, a SBPC jamais deixou de realizar as suas Reuni\u00f5es Anuais, eventos important\u00edssimos de reflex\u00e3o do Pa\u00eds. Elas foram se expandindo, abrangendo o pa\u00eds como um todo. Evidentemente, quando a SBPC foi fundada, as pesquisas estavam mais concentradas no eixo Rio-S\u00e3o Paulo. Tivemos a expans\u00e3o com a cria\u00e7\u00e3o da atual Capital Federal, Bras\u00edlia, que foi uma importante marcha para o oeste. Mais tarde, j\u00e1 nas d\u00e9cadas iniciais deste s\u00e9culo, todos os estados brasileiros passaram a ter programas de p\u00f3s-gradua\u00e7\u00e3o. Essa expans\u00e3o da Ci\u00eancia no Brasil est\u00e1 muito ligada \u00e0 miss\u00e3o da SBPC, que, sendo uma entidade independente do Estado, consegue defender os interesses do Brasil e da comunidade cient\u00edfica\u201d, explica o presidente da Sociedade, Renato Janine Ribeiro.<\/p>\n<p>Para Janine Ribeiro, a comemora\u00e7\u00e3o dos 75 anos da SBPC ganha um maior peso no contexto pol\u00edtico atual. \u201cN\u00f3s estamos comemorando essa data com a certeza de que o pa\u00eds agora retoma rumos importantes para o seu futuro, na medida em que o governo que patrocinou o negacionismo cient\u00edfico e sanit\u00e1rio saiu e que uma grande frente conseguiu se eleger para restabelecer o papel decisivo da Ci\u00eancia, da Educa\u00e7\u00e3o, da Cultura, da Sa\u00fade, do Meio Ambiente e da Inclus\u00e3o Social no desenvolvimento do Pa\u00eds.\u201d<\/p>\n<p>Vice-presidente da SBPC, Fernanda Sobral vem acompanhando a trajet\u00f3ria da entidade desde quando era uma simples s\u00f3cia. Ap\u00f3s dois mandatos como conselheira e mais dois na diretoria da institui\u00e7\u00e3o, a pesquisadora refor\u00e7a o grande m\u00e9rito da SBPC.<\/p>\n<p>\u201cA SBPC tem a grandeza de agregar todas as \u00e1reas do conhecimento e, al\u00e9m disso, tem uma atua\u00e7\u00e3o pol\u00edtica forte, ainda que n\u00e3o-partid\u00e1ria. \u00c9 uma atua\u00e7\u00e3o que tem sido muito respeitada em diferentes governos. Claro, no governo passado tivemos problemas s\u00e9rios, j\u00e1 que era um governo que n\u00e3o respeitava o conhecimento, mas o tempo todo n\u00f3s estivemos vigilantes para diminuir as perdas. Eu diria que houve grandes perdas, mas n\u00f3s tentamos o tempo todo diminu\u00ed-las e agora estamos no per\u00edodo, justamente, de reconstruir muita coisa.\u201d<\/p>\n<h4 id=\"\"><\/h4>\n<h4 id=\"calendario-e-selo-comemorativo-iniciam-programacao-de-aniversario\"><strong>Calend\u00e1rio e selo comemorativo iniciam programa\u00e7\u00e3o de anivers\u00e1rio<\/strong><\/h4>\n<p>Para a comemora\u00e7\u00e3o de seu 75\u00ba anivers\u00e1rio, a SBPC resolveu recontar o passado para refletir sobre o presente e o futuro. A programa\u00e7\u00e3o come\u00e7ou agora em janeiro com o lan\u00e7amento do calend\u00e1rio 2023-2024, que tem como tema \u201cCi\u00eancia, povos origin\u00e1rios e defensores da floresta\u201d.<\/p>\n<p>\u201cO calend\u00e1rio acabou se tornando um recado para o nosso presente. Ele \u00e9 uma homenagem aos povos origin\u00e1rios e aos defensores da floresta porque esse \u00e9 o momento em que vivemos hoje. E \u00e9 muito atual porque pela primeira vez no Brasil foi criado o Minist\u00e9rio dos Povos Ind\u00edgenas, e uma das lideran\u00e7as que n\u00f3s homenageamos no calend\u00e1rio se tornou a ministra deste novo minist\u00e9rio\u201d, detalha Claudia Linhares Sales, secret\u00e1ria-geral da SBPC. O calend\u00e1rio est\u00e1 dispon\u00edvel para download gratuito\u00a0<a href=\"http:\/\/portal.sbpcnet.org.br\/noticias\/ciencia-povos-originarios-e-defensores-da-floresta-e-tema-do-calendario-2023-2024-da-sbpc\/\" target=\"_blank\" rel=\"noopener\"><span style=\"color: #800000;\"><strong>neste link<\/strong><\/span><\/a>.<\/p>\n<p>Neste m\u00eas tamb\u00e9m est\u00e1 sendo lan\u00e7ado o selo comemorativo de 75 anos da SBPC, a ser utilizado nas publica\u00e7\u00f5es e correspond\u00eancia da Sociedade. O selo segue com a tipografia da comemora\u00e7\u00e3o dos 70 anos da entidade para trazer a continuidade da d\u00e9cada. Essa continuidade tamb\u00e9m est\u00e1 presente no slogan, que passa de \u201cCi\u00eancia Educa\u00e7\u00e3o Hoje Ontem Amanh\u00e3\u201d, criado para o s\u00e9timo dec\u00eanio, para \u201cCi\u00eancia Educa\u00e7\u00e3o Sempre\u201d.<\/p>\n<p>Em fevereiro, a programa\u00e7\u00e3o acompanhar\u00e1 o calend\u00e1rio de atua\u00e7\u00f5es constantes da SBPC. Ocorrer\u00e1 a entrega do Pr\u00eamio Carolina Bori, que neste ano premiar\u00e1 estudantes do ensino m\u00e9dio e da gradua\u00e7\u00e3o com not\u00f3rio talento para a carreira acad\u00eamica.<\/p>\n<p>Nos meses seguintes ocorrer\u00e1 a digitaliza\u00e7\u00e3o da hist\u00f3ria da SBPC, que estar\u00e1 dispon\u00edvel gratuitamente em seu reposit\u00f3rio digital. Em abril, ser\u00e3o colocados os anais de todas as 74 edi\u00e7\u00f5es da Reuni\u00e3o Anual da SBPC. J\u00e1 em maio, o Acervo Digital receber\u00e1 todas as edi\u00e7\u00f5es das publica\u00e7\u00f5es que a entidade produziu: Ci\u00eancia Hoje (de julho\/agosto de 1982 a junho de 2001), Ci\u00eancia Hoje das Crian\u00e7as (mar\u00e7o de 1987 a junho de 2001) e o Jornal da Ci\u00eancia (o amarelinho).<\/p>\n<p>No m\u00eas de junho, as imagens ganhar\u00e3o for\u00e7a, com a disponibilidade de todas as fotos das Reuni\u00f5es Anuais, incluindo indica\u00e7\u00f5es das pessoas presentes em cada fotografia, um trabalho do Centro de Mem\u00f3ria da SBPC.<\/p>\n<p>\u201cE assim a gente vai olhando para o passado e para o futuro. Porque a hist\u00f3ria da SBPC, produto do trabalho dedicado e brilhante de tantas gera\u00e7\u00f5es de cientistas, educadores brasileiros e funcion\u00e1rios, \u00e9 parte da hist\u00f3ria da Ci\u00eancia no Pa\u00eds. Estes conte\u00fados ser\u00e3o disponibilizados para acesso e pesquisa, para que pessoas que estudam a ci\u00eancia brasileira saibam como essa hist\u00f3ria foi sendo constru\u00edda\u201d, complementa Sales.<\/p>\n<p>&nbsp;<\/p>\n<h4 id=\"debatendo-presente-e-futuro\"><strong>Debatendo presente e futuro<\/strong><\/h4>\n<p>No calend\u00e1rio de eventos, a 75\u00aa Reuni\u00e3o Anual da SBPC chegar\u00e1 entre 23 a 29 de julho com o tema \u201cCi\u00eancia e Democracia para um Brasil Justo e Desenvolvido\u201d. A 75\u00aa acontecer\u00e1 na Universidade Federal do Paran\u00e1, em Curitiba, e as<a href=\"https:\/\/ra.sbpcnet.org.br\/75RA\/\">\u00a0<span style=\"color: #800000;\"><strong>inscri\u00e7\u00f5es j\u00e1 est\u00e3o abertas<\/strong><\/span><\/a><span style=\"color: #800000;\"><strong>.<\/strong><\/span><\/p>\n<p>A pr\u00f3xima Reuni\u00e3o Regional da SBPC est\u00e1 finalizando a sua programa\u00e7\u00e3o, mas j\u00e1 tem local para acontecer: o Piau\u00ed. \u201cO evento vai tratar da Batalha do Jenipapo, que completa 200 anos no dia 13 de mar\u00e7o. Essa data \u00e9 importante para repensarmos novamente a Independ\u00eancia. E mesmo trazendo quest\u00f5es que interessam a comunidade acad\u00eamica do Piau\u00ed, muitas dessas quest\u00f5es s\u00e3o universais, como Caatinga e Cerrado, que nem s\u00e3o s\u00f3 quest\u00f5es brasileiras, mas da sobreviv\u00eancia do planeta\u201d, refor\u00e7a a secret\u00e1ria-geral da SBPC. Outros eventos devem ser anunciados no decorrer do ano.<\/p>\n<p>Para o vice-presidente da institui\u00e7\u00e3o, Paulo Artaxo, 2023 ser\u00e1 um ano de trabalho constru\u00eddo com esfor\u00e7o e sucesso. \u201cNestes 75 anos, o Brasil passou por per\u00edodos nebulosos e por per\u00edodos muito positivos para a sociedade. N\u00f3s temos uma institui\u00e7\u00e3o que, ao longo desses anos, aguentou firme, o tempo inteiro, que \u00e9 a SBPC. A Sociedade Brasileira para o Progresso da Ci\u00eancia sempre defendeu a educa\u00e7\u00e3o, a ci\u00eancia e a cultura como sustent\u00e1culos da estrutura mais b\u00e1sica da sociedade brasileira. A SBPC fez um brilhante trabalho ao longo desses 75 anos e esperamos que ela continue no futuro a guiar e a defender a ci\u00eancia, como tem feito ao longo do tempo com muito brilhantismo\u201d, conclui.<\/p>\n<p><span style=\"color: #808080;\"><a style=\"color: #808080;\" href=\"http:\/\/www.jornaldaciencia.org.br\/\" target=\"_blank\" rel=\"noopener\"><em>Jornal da Ci\u00eancia<\/em><\/a><\/span><\/p>\n","protected":false},"excerpt":{"rendered":"Programa\u00e7\u00e3o inicia com lan\u00e7amento de calend\u00e1rio e logo comemorativo e seguir\u00e1 com&hellip;\n","protected":false},"author":19,"featured_media":3710,"comment_status":"open","ping_status":"open","sticky":false,"template":"","format":"standard","meta":[],"categories":[1,2],"tags":[],"acf":[],"_links":{"self":[{"href":"https:\/\/revistacienciaecultura.org.br\/index.php?rest_route=\/wp\/v2\/posts\/3709"}],"collection":[{"href":"https:\/\/revistacienciaecultura.org.br\/index.php?rest_route=\/wp\/v2\/posts"}],"about":[{"href":"https:\/\/revistacienciaecultura.org.br\/index.php?rest_route=\/wp\/v2\/types\/post"}],"author":[{"embeddable":true,"href":"https:\/\/revistacienciaecultura.org.br\/index.php?rest_route=\/wp\/v2\/users\/19"}],"replies":[{"embeddable":true,"href":"https:\/\/revistacienciaecultura.org.br\/index.php?rest_route=%2Fwp%2Fv2%2Fcomments&post=3709"}],"version-history":[{"count":1,"href":"https:\/\/revistacienciaecultura.org.br\/index.php?rest_route=\/wp\/v2\/posts\/3709\/revisions"}],"predecessor-version":[{"id":3711,"href":"https:\/\/revistacienciaecultura.org.br\/index.php?rest_route=\/wp\/v2\/posts\/3709\/revisions\/3711"}],"wp:featuredmedia":[{"embeddable":true,"href":"https:\/\/revistacienciaecultura.org.br\/index.php?rest_route=\/wp\/v2\/media\/3710"}],"wp:attachment":[{"href":"https:\/\/revistacienciaecultura.org.br\/index.php?rest_route=%2Fwp%2Fv2%2Fmedia&parent=3709"}],"wp:term":[{"taxonomy":"category","embeddable":true,"href":"https:\/\/revistacienciaecultura.org.br\/index.php?rest_route=%2Fwp%2Fv2%2Fcategories&post=3709"},{"taxonomy":"post_tag","embeddable":true,"href":"https:\/\/revistacienciaecultura.org.br\/index.php?rest_route=%2Fwp%2Fv2%2Ftags&post=3709"}],"curies":[{"name":"wp","href":"https:\/\/api.w.org\/{rel}","templated":true}]}}