{"id":3712,"date":"2023-01-25T11:02:04","date_gmt":"2023-01-25T11:02:04","guid":{"rendered":"https:\/\/revistacienciaecultura.org.br\/?p=3712"},"modified":"2023-01-25T11:02:04","modified_gmt":"2023-01-25T11:02:04","slug":"sbpc-realiza-cerimonia-de-entrega-do-4o-premio-carolina-bori-ciencia-mulher","status":"publish","type":"post","link":"https:\/\/revistacienciaecultura.org.br\/?p=3712","title":{"rendered":"SBPC realiza cerim\u00f4nia de entrega do 4\u00ba Pr\u00eamio \u201cCarolina Bori Ci\u00eancia &#038; Mulher\u201d"},"content":{"rendered":"<h4 id=\"o-evento-sera-realizado-no-dia-10-de-fevereiro-e-tera-transmissao-pelo-canal-da-sbpc-no-youtube-a-partir-das-15h-em-comemoracao-ao-dia-internacional-das-mulheres-e-meninas-na-ciencia\"><span style=\"color: #808080;\">O evento ser\u00e1 realizado no dia 10 de fevereiro e ter\u00e1 transmiss\u00e3o pelo canal da SBPC no YouTube, a partir das 15h, em comemora\u00e7\u00e3o ao Dia Internacional das Mulheres e Meninas na Ci\u00eancia.\u00a0<\/span><\/h4>\n<p>&nbsp;<\/p>\n<p>A Sociedade Brasileira para o Progresso da Ci\u00eancia (SBPC) realiza, no dia 10 de fevereiro, a cerim\u00f4nia presencial de entrega do\u00a0<strong>4\u00ba Pr\u00eamio \u201cCarolina Bori Ci\u00eancia &amp; Mulher\u201d<\/strong>, que nesta edi\u00e7\u00e3o premia a categoria \u201cMeninas na Ci\u00eancia\u201d. A cerim\u00f4nia ser\u00e1 transmitida pelo canal da SBPC no YouTube, a partir das 15h, em comemora\u00e7\u00e3o ao Dia Internacional das Mulheres e Meninas na Ci\u00eancia.<\/p>\n<p>Nesta edi\u00e7\u00e3o, a premia\u00e7\u00e3o recebeu indica\u00e7\u00f5es de 446 candidatas de 223 institui\u00e7\u00f5es de todas as regi\u00f5es do Pa\u00eds. Foram 126 indicadas para a categoria Ensino M\u00e9dio e 320 para a Gradua\u00e7\u00e3o, categoria subdivida entre tr\u00eas grandes \u00e1reas do conhecimento: Biol\u00f3gicas e Sa\u00fade (126), Engenharias, Exatas e Ci\u00eancias da Terra (103) e Humanidades (91).<\/p>\n<p>Uma comiss\u00e3o julgadora escolheu nove vencedoras, sendo tr\u00eas do Ensino M\u00e9dio e seis da Gradua\u00e7\u00e3o. Tamb\u00e9m foram concedidas nove men\u00e7\u00f5es honrosas, sendo tr\u00eas do Ensino M\u00e9dio e seis da Gradua\u00e7\u00e3o.<\/p>\n<p>Na\u00a0<strong>\u00e1rea de Humanidades<\/strong>\u00a0as vencedoras s\u00e3o\u00a0<strong>Alessandra Stefanello<\/strong>, graduanda de Letras na Universidade Federal de Santa Maria pelo trabalho \u201cUm outro olhar para a l\u00edngua: a posse da terra e o direito \u00e0 propriedade\u201d; e\u00a0<strong>Denise Barrozo de Paula<\/strong>, graduada de Psicologia na Universidade Municipal de S\u00e3o Caetano do Sul, S\u00e3o Paulo, pelo projeto \u201cRepresenta\u00e7\u00f5es, sentidos e valores da menina negra na literatura infanto-juvenil: um estudo a partir do livro a cor da ternura de Geni Guimar\u00e3es\u201d. As estudantes\u00a0<strong>Laura Gabriella Muniz da Silva<\/strong>, graduanda em Direito pela Universidade Federal de Pernambuco (UFPE), com o projeto \u201cTransformando v\u00edtimas em protagonistas: a pedagogia de Paulo Freire na educa\u00e7\u00e3o em direitos humanos\u201d; e\u00a0<strong>Vanessa Nogueira Matos<\/strong>, graduanda em Pedagogia pela Universidade Federal de Jata\u00ed (UFJ), Jata\u00ed (GO), com o trabalho \u201cA inf\u00e2ncia em di\u00e1rio de Bitita: o memorialismo po\u00e9tico de Carolina Maria de Jesus\u201d, receberam men\u00e7\u00e3o honrosa.<\/p>\n<p><strong>Anita de Souza Silva<\/strong>, graduada pela Universidade Federal de Sergipe (UFS), com o projeto \u201cDiagn\u00f3stico da Leishmaniose Visceral em c\u00e3es e percep\u00e7\u00e3o dos tutores de c\u00e3es e gatos sobre a doen\u00e7a\u201d, e\u00a0<strong>Ariane Leite do Nascimento<\/strong>, graduanda em Ci\u00eancias Biol\u00f3gicas pela Universidade Federal da Bahia (UFBA), com o trabalho \u201cBot\u00e2nica sempre viva\u201d, s\u00e3o as vencedoras na\u00a0<strong>\u00e1rea de Biol\u00f3gicas e Sa\u00fade<\/strong>. As men\u00e7\u00f5es honrosas foram para\u00a0<strong>Camila Vit\u00f3ria Ferreira Mendes<\/strong>, graduanda na Universidade Federal do Par\u00e1 (UFPA), pelo projeto \u201cAn\u00e1lise funcional de microRNAs na doen\u00e7a dermatol\u00f3gica Vitiligo\u201d, e\u00a0<strong>Carolina Batista Nunes<\/strong>, graduanda em Ci\u00eancias Biol\u00f3gicas na Universidade Federal do Rio Grande do Sul (UFRGS), pelo projeto \u201cConhecimento de pescadores sobre mudan\u00e7as ambientais na \u00e1gua e no pulso de inunda\u00e7\u00e3o dos rios Tapaj\u00f3s e Tocantins, Amaz\u00f4nia brasileira\u201d.<\/p>\n<p>Na\u00a0<strong>\u00e1rea de Engenharias, Exatas e Ci\u00eancias da Terra<\/strong>\u00a0as vencedoras foram\u00a0<strong>Amanda Guimar\u00e3es Melo<\/strong>, graduanda em Matem\u00e1tica na Universidade Federal do Sergipe (UFS), pelo trabalho \u201cEqua\u00e7\u00e3o de Log\u00edstica Fracion\u00e1ria\u201d, e\u00a0<strong>Sara L\u00fcneburger<\/strong>, formada em Qu\u00edmica pela Universidade Federal da Fronteira Sul (UFFS), pelo projeto \u201cBiodiesel production from Hevea Brasiliensis seed oil\u201d. As men\u00e7\u00f5es honrosas foram para\u00a0<strong>Mait\u00e1 Carvalho Micol<\/strong>,\u00a0graduanda em Ci\u00eancias Moleculares com especializa\u00e7\u00e3o em F\u00edsica pela Universidade de S\u00e3o Paulo (USP), pelo trabalho \u201cEstudo de Processos F\u00edsicos e Emiss\u00e3o de Altas Energias em torno de Buracos Negros com T\u00e9cnicas de Intelig\u00eancia Artificial\u201d, e\u00a0<strong>Wadja Feitosa dos Santos Silva<\/strong>, graduanda do curso de Qu\u00edmica Tecnol\u00f3gica e Industrial da Universidade Federal de Alagoas (Ufal), pelo trabalho \u201cPlanejamento de alfa-Cianoacrilatos e alfa-Cianoacrilamidas Baseado em Fragmentos, como Inibidores da NS2B\/NS3 dos V\u00edrus Dengue e Zika\u201d.<\/p>\n<p>No Ensino M\u00e9dio as vencedoras foram\u00a0<strong>Camily Pereira dos Santos<\/strong>, estudante do curso T\u00e9cnico em Inform\u00e1tica integrado do Instituto Federal de Educa\u00e7\u00e3o Ci\u00eancia e Tecnologia do Rio Grande do Sul, pelo trabalho \u201cDesenvolvimento de material biodegrad\u00e1vel para absorventes femininos\u201d;\u00a0<strong>Gabrielly Santos Souza<\/strong>, estudante do Centro de Ensino M\u00e9dio Elefante Branco, pelo projeto \u201cBiodiversidade, ci\u00eancia e juventude negritude, pol\u00edtica e protagonismo juvenil\u201d; e\u00a0<strong>Isabelle Almeida Novais<\/strong>, estudante da Escola Estadual Fern\u00e3o Dias Paes, de S\u00e3o Paulo, pelo trabalho \u201cA influ\u00eancia da infraestrutura dos hospitais p\u00fablicos na realiza\u00e7\u00e3o do diagn\u00f3stico da mielomeningocele fetal\u201d.<\/p>\n<p>As men\u00e7\u00f5es honrosas do Ensino M\u00e9dio foram para\u00a0<strong>Amanda Ribeiro Machado<\/strong>, do Instituto Federal de Educa\u00e7\u00e3o, Ci\u00eancia e Tecnologia do Rio Grande do Sul, pelo projeto \u201cDesenvolvimento de celulose bacteriana a partir dos res\u00edduos do processamento da uva\u201d;\u00a0<strong>Ana Beatriz Caetano Ribeiro<\/strong>, do Centro Paula Souza \u2013 ETEC de Campo Limpo Paulista\/Unesp pelo trabalho \u201cA posi\u00e7\u00e3o brasileira na ONU frente ao desarmamento nuclear (1997-2017)\u201d; e\u00a0<strong>Gabrielly Cardoso Rocha<\/strong>, do Instituto Federal de Educa\u00e7\u00e3o, Ci\u00eancia e Tecnologia da Bahia com o projeto \u201cSoftware de mapeamento de queimadas em biomas\u201d.<\/p>\n<p>A vice-presidente da SBPC, Fernanda Sobral, destaca a grande diversidade dos trabalhos desenvolvidos e da origem das candidatas de institui\u00e7\u00f5es p\u00fablicas e privadas. \u201cIsso mostra que\u00a0cada vez mais as meninas\u00a0est\u00e3o presentes na ci\u00eancia em todos os campos\u00a0do conhecimento,\u00a0em v\u00e1rios tipos de institui\u00e7\u00f5es e em diferentes regi\u00f5es, o que me deixou muito contente\u201d, disse.<\/p>\n<p>O grande n\u00famero de inscritas foi outro ponto de destaque para Sobral. \u201cEsse ano tivemos um aumento consider\u00e1vel de indica\u00e7\u00f5es. Registramos um aumento de 55% em rela\u00e7\u00e3o \u00e0 segunda edi\u00e7\u00e3o que recebeu indica\u00e7\u00f5es de 286 candidatas. Essa quantidade mostra a mobiliza\u00e7\u00e3o das meninas em torno da ci\u00eancia e, pela qualidade dos trabalhos, podemos vislumbrar trajet\u00f3rias brilhantes neste setor\u201d, comemora. Segundo ela,\u00a0a ci\u00eancia deve ser incentivada entre meninas desde a educa\u00e7\u00e3o b\u00e1sica.<\/p>\n<p>Ap\u00f3s um processo de nomina\u00e7\u00e3o, no qual as 446 candidatas foram indicadas, a comiss\u00e3o julgadora, constitu\u00edda por sete membros da comunidade cient\u00edfica de diferentes \u00e1reas de conhecimento analisou toda a documenta\u00e7\u00e3o referente \u00e0s estudantes e chegou a 82 finalistas da Gradua\u00e7\u00e3o e do Ensino M\u00e9dio. Depois, em uma segunda rodada de avalia\u00e7\u00f5es, a comiss\u00e3o escolheu as premiadas e as men\u00e7\u00f5es honrosas.<\/p>\n<p>\u201cComo tivemos muitos trabalhos finalistas resolvemos premiar duas estudantes de cada \u00e1rea na Gradua\u00e7\u00e3o e tr\u00eas no Ensino M\u00e9dio\u201d, comenta Sobral. \u201cFoi um trabalho\u00a0oneroso\u00a0para a comiss\u00e3o julgadora, mas muito gratificante porque vimos projetos qualificados\u201d, ressalta\u00a0a vice-presidente da SBPC.<\/p>\n<p>Compuseram essa comiss\u00e3o, al\u00e9m da vice-presidente da SBPC,\u00a0Miriam Grossi, Ana Tereza Ribeiro de Vasconcelos e Francilene Proc\u00f3pio Garcia, diretoras da entidade, Maria Vargas, membro da Academia Brasileira de Ci\u00eancias (ABC), Vanderlan Bolzani, presidente da Aciesp, conselheira da SBPC e criadora do pr\u00eamio quando era vice-presidente da entidade, e Fernanda Werneck, pesquisadora titular e coordenadora do Programa de Cole\u00e7\u00f5es Cient\u00edficas e Biol\u00f3gicas e Curadora da Cole\u00e7\u00e3o de Anf\u00edbios e R\u00e9pteis do Instituto Nacional de Pesquisas da Amaz\u00f4nia (Inpa).<\/p>\n<p>As premiadas receber\u00e3o uma visita guiada ao Museu do Ipiranga e um trof\u00e9u. Al\u00e9m disso, as nove agraciadas recebem passagens a\u00e9reas e di\u00e1rias para a cerim\u00f4nia presencial de premia\u00e7\u00e3o, que ser\u00e1 em S\u00e3o Paulo, e para a 75\u00aa Reuni\u00e3o Anual, que ser\u00e1 realizada em Curitiba (PR). As men\u00e7\u00f5es honrosas ir\u00e3o receber trof\u00e9u. E todas as finalistas receber\u00e3o certificado como forma de reconhecimento.<\/p>\n<p>A cerim\u00f4nia de premia\u00e7\u00e3o ser\u00e1 realizada no dia 10 de fevereiro, no Audit\u00f3rio do CEUMA (Rua Maria Antonia, 294 \u2013 3\u00ba andar \u2013 S\u00e3o Paulo\/SP). A data do evento foi escolhida em celebra\u00e7\u00e3o ao Dia Internacional das Mulheres e Meninas na Ci\u00eancia, institu\u00eddo pela Unesco.<\/p>\n<p>O 4\u00ba Pr\u00eamio \u201cCarolina Bori \u2013 Ci\u00eancia &amp; Mulher\u201d conta com o apoio da ABlink e do Centro Universit\u00e1rio Maria Antonia.<\/p>\n<h4 id=\"homenagem-as-cientistas-brasileiras\"><strong>Homenagem \u00e0s cientistas brasileiras<\/strong><\/h4>\n<p>Criado em 2019, o Pr\u00eamio \u201cCarolina Bori Ci\u00eancia &amp; Mulher\u201d \u00e9 uma homenagem da SBPC \u00e0s cientistas brasileiras destacadas e \u00e0s futuras cientistas brasileiras de not\u00f3rio talento, que leva o nome de sua primeira presidente mulher, Carolina Martuscelli Bori. A SBPC \u2013 que j\u00e1 teve tr\u00eas mulheres presidentes e hoje a maioria da diretoria \u00e9 feminina \u2013 criou essa premia\u00e7\u00e3o por acreditar que homenagear as cientistas brasileiras e incentivar as meninas a se interessarem por este universo \u00e9 uma a\u00e7\u00e3o marcante de sua trajet\u00f3ria hist\u00f3rica, na qual tantas mulheres foram protagonistas do trabalho e de anos de lutas e sucesso da maior sociedade cient\u00edfica do Pa\u00eds e da Am\u00e9rica do Sul.<\/p>\n<p><strong>Confira abaixo a lista das premiadas da 4\u00aa Edi\u00e7\u00e3o do Pr\u00eamio \u201cCarolina Bori Ci\u00eancia &amp; Mulher\u201d \u2013 Meninas na Ci\u00eancia:<\/strong><\/p>\n<p><strong>GRADUA\u00c7\u00c3O<\/strong><\/p>\n<p><strong>Humanidades:<\/strong><\/p>\n<p><strong>VENCEDORAS:<\/strong><\/p>\n<p>Alessandra Stefanello<\/p>\n<p>Denise Barrozo de Paula<\/p>\n<p><strong>MEN\u00c7\u00d5ES HONROSAS:<\/strong><\/p>\n<p>Laura Gabriella Muniz da Silva<\/p>\n<p>Vanessa Nogueira Matos<\/p>\n<p><strong>Biol\u00f3gicas e Sa\u00fade:<\/strong><\/p>\n<p><strong>VENCEDORAS:<\/strong><\/p>\n<p>Anita de Souza Silva<\/p>\n<p>Ariane Leite do Nascimento<\/p>\n<p><strong>MEN\u00c7\u00d5ES HONROSAS:<\/strong><\/p>\n<p>Camila Vit\u00f3ria Ferreira Mendes<\/p>\n<p>Carolina Batista Nunes<\/p>\n<p><strong>Engenharias, Exatas e Ci\u00eancias da Terra:<\/strong><\/p>\n<p><strong>VENCEDORAS:<\/strong><\/p>\n<p>Amanda Guimar\u00e3es Melo<\/p>\n<p>Sara L\u00fcneburger<\/p>\n<p><strong>MEN\u00c7\u00d5ES HONROSAS:<\/strong><\/p>\n<p>Mait\u00e1 Carvalho Micol<\/p>\n<p>Wadja Feitosa dos Santos Silva<\/p>\n<p><strong>ENSINO M\u00c9DIO<\/strong><\/p>\n<p><strong>VENCEDORAS<\/strong><\/p>\n<p>Camily Pereira dos Santos<\/p>\n<p>Gabrielly Santos Souza<\/p>\n<p>Isabelle Almeida Novais<\/p>\n<p><strong>MEN\u00c7\u00d5ES HONROSAS:<\/strong><\/p>\n<p>Amanda Ribeiro Machado<\/p>\n<p>Ana Beatriz Caetano Ribeiro<\/p>\n<p>Gabrielly Cardoso Rocha<\/p>\n<p>&nbsp;<\/p>\n<p><a href=\"http:\/\/www.jornaldaciencia.org.br\/wp-content\/uploads\/2023\/01\/FINALISTAS2.pdf\" target=\"_blank\" rel=\"noopener\"><span style=\"color: #800000;\"><strong>Veja aqui a lista das<\/strong><\/span><\/a>\u00a0finalistas.<\/p>\n<p>&nbsp;<\/p>\n<p><span style=\"color: #808080;\"><a style=\"color: #808080;\" href=\"http:\/\/www.jornaldaciencia.org.br\/\" target=\"_blank\" rel=\"noopener\"><em>Jornal da Ci\u00eancia<\/em><\/a><\/span><\/p>\n<p>&nbsp;<\/p>\n<h6 id=\"capa-imagem-por-freepik-com\">Capa: Imagem por <a href=\"http:\/\/&lt;a href=&quot;https:\/\/br.freepik.com\/fotos-gratis\/jovem-estudando-com-laptop-na-mesa-branca_1174222.htm#query=girls%20teens%20studying%20computer&amp;position=2&amp;from_view=search&amp;track=ais&quot;&gt;Imagem de javi_indy&lt;\/a&gt; no Freepik\" target=\"_blank\" rel=\"noopener\">Freepik.com<\/a><\/h6>\n","protected":false},"excerpt":{"rendered":"O evento ser\u00e1 realizado no dia 10 de fevereiro e ter\u00e1 transmiss\u00e3o&hellip;\n","protected":false},"author":19,"featured_media":3713,"comment_status":"open","ping_status":"open","sticky":false,"template":"","format":"standard","meta":[],"categories":[1,2],"tags":[],"acf":[],"_links":{"self":[{"href":"https:\/\/revistacienciaecultura.org.br\/index.php?rest_route=\/wp\/v2\/posts\/3712"}],"collection":[{"href":"https:\/\/revistacienciaecultura.org.br\/index.php?rest_route=\/wp\/v2\/posts"}],"about":[{"href":"https:\/\/revistacienciaecultura.org.br\/index.php?rest_route=\/wp\/v2\/types\/post"}],"author":[{"embeddable":true,"href":"https:\/\/revistacienciaecultura.org.br\/index.php?rest_route=\/wp\/v2\/users\/19"}],"replies":[{"embeddable":true,"href":"https:\/\/revistacienciaecultura.org.br\/index.php?rest_route=%2Fwp%2Fv2%2Fcomments&post=3712"}],"version-history":[{"count":1,"href":"https:\/\/revistacienciaecultura.org.br\/index.php?rest_route=\/wp\/v2\/posts\/3712\/revisions"}],"predecessor-version":[{"id":3714,"href":"https:\/\/revistacienciaecultura.org.br\/index.php?rest_route=\/wp\/v2\/posts\/3712\/revisions\/3714"}],"wp:featuredmedia":[{"embeddable":true,"href":"https:\/\/revistacienciaecultura.org.br\/index.php?rest_route=\/wp\/v2\/media\/3713"}],"wp:attachment":[{"href":"https:\/\/revistacienciaecultura.org.br\/index.php?rest_route=%2Fwp%2Fv2%2Fmedia&parent=3712"}],"wp:term":[{"taxonomy":"category","embeddable":true,"href":"https:\/\/revistacienciaecultura.org.br\/index.php?rest_route=%2Fwp%2Fv2%2Fcategories&post=3712"},{"taxonomy":"post_tag","embeddable":true,"href":"https:\/\/revistacienciaecultura.org.br\/index.php?rest_route=%2Fwp%2Fv2%2Ftags&post=3712"}],"curies":[{"name":"wp","href":"https:\/\/api.w.org\/{rel}","templated":true}]}}