{"id":3718,"date":"2023-01-31T12:33:50","date_gmt":"2023-01-31T12:33:50","guid":{"rendered":"https:\/\/revistacienciaecultura.org.br\/?p=3718"},"modified":"2023-01-31T12:33:50","modified_gmt":"2023-01-31T12:33:50","slug":"doencas-tropicais-negligenciadas-afetam-mais-de-16-bilhao-de-pessoas","status":"publish","type":"post","link":"https:\/\/revistacienciaecultura.org.br\/?p=3718","title":{"rendered":"Doen\u00e7as tropicais negligenciadas afetam mais de 1,6 bilh\u00e3o de pessoas"},"content":{"rendered":"<h4 id=\"relatorio-da-oms-ressalta-necessidade-de-mais-investimentos-para-erradicar-o-problema-que-ainda-afeta-179-paises-e-territorios\"><span style=\"color: #808080;\">Relat\u00f3rio da OMS ressalta necessidade de mais investimentos para erradicar o problema que ainda afeta 179 pa\u00edses e territ\u00f3rios.<\/span><\/h4>\n<p>&nbsp;<\/p>\n<p>Dengue, chikungunya, doen\u00e7a de Chagas, hansen\u00edase&#8230; Essas s\u00e3o algumas das doen\u00e7as tropicais negligenciadas (DTN) que afetam mais de 1,6 bilh\u00e3o de pessoas ao redor do mundo.<\/p>\n<p>No Dia Mundial de Combate \u00e0 Doen\u00e7a Tropical Negligenciada, celebrado no dia 30 de janeiro, a Organiza\u00e7\u00e3o Mundial de Sa\u00fade (OMS) lan\u00e7ou um relat\u00f3rio global apontando que essas enfermidades seguem afetando de forma desproporcional os mais pobres \u2013 especialmente aqueles que t\u00eam falta de acesso \u00e0 \u00e1gua pot\u00e1vel, ao saneamento b\u00e1sico, e a cuidados de sa\u00fade b\u00e1sicos e de qualidade.<\/p>\n<p>As DTNs s\u00e3o causadas por pat\u00f3genos, incluindo v\u00edrus, bact\u00e9rias, parasitas, fungos e toxinas. Essas doen\u00e7as s\u00e3o \u201cnegligenciadas\u201d porque est\u00e3o quase totalmente ausentes dos planos globais de sa\u00fade. A transmiss\u00e3o se d\u00e1 de forma simples \u2013 seja uma picada de inseto, sejam pequenos parasitas que penetram na pele. Por\u00e9m, se permanecerem sem tratamento, suas consequ\u00eancias podem restringir a vida de forma permanente, levar \u00e0 incapacidade f\u00edsica e at\u00e9 a morte. Essas doen\u00e7as t\u00eam efeitos arrasadores para a sa\u00fade al\u00e9m de consequ\u00eancias sociais e econ\u00f4micas.<\/p>\n<p>&nbsp;<\/p>\n<h4 id=\"um-problema-global\"><strong>Um problema global<\/strong><\/h4>\n<p>A OMS afirma que apenas 16 pa\u00edses concentram 80% de todo o fardo global das DTNs. Em 2021, 179 pa\u00edses e territ\u00f3rios notificaram pelo menos um caso de DTN. Em todo o globo, 1,65 bilh\u00e3o de pessoas precisaram de tratamento e cuidados.<\/p>\n<p>Devido \u00e0 pandemia, um ter\u00e7o a menos de pessoas deixaram de ser tratadas contra as doen\u00e7as tropicais negligenciadas entre 2019 e 2020. Em 2021, houve uma pequena melhora de 11% totaliza\u00e7\u00e3o o n\u00famero de pacientes que receberam os cuidados em 900 mil.<\/p>\n<p>A pandemia agravou o quadro das DTNs em v\u00e1rios pa\u00edses, que tiveram seu foco voltado ao combate ao coronav\u00edrus em detrimento de outras doen\u00e7as. O Brasil, por exemplo, est\u00e1 assistindo ao surgimento de um novo surto de casos de dengue. O total de mortes por dengue em 2022 j\u00e1 \u00e9 maior do que o registrado nos \u00faltimos seis anos. At\u00e9 a primeira semana de dezembro do ano passado, 978 \u00f3bitos foram confirmados e mais de 1,4 milh\u00e3o de casos registrados.<\/p>\n<p>&nbsp;<\/p>\n<h4 id=\"relacoes-profundas\"><strong>Rela\u00e7\u00f5es profundas<\/strong><\/h4>\n<p>Pelo novo relat\u00f3rio da OMS, um maior fluxo de investimentos contra as DTNs ajudaria a reverter as perdas nas metas colocadas at\u00e9 2030. A ag\u00eancia fala em mais financiamento dom\u00e9stico, presta\u00e7\u00e3o de conta e autoria dos pa\u00edses nos esfor\u00e7os de combate \u00e0s doen\u00e7as. A OMS tamb\u00e9m emitiu novas diretrizes e informa\u00e7\u00f5es sobre produtos contra as DTNs para ajudar os pa\u00edses no combate. Houve 36 cursos para os agentes de sa\u00fade em 19 temas.<\/p>\n<p>O diretor-geral da OMS, Tedros Ghebreyesus, lembra que apesar do sucesso com milh\u00f5es de pacientes, o mundo permanece preso a ciclos de pobreza e estigma. \u201cCombater a doen\u00e7as tropicais negligenciadas \u00e9 tamb\u00e9m combater a pobreza porque elas s\u00e3o tamb\u00e9m doen\u00e7as de pobreza. S\u00e3o necess\u00e1rias a\u00e7\u00f5es concentradas dos governos numa abordagem multissetorial na perspectiva de uma s\u00f3 sa\u00fade com colabora\u00e7\u00e3o interdisciplinar entre a sa\u00fade humana, a sa\u00fade animal e os atores da sa\u00fade ambiental.\u201d<\/p>\n<p><span style=\"color: #808080;\"><em>Com informa\u00e7\u00f5es da <a style=\"color: #808080;\" href=\"https:\/\/news.un.org\/\" target=\"_blank\" rel=\"noopener\">ONU News<\/a><\/em><\/span><\/p>\n","protected":false},"excerpt":{"rendered":"Relat\u00f3rio da OMS ressalta necessidade de mais investimentos para erradicar o problema&hellip;\n","protected":false},"author":19,"featured_media":3720,"comment_status":"open","ping_status":"open","sticky":false,"template":"","format":"standard","meta":[],"categories":[1,2],"tags":[],"acf":[],"_links":{"self":[{"href":"https:\/\/revistacienciaecultura.org.br\/index.php?rest_route=\/wp\/v2\/posts\/3718"}],"collection":[{"href":"https:\/\/revistacienciaecultura.org.br\/index.php?rest_route=\/wp\/v2\/posts"}],"about":[{"href":"https:\/\/revistacienciaecultura.org.br\/index.php?rest_route=\/wp\/v2\/types\/post"}],"author":[{"embeddable":true,"href":"https:\/\/revistacienciaecultura.org.br\/index.php?rest_route=\/wp\/v2\/users\/19"}],"replies":[{"embeddable":true,"href":"https:\/\/revistacienciaecultura.org.br\/index.php?rest_route=%2Fwp%2Fv2%2Fcomments&post=3718"}],"version-history":[{"count":1,"href":"https:\/\/revistacienciaecultura.org.br\/index.php?rest_route=\/wp\/v2\/posts\/3718\/revisions"}],"predecessor-version":[{"id":3719,"href":"https:\/\/revistacienciaecultura.org.br\/index.php?rest_route=\/wp\/v2\/posts\/3718\/revisions\/3719"}],"wp:featuredmedia":[{"embeddable":true,"href":"https:\/\/revistacienciaecultura.org.br\/index.php?rest_route=\/wp\/v2\/media\/3720"}],"wp:attachment":[{"href":"https:\/\/revistacienciaecultura.org.br\/index.php?rest_route=%2Fwp%2Fv2%2Fmedia&parent=3718"}],"wp:term":[{"taxonomy":"category","embeddable":true,"href":"https:\/\/revistacienciaecultura.org.br\/index.php?rest_route=%2Fwp%2Fv2%2Fcategories&post=3718"},{"taxonomy":"post_tag","embeddable":true,"href":"https:\/\/revistacienciaecultura.org.br\/index.php?rest_route=%2Fwp%2Fv2%2Ftags&post=3718"}],"curies":[{"name":"wp","href":"https:\/\/api.w.org\/{rel}","templated":true}]}}