{"id":3721,"date":"2023-02-01T11:23:19","date_gmt":"2023-02-01T11:23:19","guid":{"rendered":"https:\/\/revistacienciaecultura.org.br\/?p=3721"},"modified":"2023-02-01T11:23:19","modified_gmt":"2023-02-01T11:23:19","slug":"ciencias-basicas-sao-fundamentais-para-o-desenvolvimento-sustentavel","status":"publish","type":"post","link":"https:\/\/revistacienciaecultura.org.br\/?p=3721","title":{"rendered":"Ci\u00eancias b\u00e1sicas s\u00e3o fundamentais para o desenvolvimento sustent\u00e1vel"},"content":{"rendered":"<h4 id=\"as-ciencias-basicas-fornecem-os-meios-essenciais-para-enfrentar-desafios-como-o-acesso-universal-a-alimentos-energia-cobertura-de-saude-e-tecnologias-de-comunicacao\"><span style=\"color: #808080;\">As ci\u00eancias b\u00e1sicas fornecem os meios essenciais para enfrentar desafios como o acesso universal a alimentos, energia, cobertura de sa\u00fade e tecnologias de comunica\u00e7\u00e3o<\/span><\/h4>\n<p>&nbsp;<\/p>\n<p><span style=\"color: #800000;\"><strong><a style=\"color: #800000;\" href=\"https:\/\/brasil.un.org\/\">Organiza\u00e7\u00e3o das Na\u00e7\u00f5es Unidas<\/a><\/strong><\/span>\u00a0(ONU) e a <span style=\"color: #800000;\"><strong><a style=\"color: #800000;\" href=\"https:\/\/www.unesco.org\/en\" target=\"_blank\" rel=\"noopener\">Unesco<\/a><\/strong><\/span> definiram 2022-23 como o\u00a0Ano Internacional das Ci\u00eancias B\u00e1sicas para o Desenvolvimento Sustent\u00e1vel 2022-23\u00a0(IYBSSD, na sigla em ingl\u00eas). O objetivo \u00e9 ressaltar a liga\u00e7\u00e3o entre as ci\u00eancias b\u00e1sicas e os Objetivos de Desenvolvimento Sustent\u00e1vel (ODS) e destacar os poss\u00edveis impactos das ci\u00eancias b\u00e1sicas para esses objetivos. Este ano ser\u00e1 um momento chave de mobiliza\u00e7\u00e3o para convencer l\u00edderes econ\u00f4micos e pol\u00edticos, bem como o p\u00fablico em geral, da import\u00e2ncia da ci\u00eancia b\u00e1sica para o nosso futuro.<\/p>\n<p>O\u00a0IYBSSD ter\u00e1 sua confer\u00eancia de abertura no dia 8 de julho, na sede da Unesco, em Paris. De 01\u00a0de julho de 2022 a 01\u00a0de julho de 2023, academias e associa\u00e7\u00f5es cient\u00edficas em todo o mundo realizar\u00e3o eventos, palestras, reuni\u00f5es e outras a\u00e7\u00f5es para demonstrar a import\u00e2ncia da ci\u00eancia b\u00e1sica para o futuro.<\/p>\n<p>Aqui no Brasil, a<span style=\"color: #800000;\"><strong> <a style=\"color: #800000;\" href=\"http:\/\/www.sbpcnet.org.br\/\">Sociedade Brasileira para o Progresso da Ci\u00eancia<\/a><\/strong><\/span> (SBPC) e a <a href=\"https:\/\/www.googleadservices.com\/pagead\/aclk?sa=L&amp;ai=DChcSEwi40LS1mvT8AhU6QUgAHbcDBnsYABAAGgJjZQ&amp;ohost=www.google.com&amp;cid=CAESa-D2jzQ0qSHnQWZaQOci1guOz-ekQKa305BJaH-UUM8D7vbbutZS_qWNs5CFJq7yKzNSLYPZGdenIYx2OwYq2akHZlVSjPvFVb6hO6Fs66j_qECizzfX8NEo2-pOFn943Gu7NsRHpI0qIJF6&amp;sig=AOD64_3Xb7-is_ThzYgQpiscSp6cGAhGSg&amp;q&amp;adurl&amp;ved=2ahUKEwj6rqu1mvT8AhXlKrkGHWT5CZ8Q0Qx6BAgJEAE\"><span style=\"color: #800000;\"><strong>Academia Brasileira de Ci\u00eancia<\/strong><\/span><\/a> (ABC) s\u00e3o parceiras desta iniciativa e participar\u00e3o das atividades oficiais, assim como da\u00a0avalia\u00e7\u00e3o de propostas para eventos a serem organizados oficialmente\u00a0no \u00e2mbito do Ano Internacional das Ci\u00eancias B\u00e1sicas para o Desenvolvimento Sustent\u00e1vel. As entidades, inclusive, lan\u00e7aram a <span style=\"color: #800000;\"><strong><a style=\"color: #800000;\" href=\"http:\/\/portal.sbpcnet.org.br\/ano-internacional-das-ciencias-basicas\/\">vers\u00e3o em portugu\u00eas<\/a><\/strong><\/span> do site do <a href=\"https:\/\/www.iybssd2022.org\/en\/home\/\"><span style=\"color: #800000;\"><strong>Ano Internacional das Ci\u00eancias B\u00e1sicas para o Desenvolvimento Sustent\u00e1vel 2022-23<\/strong><\/span><\/a>. O site ir\u00e1 listar todas as atividades organizadas oficialmente no \u00e2mbito do IYBSSD.<\/p>\n<p>&nbsp;<\/p>\n<h4 id=\"ciencias-basicas-e-o-desenvolvimento-sustentavel\"><strong>Ci\u00eancias b\u00e1sicas e o desenvolvimento sustent\u00e1vel<\/strong><\/h4>\n<p>A Agenda 2030, adotada em 2015 pela Assembleia Geral das Na\u00e7\u00f5es Unidas, \u00e9 uma vis\u00e3o integrada para o desenvolvimento sustent\u00e1vel de todas as popula\u00e7\u00f5es do mundo. Est\u00e1 organizado em 17 Objetivos de Desenvolvimento Sustent\u00e1vel (ODS) pelos quais devemos lutar coletivamente.<\/p>\n<p>V\u00e1rios desses ODS est\u00e3o explicitamente ligados a avan\u00e7os cient\u00edficos: sa\u00fade e bem-estar (ODS 3); \u00e1gua pot\u00e1vel e saneamento (ODS 6); energia acess\u00edvel e limpa (ODS 7); a\u00e7\u00e3o clim\u00e1tica (ODS 13); vida sob a \u00e1gua (ODS 14); e vida na terra (ODS 15). Mas, na verdade, todos os ODS exigem a contribui\u00e7\u00e3o da ci\u00eancia e da tecnologia.<\/p>\n<p><span style=\"color: #808080;\"><em>Com informa\u00e7\u00f5es da SBPC<\/em><\/span><\/p>\n<h6 id=\"capa-imagem-preessfoto-freepik-com\">Capa: Imagem Preessfoto\/ Freepik.com<\/h6>\n","protected":false},"excerpt":{"rendered":"As ci\u00eancias b\u00e1sicas fornecem os meios essenciais para enfrentar desafios como o&hellip;\n","protected":false},"author":19,"featured_media":3722,"comment_status":"open","ping_status":"open","sticky":false,"template":"","format":"standard","meta":[],"categories":[1,2],"tags":[],"acf":[],"_links":{"self":[{"href":"https:\/\/revistacienciaecultura.org.br\/index.php?rest_route=\/wp\/v2\/posts\/3721"}],"collection":[{"href":"https:\/\/revistacienciaecultura.org.br\/index.php?rest_route=\/wp\/v2\/posts"}],"about":[{"href":"https:\/\/revistacienciaecultura.org.br\/index.php?rest_route=\/wp\/v2\/types\/post"}],"author":[{"embeddable":true,"href":"https:\/\/revistacienciaecultura.org.br\/index.php?rest_route=\/wp\/v2\/users\/19"}],"replies":[{"embeddable":true,"href":"https:\/\/revistacienciaecultura.org.br\/index.php?rest_route=%2Fwp%2Fv2%2Fcomments&post=3721"}],"version-history":[{"count":1,"href":"https:\/\/revistacienciaecultura.org.br\/index.php?rest_route=\/wp\/v2\/posts\/3721\/revisions"}],"predecessor-version":[{"id":3723,"href":"https:\/\/revistacienciaecultura.org.br\/index.php?rest_route=\/wp\/v2\/posts\/3721\/revisions\/3723"}],"wp:featuredmedia":[{"embeddable":true,"href":"https:\/\/revistacienciaecultura.org.br\/index.php?rest_route=\/wp\/v2\/media\/3722"}],"wp:attachment":[{"href":"https:\/\/revistacienciaecultura.org.br\/index.php?rest_route=%2Fwp%2Fv2%2Fmedia&parent=3721"}],"wp:term":[{"taxonomy":"category","embeddable":true,"href":"https:\/\/revistacienciaecultura.org.br\/index.php?rest_route=%2Fwp%2Fv2%2Fcategories&post=3721"},{"taxonomy":"post_tag","embeddable":true,"href":"https:\/\/revistacienciaecultura.org.br\/index.php?rest_route=%2Fwp%2Fv2%2Ftags&post=3721"}],"curies":[{"name":"wp","href":"https:\/\/api.w.org\/{rel}","templated":true}]}}