{"id":3726,"date":"2023-02-07T13:16:33","date_gmt":"2023-02-07T13:16:33","guid":{"rendered":"https:\/\/revistacienciaecultura.org.br\/?p=3726"},"modified":"2023-02-07T13:16:33","modified_gmt":"2023-02-07T13:16:33","slug":"amazonia-muito-alem-do-desmatamento","status":"publish","type":"post","link":"https:\/\/revistacienciaecultura.org.br\/?p=3726","title":{"rendered":"Amaz\u00f4nia: muito al\u00e9m do desmatamento"},"content":{"rendered":"<h4 id=\"regiao-perde-cerca-de-50-a-200-milhoes-de-toneladas-de-carbono-por-ano-devido-a-degradacao\"><span style=\"color: #808080;\">Regi\u00e3o perde cerca de 50 a 200 milh\u00f5es de toneladas de carbono por ano devido \u00e0 degrada\u00e7\u00e3o<\/span><\/h4>\n<p>&nbsp;<\/p>\n<p>Queimadas, extra\u00e7\u00e3o seletiva de madeira, secas extremas. Muito mais do que o desmatamento, outros eventos s\u00e3o uma amea\u00e7a constante \u00e0 floresta amaz\u00f4nica. Mais de um ter\u00e7o da vegeta\u00e7\u00e3o nativa da Amaz\u00f4nia que ainda n\u00e3o foi desmatada \u2013 cerca de 2,5 milh\u00f5es de quil\u00f4metros quadrados \u2013 est\u00e1 sofrendo algum tipo de degrada\u00e7\u00e3o, revela um novo <span style=\"color: #800000;\"><strong><a style=\"color: #800000;\" href=\"https:\/\/www.science.org\/doi\/10.1126\/science.abp8622\">estudo<\/a><\/strong><\/span> publicado na revista Science.<\/p>\n<p>A \u00e1rea degradada do bioma (38%) \u00e9 maior que a \u00e1rea desmatada (17%). Somados, os dois \u00edndices indicam que mais da metade da floresta j\u00e1 foi destru\u00edda e perturbada. Os pesquisadores alertam ser equivocado pensar que a degrada\u00e7\u00e3o causa danos insignificantes em compara\u00e7\u00e3o com o desmatamento. Segundo o estudo, as estimativas de emiss\u00f5es de CO<sub>2<\/sub> e gases de efeito estufa decorrentes da perda gradual da vegeta\u00e7\u00e3o est\u00e3o entre 50 e 200 milh\u00f5es de toneladas por ano, n\u00edvel compar\u00e1vel \u00e0 perda de carbono pelo desmatamento.<\/p>\n<p>O estudo aponta que a taxa de ac\u00famulo de carbono pela floresta diminuiu cerca de 30% nos \u00faltimos 30 anos. Se esse padr\u00e3o se mantiver, em cerca de 15 anos a Amaz\u00f4nia emitir\u00e1 muito mais CO<sub>2<\/sub> do que conseguir\u00e1 absorver, alertam os autores.<\/p>\n<p>O trabalho tamb\u00e9m destaca que a degrada\u00e7\u00e3o amea\u00e7a a biodiversidade e causa impactos socioecon\u00f4micos nas comunidades locais, como a ocorr\u00eancia cada vez mais frequente de eventos extremos, como secas prolongadas precedidas de enchentes recordes ocorridas em 2022 na Amaz\u00f4nia brasileira.<\/p>\n<p>Os pesquisadores concordam em recomendar o desenvolvimento de um sistema de monitoramento de dist\u00farbios florestais \u2013 usando imagens de sat\u00e9lite combinadas com varredura a laser de superf\u00edcie \u2013 e um modelo de \u201cfloresta inteligente\u201d, com a instala\u00e7\u00e3o de dispositivos na floresta para monitorar a degrada\u00e7\u00e3o, especialmente a extra\u00e7\u00e3o seletiva.<\/p>\n<p><em><span style=\"color: #808080;\">Com informa\u00e7\u00f5es de <a style=\"color: #808080;\" href=\"https:\/\/www.scidev.net\/\" target=\"_blank\" rel=\"noopener\">SciDev.Net<\/a><\/span><\/em><\/p>\n","protected":false},"excerpt":{"rendered":"Regi\u00e3o perde cerca de 50 a 200 milh\u00f5es de toneladas de carbono&hellip;\n","protected":false},"author":19,"featured_media":3325,"comment_status":"open","ping_status":"open","sticky":false,"template":"","format":"standard","meta":[],"categories":[1,2],"tags":[],"acf":[],"_links":{"self":[{"href":"https:\/\/revistacienciaecultura.org.br\/index.php?rest_route=\/wp\/v2\/posts\/3726"}],"collection":[{"href":"https:\/\/revistacienciaecultura.org.br\/index.php?rest_route=\/wp\/v2\/posts"}],"about":[{"href":"https:\/\/revistacienciaecultura.org.br\/index.php?rest_route=\/wp\/v2\/types\/post"}],"author":[{"embeddable":true,"href":"https:\/\/revistacienciaecultura.org.br\/index.php?rest_route=\/wp\/v2\/users\/19"}],"replies":[{"embeddable":true,"href":"https:\/\/revistacienciaecultura.org.br\/index.php?rest_route=%2Fwp%2Fv2%2Fcomments&post=3726"}],"version-history":[{"count":1,"href":"https:\/\/revistacienciaecultura.org.br\/index.php?rest_route=\/wp\/v2\/posts\/3726\/revisions"}],"predecessor-version":[{"id":3727,"href":"https:\/\/revistacienciaecultura.org.br\/index.php?rest_route=\/wp\/v2\/posts\/3726\/revisions\/3727"}],"wp:featuredmedia":[{"embeddable":true,"href":"https:\/\/revistacienciaecultura.org.br\/index.php?rest_route=\/wp\/v2\/media\/3325"}],"wp:attachment":[{"href":"https:\/\/revistacienciaecultura.org.br\/index.php?rest_route=%2Fwp%2Fv2%2Fmedia&parent=3726"}],"wp:term":[{"taxonomy":"category","embeddable":true,"href":"https:\/\/revistacienciaecultura.org.br\/index.php?rest_route=%2Fwp%2Fv2%2Fcategories&post=3726"},{"taxonomy":"post_tag","embeddable":true,"href":"https:\/\/revistacienciaecultura.org.br\/index.php?rest_route=%2Fwp%2Fv2%2Ftags&post=3726"}],"curies":[{"name":"wp","href":"https:\/\/api.w.org\/{rel}","templated":true}]}}