{"id":3728,"date":"2023-02-08T07:30:47","date_gmt":"2023-02-08T07:30:47","guid":{"rendered":"https:\/\/revistacienciaecultura.org.br\/?p=3728"},"modified":"2023-02-07T19:37:33","modified_gmt":"2023-02-07T19:37:33","slug":"ficcao-cientifica-e-ciencia-uma-janela-para-o-futuro","status":"publish","type":"post","link":"https:\/\/revistacienciaecultura.org.br\/?p=3728","title":{"rendered":"Fic\u00e7\u00e3o cient\u00edfica e ci\u00eancia: uma janela para o futuro?"},"content":{"rendered":"<h4 id=\"como-a-ficcao-inspirou-a-ciencia-confira-no-novo-video-da-ciencia-cultura\"><span style=\"color: #808080;\">Como a fic\u00e7\u00e3o inspirou a ci\u00eancia? Confira no novo v\u00eddeo da Ci\u00eancia &amp; Cultura<\/span><\/h4>\n<p>&nbsp;<\/p>\n<p>Videoconfer\u00eancias em \u201cBlade Runner\u201d(1982), hologramas em \u201cStar Wars\u201d(1977) e tablets em \u201c2001: Uma Odisseia no Espa\u00e7o\u201d (1968). Muitas das tecnologias comuns hoje j\u00e1 habitavam o universo das fic\u00e7\u00f5es cient\u00edficas d\u00e9cadas atr\u00e1s. Isso \u00e9 o que mostra o v\u00eddeo da nova edi\u00e7\u00e3o da Ci\u00eancia &amp; Cultura, que tem como tema \u201c<strong><span style=\"color: #800000;\"><a style=\"color: #800000;\" href=\"https:\/\/revistacienciaecultura.org.br\/\">Ci\u00eancia e Vida<\/a><\/span><\/strong>\u201d. A edi\u00e7\u00e3o especial aborda as v\u00e1rias maneiras como a ci\u00eancia e a tecnologia contribuem com diversos aspectos de nossa vida di\u00e1ria.<\/p>\n<p>Leandro Tessler, professor do Instituto de F\u00edsica Gleb Wataghin da <span style=\"color: #800000;\"><strong><a style=\"color: #800000;\" href=\"https:\/\/www.unicamp.br\/\">Universidade Estadual de Campinas<\/a><\/strong><\/span> (Unicamp), aponta que um dos maiores nomes da fic\u00e7\u00e3o cient\u00edfica que influenciou a tecnologia foi Isaac Asimov. O escritor e bioqu\u00edmico americano de origem russa chegou a prever, j\u00e1\u00a0na d\u00e9cada de 1960, rob\u00f4s e ve\u00edculos aut\u00f4nomos, uso de energia nuclear e solar, videoconfer\u00eancia por transmiss\u00e3o de sinais de sat\u00e9lite, refei\u00e7\u00f5es congeladas e um mundo com muita polui\u00e7\u00e3o. \u201cEle previu a intelig\u00eancia artificial e estava preocupado com o que aconteceria quando pass\u00e1ssemos a interagir com m\u00e1quinas\u201d.<\/p>\n<p>Lucas Mascarenhas de Miranda, f\u00edsico e divulgador de ci\u00eancia da <span style=\"color: #800000;\"><strong><a style=\"color: #800000;\" href=\"https:\/\/www2.ufjf.br\/\">Universidade Federal de Juiz de Fora<\/a><\/strong><\/span> (UFJF), conta que Martin Cooper,\u00a0engenheiro da Motorola, criou o telefone celular inspirado no intercomunicador usado pelo capit\u00e3o Kirk na s\u00e9rie Star Trek. \u201cEssas cria\u00e7\u00f5es foram antecipadas pela fic\u00e7\u00e3o cient\u00edfica e isso \u00e9 muito interessante porque mostra que a arte tem um papel que vai muito al\u00e9m do entretenimento. Ela tem o papel de abrir a nossa mente\u201d.<\/p>\n<p><strong>Assista ao v\u00eddeo em:<\/strong><\/p>\n<p><iframe loading=\"lazy\" title=\"Fic\u00e7\u00e3o cient\u00edfica e ci\u00eancia: uma janela para o futuro?\" width=\"1200\" height=\"900\" src=\"https:\/\/www.youtube.com\/embed\/EiUYZYKWWbI?feature=oembed\" frameborder=\"0\" allow=\"accelerometer; autoplay; clipboard-write; encrypted-media; gyroscope; picture-in-picture; web-share\" allowfullscreen><\/iframe><\/p>\n","protected":false},"excerpt":{"rendered":"Como a fic\u00e7\u00e3o inspirou a ci\u00eancia? Confira no novo v\u00eddeo da Ci\u00eancia&hellip;\n","protected":false},"author":19,"featured_media":3729,"comment_status":"open","ping_status":"open","sticky":false,"template":"","format":"standard","meta":[],"categories":[5],"tags":[],"acf":[],"_links":{"self":[{"href":"https:\/\/revistacienciaecultura.org.br\/index.php?rest_route=\/wp\/v2\/posts\/3728"}],"collection":[{"href":"https:\/\/revistacienciaecultura.org.br\/index.php?rest_route=\/wp\/v2\/posts"}],"about":[{"href":"https:\/\/revistacienciaecultura.org.br\/index.php?rest_route=\/wp\/v2\/types\/post"}],"author":[{"embeddable":true,"href":"https:\/\/revistacienciaecultura.org.br\/index.php?rest_route=\/wp\/v2\/users\/19"}],"replies":[{"embeddable":true,"href":"https:\/\/revistacienciaecultura.org.br\/index.php?rest_route=%2Fwp%2Fv2%2Fcomments&post=3728"}],"version-history":[{"count":2,"href":"https:\/\/revistacienciaecultura.org.br\/index.php?rest_route=\/wp\/v2\/posts\/3728\/revisions"}],"predecessor-version":[{"id":3731,"href":"https:\/\/revistacienciaecultura.org.br\/index.php?rest_route=\/wp\/v2\/posts\/3728\/revisions\/3731"}],"wp:featuredmedia":[{"embeddable":true,"href":"https:\/\/revistacienciaecultura.org.br\/index.php?rest_route=\/wp\/v2\/media\/3729"}],"wp:attachment":[{"href":"https:\/\/revistacienciaecultura.org.br\/index.php?rest_route=%2Fwp%2Fv2%2Fmedia&parent=3728"}],"wp:term":[{"taxonomy":"category","embeddable":true,"href":"https:\/\/revistacienciaecultura.org.br\/index.php?rest_route=%2Fwp%2Fv2%2Fcategories&post=3728"},{"taxonomy":"post_tag","embeddable":true,"href":"https:\/\/revistacienciaecultura.org.br\/index.php?rest_route=%2Fwp%2Fv2%2Ftags&post=3728"}],"curies":[{"name":"wp","href":"https:\/\/api.w.org\/{rel}","templated":true}]}}