{"id":3732,"date":"2023-02-08T12:04:31","date_gmt":"2023-02-08T12:04:31","guid":{"rendered":"https:\/\/revistacienciaecultura.org.br\/?p=3732"},"modified":"2023-02-08T12:04:31","modified_gmt":"2023-02-08T12:04:31","slug":"sbpc-realiza-reuniao-regional-no-piaui-em-homenagem-ao-bicentenario-da-batalha-do-jenipapo","status":"publish","type":"post","link":"https:\/\/revistacienciaecultura.org.br\/?p=3732","title":{"rendered":"SBPC realiza Reuni\u00e3o Regional no Piau\u00ed em homenagem ao bicenten\u00e1rio da Batalha do Jenipapo"},"content":{"rendered":"<h4 id=\"realizado-nos-dias-13-e-14-de-marco-em-teresina-e-no-dia-15-em-campo-maior-o-evento-tera-como-tema-territorio-ancestral-e-promissor-ciencia-para-o-desenvolvimento-sustentavel-e-inclusivo-d\"><span style=\"color: #808080;\">Realizado nos dias 13 e 14 de mar\u00e7o em Teresina, e no dia 15 em Campo Maior, o evento ter\u00e1 como tema \u201cTerrit\u00f3rio ancestral e promissor: ci\u00eancia para o desenvolvimento sustent\u00e1vel e inclusivo do Piau\u00ed\u201d<\/span><\/h4>\n<p>&nbsp;<\/p>\n<p>A Sociedade Brasileira para o Progresso da Ci\u00eancia (SBPC) realiza de 13 a 15 de mar\u00e7o sua Reuni\u00e3o Regional no Piau\u00ed com o tema \u201cTerrit\u00f3rio ancestral e promissor: ci\u00eancia para o desenvolvimento sustent\u00e1vel e inclusivo do Piau\u00ed\u201d. O evento ter\u00e1 inscri\u00e7\u00f5es gratuitas e tamb\u00e9m contar\u00e1 com transmiss\u00e3o online pelo canal oficial da SBPC no YouTube.<\/p>\n<p>Assim como ocorre em todos os eventos da SBPC, a Reuni\u00e3o Regional tem como um de seus objetivos principais popularizar e valorizar a produ\u00e7\u00e3o cient\u00edfica nacional e inseri-la no cotidiano dos cidad\u00e3os.<\/p>\n<p>Durante o evento, o p\u00fablico poder\u00e1 assistir a confer\u00eancias e mesas-redondas voltadas aos estudantes de gradua\u00e7\u00e3o e p\u00f3s-gradua\u00e7\u00e3o, professores do ensino b\u00e1sico, m\u00e9dio e t\u00e9cnico, al\u00e9m de professores do ensino superior e interessados em geral. As atividades contar\u00e3o com a participa\u00e7\u00e3o de pesquisadores locais e de outras regi\u00f5es do Pa\u00eds.<\/p>\n<p>Cl\u00e1udia Linhares, secret\u00e1ria-geral da SBPC, afirma que nos dois primeiros dias do evento, que ser\u00e3o realizados no campus da Universidade Federal do Piau\u00ed, em Teresina, ser\u00e3o debatidos temas caros ao Estado, dentre eles, arqueologia, energias renov\u00e1veis, meio ambiente, eixos de economia sustent\u00e1veis, supera\u00e7\u00e3o da pobreza, al\u00e9m dos temas recorrentes da SBPC, como pol\u00edticas de educa\u00e7\u00e3o, ci\u00eancia, tecnologia e inova\u00e7\u00e3o para a reconstru\u00e7\u00e3o da na\u00e7\u00e3o brasileira. A reuni\u00e3o se encerra no Instituto Federal do Piau\u00ed, em Campo Maior, com discuss\u00f5es sobre o futuro.<\/p>\n<p>Linhares comenta que al\u00e9m dos temas j\u00e1 citados, o evento ser\u00e1 uma \u00f3tima oportunidade para relembrar a Batalha do Jenipapo (um dos confrontos mais sangrentos da Guerra da Independ\u00eancia do Brasil, ocorrido no dia 13 de mar\u00e7o de 1823, \u00e0s margens do rio de mesmo nome na vila de Campo Maior, no Piau\u00ed) e discutir o Brasil que desejamos para os pr\u00f3ximos 200 anos.<\/p>\n<p>\u201cEssa Reuni\u00e3o Regional ainda \u00e9 uma repercuss\u00e3o das comemora\u00e7\u00f5es do Bicenten\u00e1rio da Independ\u00eancia, porque para muitas pessoas a \u2018Independ\u00eancia\u2019 foi simplesmente o \u2018Grito do Ipiranga\u2019, e n\u00e3o \u00e9. A consolida\u00e7\u00e3o dessa emancipa\u00e7\u00e3o foi sendo constru\u00edda, inclusive depois desse epis\u00f3dio com v\u00e1rias batalhas memor\u00e1veis em diferentes lugares, dentre elas, a Batalha do Jenipapo e da Bahia, comemorada em 2 de julho. Infelizmente, muitos brasileiros n\u00e3o refletem algumas lutas por desconhecerem\u201d, comenta. (<span style=\"color: #800000;\"><strong><a style=\"color: #800000;\" href=\"https:\/\/www.youtube.com\/watch?v=joF31MbC5t4&amp;t=4s\" target=\"_blank\" rel=\"noopener\">Assista ao v\u00eddeo da SBPC \u201cBrasil 200 anos: Rumos \u00e0 Independ\u00eancia\u201d<\/a><\/strong><\/span>)<\/p>\n<p>Al\u00e9m de amplificar a divulga\u00e7\u00e3o da Batalha do Jenipapo, Linhares conta que a SBPC quer se aproximar do Piau\u00ed e mostrar o quanto o Estado \u00e9 importante para a entidade. \u201cN\u00e3o temos ainda uma Secretaria Regional no Estado. Queremos que depois de consolidada, a Reuni\u00e3o Regional da SBPC no Piau\u00ed tenha um papel como as outras que atuam na divulga\u00e7\u00e3o cient\u00edfica e di\u00e1logo com a comunidade local, al\u00e9m de tornar mais efetiva a miss\u00e3o da entidade em prol de pol\u00edticas p\u00fablicas de sa\u00fade, educa\u00e7\u00e3o, socioambientais e de ci\u00eancia, tecnologia e inova\u00e7\u00e3o no Pa\u00eds e em defesa da democracia, da justi\u00e7a, da vida e dos direitos humanos\u201d, comenta.<\/p>\n<p>Ol\u00edvia Perez, representante da SBPC no Piau\u00ed, afirma que existe uma grande expectativa para que haja boas discuss\u00f5es no evento. \u201cReceber uma Reuni\u00e3o Regional da SBPC \u00e9 um marco para ampliarmos a discuss\u00e3o de ci\u00eancia, tecnologia e inova\u00e7\u00e3o no Piau\u00ed. Ser\u00e1 uma grande oportunidade de conex\u00e3o e de reunirmos com cientistas de diferentes regi\u00f5es, inclusive os locais, para debateremos temas de interesse para o Estado\u201d, diz.<\/p>\n<p>As atividades da Reuni\u00e3o Regional s\u00e3o gratuitas e abertas ao p\u00fablico em geral, mas quem quiser receber o certificado de participa\u00e7\u00e3o geral do evento precisa se inscrever no site\u00a0<strong><span style=\"color: #800000;\"><a style=\"color: #800000;\" href=\"https:\/\/rr.sbpcnet.org.br\/piaui\/\" target=\"_blank\" rel=\"noopener\">https:\/\/rr.sbpcnet.org.br\/piaui\/<\/a><\/span><\/strong><\/p>\n<p><span style=\"color: #808080;\"><a style=\"color: #808080;\" href=\"http:\/\/www.jornaldaciencia.org.br\/\" target=\"_blank\" rel=\"noopener\"><em>Jornal da Ci\u00eancia<\/em><\/a><\/span><\/p>\n","protected":false},"excerpt":{"rendered":"Realizado nos dias 13 e 14 de mar\u00e7o em Teresina, e no&hellip;\n","protected":false},"author":19,"featured_media":1652,"comment_status":"open","ping_status":"open","sticky":false,"template":"","format":"standard","meta":[],"categories":[1,2],"tags":[],"acf":[],"_links":{"self":[{"href":"https:\/\/revistacienciaecultura.org.br\/index.php?rest_route=\/wp\/v2\/posts\/3732"}],"collection":[{"href":"https:\/\/revistacienciaecultura.org.br\/index.php?rest_route=\/wp\/v2\/posts"}],"about":[{"href":"https:\/\/revistacienciaecultura.org.br\/index.php?rest_route=\/wp\/v2\/types\/post"}],"author":[{"embeddable":true,"href":"https:\/\/revistacienciaecultura.org.br\/index.php?rest_route=\/wp\/v2\/users\/19"}],"replies":[{"embeddable":true,"href":"https:\/\/revistacienciaecultura.org.br\/index.php?rest_route=%2Fwp%2Fv2%2Fcomments&post=3732"}],"version-history":[{"count":1,"href":"https:\/\/revistacienciaecultura.org.br\/index.php?rest_route=\/wp\/v2\/posts\/3732\/revisions"}],"predecessor-version":[{"id":3733,"href":"https:\/\/revistacienciaecultura.org.br\/index.php?rest_route=\/wp\/v2\/posts\/3732\/revisions\/3733"}],"wp:featuredmedia":[{"embeddable":true,"href":"https:\/\/revistacienciaecultura.org.br\/index.php?rest_route=\/wp\/v2\/media\/1652"}],"wp:attachment":[{"href":"https:\/\/revistacienciaecultura.org.br\/index.php?rest_route=%2Fwp%2Fv2%2Fmedia&parent=3732"}],"wp:term":[{"taxonomy":"category","embeddable":true,"href":"https:\/\/revistacienciaecultura.org.br\/index.php?rest_route=%2Fwp%2Fv2%2Fcategories&post=3732"},{"taxonomy":"post_tag","embeddable":true,"href":"https:\/\/revistacienciaecultura.org.br\/index.php?rest_route=%2Fwp%2Fv2%2Ftags&post=3732"}],"curies":[{"name":"wp","href":"https:\/\/api.w.org\/{rel}","templated":true}]}}