{"id":3734,"date":"2023-02-09T10:48:34","date_gmt":"2023-02-09T10:48:34","guid":{"rendered":"https:\/\/revistacienciaecultura.org.br\/?p=3734"},"modified":"2023-02-09T10:48:34","modified_gmt":"2023-02-09T10:48:34","slug":"meninas-e-mulheres-trazem-criatividades-e-inovacao-para-a-ciencia","status":"publish","type":"post","link":"https:\/\/revistacienciaecultura.org.br\/?p=3734","title":{"rendered":"Meninas e mulheres trazem criatividades e inova\u00e7\u00e3o para a ci\u00eancia"},"content":{"rendered":"<h4 id=\"dia-internacional-busca-quebrar-estereotipos-e-conscientizar-sobre-igualdade-de-genero-e-diversidade-na-cti\"><span style=\"color: #808080;\">Dia Internacional busca quebrar estere\u00f3tipos e conscientizar sobre igualdade de g\u00eanero e diversidade na CT&amp;I<\/span><\/h4>\n<p>&nbsp;<\/p>\n<p>Trazer mulheres e outros grupos marginalizados para a ci\u00eancia e a tecnologia resulta em solu\u00e7\u00f5es mais criativas e com maior potencial para inova\u00e7\u00f5es que atendam \u00e0s necessidades das mulheres e promovam a igualdade de g\u00eanero. Sua falta de inclus\u00e3o, por outro lado, traz custos enormes \u2013 econ\u00f4micos e sociais. Isso \u00e9 o que ressalta a <span style=\"color: #800000;\"><strong><a style=\"color: #800000;\" href=\"https:\/\/brasil.un.org\/\">Organiza\u00e7\u00e3o das Na\u00e7\u00f5es Unidas<\/a> <\/strong><\/span>(ONU) no Dia Internacional das Mulheres e Meninas na Ci\u00eancia, celebrado 11 de fevereiro.<\/p>\n<p>Globalmente, apenas 33% dos pesquisadores s\u00e3o mulheres, recebem menos financiamento para pesquisa do que os homens e t\u00eam menos probabilidade de serem promovidas, segundo levantamento da <a href=\"https:\/\/www.unesco.org\/en\">Unesco<\/a>. No Brasil, a propor\u00e7\u00e3o \u00e9 ainda menor: as mulheres ocupam apenas 14% das posi\u00e7\u00f5es na Academia Brasileira de Ci\u00eancias. Desde que o Nobel foi criado, em 1901, o pr\u00eamio foi concedido a mais de 622 pessoas nas \u00e1reas de ci\u00eancias, mas apenas 22 dos vencedores foram mulheres.<\/p>\n<p>Tamb\u00e9m no setor privado, as mulheres est\u00e3o menos presentes na lideran\u00e7a da empresa e em cargos t\u00e9cnicos nas ind\u00fastrias de tecnologia. As mulheres representam apenas 22% dos profissionais que trabalham em intelig\u00eancia artificial e 28% dos graduados em engenharia.<\/p>\n<p>&nbsp;<\/p>\n<h4 id=\"exclusao-digital\"><strong>Exclus\u00e3o digital<\/strong><\/h4>\n<p>Segundo o\u00a0<a href=\"https:\/\/www.unwomen.org\/en\/digital-library\/annual-report\"><span style=\"color: #800000;\"><strong>Relat\u00f3rio Anual 2022 da ONU Mulheres<\/strong><\/span><\/a>, a exclus\u00e3o das mulheres do mundo digital eliminou US$ 1 trilh\u00e3o do produto interno bruto de pa\u00edses de baixa e m\u00e9dia renda na \u00faltima d\u00e9cada \u2014 uma perda que crescer\u00e1 para US$ 1,5 trilh\u00e3o at\u00e9 2025 se n\u00e3o houver nenhuma a\u00e7\u00e3o a respeito.<\/p>\n<p>A ag\u00eancia aponta que uma abordagem sens\u00edvel ao g\u00eanero para inova\u00e7\u00e3o, tecnologia e educa\u00e7\u00e3o digital pode aumentar a conscientiza\u00e7\u00e3o de mulheres e meninas sobre seus direitos e engajamento c\u00edvico. Os avan\u00e7os na tecnologia digital oferecem imensas oportunidades para enfrentar os desafios humanit\u00e1rios e de desenvolvimento e para alcan\u00e7ar os Objetivos de Desenvolvimento Sustent\u00e1vel da Agenda 2030. Infelizmente, as oportunidades da revolu\u00e7\u00e3o digital tamb\u00e9m representam um risco de perpetuar os padr\u00f5es existentes de desigualdade de g\u00eanero. A necessidade de tecnologia inclusiva e transformadora e educa\u00e7\u00e3o digital \u00e9, portanto, crucial para um futuro sustent\u00e1vel.<\/p>\n<p>&nbsp;<\/p>\n<h4 id=\"premio-carolina-bori\"><strong>Pr\u00eamio Carolina Bori<\/strong><\/h4>\n<p>Para comemorar a data, a <span style=\"color: #800000;\"><strong><a style=\"color: #800000;\" href=\"http:\/\/portal.sbpcnet.org.br\/\">Sociedade Brasileira para o Progresso da Ci\u00eancia<\/a><\/strong><\/span> (SBPC) realiza na pr\u00f3xima sexta-feira, 10 de fevereiro, a cerim\u00f4nia presencial de entrega do\u00a0<strong>4\u00ba Pr\u00eamio \u201cCarolina Bori Ci\u00eancia &amp; Mulher\u201d<\/strong>, dedicada nesta edi\u00e7\u00e3o \u00e0s \u201cMeninas na Ci\u00eancia\u201d. A cerim\u00f4nia ser\u00e1 transmitida pelo canal da SBPC no YouTube, a partir das 15h.<\/p>\n<p>A premia\u00e7\u00e3o recebeu indica\u00e7\u00f5es de 446 candidatas de 223 institui\u00e7\u00f5es de todas as regi\u00f5es do Pa\u00eds. Foram 126 indicadas para a categoria Ensino M\u00e9dio e 320 para a Gradua\u00e7\u00e3o, categoria subdivida entre tr\u00eas grandes \u00e1reas do conhecimento: Biol\u00f3gicas e Sa\u00fade (126), Engenharias, Exatas e Ci\u00eancias da Terra (103) e Humanidades (91).<\/p>\n<p>Criado em 2019, o Pr\u00eamio \u201cCarolina Bori Ci\u00eancia &amp; Mulher\u201d \u00e9 uma homenagem da SBPC \u00e0s cientistas brasileiras destacadas e \u00e0s futuras cientistas brasileiras de not\u00f3rio talento, que leva o nome de sua primeira presidente mulher, Carolina Martuscelli Bori. A SBPC \u2013 que j\u00e1 teve tr\u00eas mulheres presidentes e hoje a maioria da diretoria \u00e9 feminina \u2013 criou essa premia\u00e7\u00e3o por acreditar que homenagear as cientistas brasileiras e incentivar as meninas a se interessarem por este universo \u00e9 uma a\u00e7\u00e3o marcante de sua trajet\u00f3ria hist\u00f3rica, na qual tantas mulheres foram protagonistas do trabalho e de anos de lutas e sucesso da maior sociedade cient\u00edfica do Pa\u00eds e da Am\u00e9rica do Sul.<\/p>\n<p><a href=\"http:\/\/www.jornaldaciencia.org.br\/wp-content\/uploads\/2023\/01\/FINALISTAS2.pdf\"><strong><span style=\"color: #800000;\">Veja aqui a lista das<\/span><\/strong><\/a>\u00a0finalistas.<\/p>\n","protected":false},"excerpt":{"rendered":"Dia Internacional busca quebrar estere\u00f3tipos e conscientizar sobre igualdade de g\u00eanero e&hellip;\n","protected":false},"author":19,"featured_media":3713,"comment_status":"open","ping_status":"open","sticky":false,"template":"","format":"standard","meta":[],"categories":[1,2],"tags":[],"acf":[],"_links":{"self":[{"href":"https:\/\/revistacienciaecultura.org.br\/index.php?rest_route=\/wp\/v2\/posts\/3734"}],"collection":[{"href":"https:\/\/revistacienciaecultura.org.br\/index.php?rest_route=\/wp\/v2\/posts"}],"about":[{"href":"https:\/\/revistacienciaecultura.org.br\/index.php?rest_route=\/wp\/v2\/types\/post"}],"author":[{"embeddable":true,"href":"https:\/\/revistacienciaecultura.org.br\/index.php?rest_route=\/wp\/v2\/users\/19"}],"replies":[{"embeddable":true,"href":"https:\/\/revistacienciaecultura.org.br\/index.php?rest_route=%2Fwp%2Fv2%2Fcomments&post=3734"}],"version-history":[{"count":1,"href":"https:\/\/revistacienciaecultura.org.br\/index.php?rest_route=\/wp\/v2\/posts\/3734\/revisions"}],"predecessor-version":[{"id":3735,"href":"https:\/\/revistacienciaecultura.org.br\/index.php?rest_route=\/wp\/v2\/posts\/3734\/revisions\/3735"}],"wp:featuredmedia":[{"embeddable":true,"href":"https:\/\/revistacienciaecultura.org.br\/index.php?rest_route=\/wp\/v2\/media\/3713"}],"wp:attachment":[{"href":"https:\/\/revistacienciaecultura.org.br\/index.php?rest_route=%2Fwp%2Fv2%2Fmedia&parent=3734"}],"wp:term":[{"taxonomy":"category","embeddable":true,"href":"https:\/\/revistacienciaecultura.org.br\/index.php?rest_route=%2Fwp%2Fv2%2Fcategories&post=3734"},{"taxonomy":"post_tag","embeddable":true,"href":"https:\/\/revistacienciaecultura.org.br\/index.php?rest_route=%2Fwp%2Fv2%2Ftags&post=3734"}],"curies":[{"name":"wp","href":"https:\/\/api.w.org\/{rel}","templated":true}]}}