{"id":3740,"date":"2023-02-14T10:42:53","date_gmt":"2023-02-14T10:42:53","guid":{"rendered":"https:\/\/revistacienciaecultura.org.br\/?p=3740"},"modified":"2023-02-14T10:42:53","modified_gmt":"2023-02-14T10:42:53","slug":"sbpc-entrega-premio-carolina-bori-para-meninas-cientistas","status":"publish","type":"post","link":"https:\/\/revistacienciaecultura.org.br\/?p=3740","title":{"rendered":"SBPC entrega Pr\u00eamio Carolina Bori para meninas cientistas"},"content":{"rendered":"<h4 id=\"a-cerimonia-foi-realizada-na-ultima-sexta-feira-10-de-fevereiro-e-contou-com-a-presenca-da-ministra-da-ciencia-tecnologia-e-inovacao-luciana-santos\"><span style=\"color: #808080;\">A cerim\u00f4nia foi realizada na \u00faltima sexta-feira, 10 de fevereiro, e contou com a presen\u00e7a da ministra da Ci\u00eancia, Tecnologia e Inova\u00e7\u00e3o, Luciana Santos<\/span><\/h4>\n<p>&nbsp;<\/p>\n<p>Na v\u00e9spera do\u00a0Dia Internacional das Mulheres e Meninas na Ci\u00eancia, celebrado em 11 de fevereiro, a Sociedade Brasileira para o Progresso da Ci\u00eancia (SBPC) realizou a cerim\u00f4nia de entrega do 4\u00ba Pr\u00eamio \u201cCarolina Bori Ci\u00eancia &amp; Mulher\u201d, desta vez na categoria Meninas na Ci\u00eancia, em S\u00e3o Paulo. Esta edi\u00e7\u00e3o elegeu nove vencedoras, tr\u00eas na categoria Ensino M\u00e9dio e seis na de Gradua\u00e7\u00e3o. Cada vencedora recebeu um trof\u00e9u, uma visita guiada ao Museu do Ipiranga, al\u00e9m de passagem a\u00e9rea e hospedagem para que elas participem da 75\u00aa Reuni\u00e3o Anual da SBPC, que este ano ser\u00e1 realizada na Universidade Federal do Paran\u00e1 (UFPR), em Curitiba.<\/p>\n<p>O presidente da SBPC, Renato Janine Ribeiro, ressaltou a import\u00e2ncia do Pr\u00eamio Carolina Bori para reconhecer, agradecer e homenagear a participa\u00e7\u00e3o das meninas e mulheres no universo cient\u00edfico, al\u00e9m de destacar a import\u00e2ncia da diversidade na ci\u00eancia. \u201cA ci\u00eancia precisa das mulheres e meninas para ampliar e diversificar as perspectivas. E acreditamos que o mundo precisa de a\u00e7\u00f5es afirmativas para ampliar os pontos de vista. Ficamos muito felizes de comemorar o Dia Internacional das Mulheres e Meninas na Ci\u00eancia com essa premia\u00e7\u00e3o\u201d, afirmou.<\/p>\n<p>A vice-presidente da SBPC, Fernanda Sobral, que coordenou a avalia\u00e7\u00e3o do pr\u00eamio, tamb\u00e9m ressaltou a import\u00e2ncia da diversidade na ci\u00eancia. \u201cQuando eu falo de diversidade, falo de diversidade de g\u00eanero, de \u00e1reas do conhecimento, de gera\u00e7\u00f5es e tamb\u00e9m de ra\u00e7a e etnias. Lidar com a diversidade \u00e9 um exerc\u00edcio da democracia e \u00e9 isso, de certa forma, que estamos promovendo aqui hoje\u201d, salientou.<\/p>\n<p>Sobral tamb\u00e9m destacou que a premia\u00e7\u00e3o concedeu ainda nove men\u00e7\u00f5es honrosas, al\u00e9m das vencedoras, sendo tr\u00eas do Ensino M\u00e9dio e seis da Gradua\u00e7\u00e3o. A entidade ainda ir\u00e1 conceder certificado, como forma de reconhecimento, para todas as estudantes finalistas.<\/p>\n<p>Uma das juradas do concurso, Vanderlan Bolzani, membro do Conselho da SBPC e criadora do Pr\u00eamio Carolina Bori quando foi vice-presidente da entidade (gest\u00e3o 2017-19), falou sobre a ideia da premia\u00e7\u00e3o al\u00e9m da necessidade de igualdade de g\u00eanero, frisando que isso s\u00f3 seria poss\u00edvel com atitudes, pol\u00edticas p\u00fablicas e trabalho em conjunto. \u201cQuando levei a \u00e0 Diretoria a sugest\u00e3o de criar o pr\u00eamio, a ideia era justamente louvar as mulheres e cientistas do Brasil e incentivas os jovens talentos a seguirem esse nobre of\u00edcio\u201d, comentou.<\/p>\n<h4 id=\"ministra-de-cti-reforca-importancia-do-premio-como-valorizacao-de-talentos\"><strong>Ministra de CT&amp;I refor\u00e7a import\u00e2ncia do pr\u00eamio como valoriza\u00e7\u00e3o de talentos<\/strong><\/h4>\n<p>A cerim\u00f4nia tamb\u00e9m contou com a participa\u00e7\u00e3o da ministra da Ci\u00eancia, Tecnologia e Inova\u00e7\u00e3o, Luciana Santos, que lamentou a fuga de talentos brasileiros para o exterior e apontou a desigualdade de g\u00eanero na ci\u00eancia. \u201cNo caso das mulheres, vemos com tristeza o abandono da carreira cient\u00edfica em decorr\u00eancia de um sistema constitu\u00eddo por crit\u00e9rios de avalia\u00e7\u00e3o cujo desenho ainda \u00e9 masculino. Como resultado, uma grande desigualdade no acesso das cientistas \u00e0s bolsas de estudo e pesquisa\u201d, afirmou.<\/p>\n<p>\u201cAs consequ\u00eancias disso v\u00e3o al\u00e9m dos preju\u00edzos e da igualdade de direitos e oportunidades que defendemos. \u00c9 uma quest\u00e3o de excel\u00eancia. Ao perder talentos femininos, o Pa\u00eds perde tamb\u00e9m a diversidade de olhares que enriquece a nossa produ\u00e7\u00e3o de conhecimento\u201d, acrescentou a ministra.<\/p>\n<p>Elogiando o trabalho da SBPC e enaltecendo o\u00a0valor da institui\u00e7\u00e3o para a sociedade brasileira, Santos destacou a import\u00e2ncia do contato com a Ci\u00eancia na juventude:<\/p>\n<p>\u201cQuero parabenizar todas as jovens cientistas que est\u00e3o aqui, sobretudo por acreditarem na ci\u00eancia. Se hoje est\u00e3o aqui, foi porque escolheram o caminho da afirma\u00e7\u00e3o da ci\u00eancia e n\u00e3o da nega\u00e7\u00e3o da ci\u00eancia. A pesquisa cient\u00edfica proporciona grandes emo\u00e7\u00f5es, porque faz com que a gente compreenda os fen\u00f4menos, a descoberta de uma solu\u00e7\u00e3o, de um determinado desafio ou de um determinado problema, que se alcan\u00e7a de v\u00e1rias formas. Muitas de voc\u00eas viveram este momento durante a jornada cient\u00edfica que decidiram empreender ainda muito jovens.\u201d<\/p>\n<p>Engenheira eletricista pela Universidade Federal de Pernambuco (UFPE), Luciana Santos \u00e9 a primeira ministra mulher na Pasta da Ci\u00eancia, Tecnologia e Inova\u00e7\u00e3o. Ela afirmou ainda seu compromisso em construir uma pol\u00edtica robusta para incentivar a ci\u00eancia e a tecnologia\u00a0entre as mulheres.<\/p>\n<p>\u201c\u00c9 fundamental fortalecer os instrumentos que dispomos e avan\u00e7ar na constru\u00e7\u00e3o e implementa\u00e7\u00e3o de ferramentas capazes de democratizar e garantir a participa\u00e7\u00e3o feminina, de forma permanente, nos ambientes de pesquisa e desenvolvimento. Vamos enfrentar a desigualdade de g\u00eanero que ainda define a distribui\u00e7\u00e3o de bolsas de estudo e pesquisa e avan\u00e7ar na inclus\u00e3o das cientistas e pesquisadoras pretas. Se conseguirmos ampliar o acesso dessas mulheres \u00e0 universidade, ainda h\u00e1 muito o que fazer para que tenham seus talentos reconhecidos na ci\u00eancia\u201d, disse.<\/p>\n<h4 id=\"a-premiacao\"><strong>A premia\u00e7\u00e3o<\/strong><\/h4>\n<p>A SBPC recebeu indica\u00e7\u00f5es de 446 candidatas de 223 institui\u00e7\u00f5es de todas as regi\u00f5es do Pa\u00eds. Foram 126 indicadas para a categoria Ensino M\u00e9dio e 320 para a Gradua\u00e7\u00e3o, categoria subdividida entre tr\u00eas grandes \u00e1reas do conhecimento: Biol\u00f3gicas e Sa\u00fade (126), Engenharias, Exatas e Ci\u00eancias da Terra (103) e Humanidades (91).<\/p>\n<p>\u201cTivemos um aumento de 56,49% no total de indica\u00e7\u00f5es nessa edi\u00e7\u00e3o ao compararmos com a edi\u00e7\u00e3o de 2020. Em gradua\u00e7\u00e3o tivemos uma alta de 63,26% e ensino m\u00e9dio de 41,57%\u201d, comentou Miriam Grossi, diretora da SBPC, que mostrou alguns n\u00fameros comparativos entre a 2\u00aa edi\u00e7\u00e3o da premia\u00e7\u00e3o com a atual. Realizado anualmente desde 2019, o pr\u00eamio alterna a cada ano as categorias Mulheres Cientistas e Meninas na Ci\u00eancia.<\/p>\n<p>\u201cNa edi\u00e7\u00e3o de 2020 tivemos indicadas de 18 estados. Este ano foram de 24 estados. Estamos quase l\u00e1 com indica\u00e7\u00f5es de todo o Brasil\u201d, comemorou.<\/p>\n<h4 id=\"as-protagonistas\"><strong>As protagonistas<\/strong><\/h4>\n<p>As jovens cientistas agraciadas com o 4\u00ba Pr\u00eamio \u201cCarolina Bori Ci\u00eancia &amp; Mulher\u201d aproveitaram a oportunidade da cerim\u00f4nia para ressaltar o papel da SBPC no reconhecimento das mulheres na ci\u00eancia, al\u00e9m de agradecer os incentivos recebidos por seus familiares e orientadores.<\/p>\n<p>Bolsista do Conselho Nacional de Desenvolvimento Cient\u00edfico e Tecnol\u00f3gico (CNPq),\u00a0<span style=\"color: #800000;\"><strong><a style=\"color: #800000;\" href=\"http:\/\/www.jornaldaciencia.org.br\/a-ciencia-nao-me-fez-apenas-contribuir-para-o-mundo-ao-meu-redor-mas-me-transformou-tambem-como-pessoa-afirma-camily-pereira-dos-santos\/\" target=\"_blank\" rel=\"noopener\">Camily Pereira dos Santos<\/a><\/strong><\/span>\u00a0foi a primeira estudante a ser homenageada. De Os\u00f3rio (RS), a aluna do curso t\u00e9cnico em Inform\u00e1tica Instituto Federal de Educa\u00e7\u00e3o Ci\u00eancia e Tecnologia do Rio Grande do Sul recebeu pr\u00eamio pelo projeto \u201cDesenvolvimento de material biodegrad\u00e1vel para absorventes femininos\u201d.<\/p>\n<p>\u201cFoi a primeira vez que eu me deparei com a quest\u00e3o da pobreza menstrual, e jamais imaginaria que ela estaria t\u00e3o pr\u00f3xima de mim e da minha fam\u00edlia. A partir desse momento, eu comecei a pensar: \u2018ah, e se houvesse um absorvente que, al\u00e9m de ser ecol\u00f3gico, fosse tamb\u00e9m acess\u00edvel a mulheres em vulnerabilidade? E o que eu, uma ent\u00e3o aluna do ensino m\u00e9dio, poderia fazer frente a esse problema?\u2019\u201d, ponderou.<\/p>\n<p>\u201cO pr\u00eamio vai al\u00e9m do reconhecimento, e eu represento a minha escola e a minha cidade. \u00c9 muito significativo eu representar a ci\u00eancia jovem brasileira feita em escola p\u00fablica\u201d, destacou a jovem.<\/p>\n<p><a href=\"http:\/\/www.jornaldaciencia.org.br\/a-arte-e-um-meio-muito-grande-para-propagar-ciencia-afirma-gabriely-santos-souza\/\" target=\"_blank\" rel=\"noopener\"><span style=\"color: #800000;\"><strong>Gabriely Santos Souza<\/strong><\/span><\/a>, mais conhecida como K7, estudante do Centro de Ensino M\u00e9dio Elefante Branco, localizado em Bras\u00edlia, tamb\u00e9m ressaltou o apoio dos pais e de seu professor Marcelo Lucas de Ara\u00fajo Brito. \u201cEsse pr\u00eamio n\u00e3o \u00e9 s\u00f3 meu. Ele \u00e9 tamb\u00e9m do grupo de teatro do qual fa\u00e7o parte e do meu professor e diretor Marcelo Lucas de Ara\u00fajo Brito, que me apresentou o mundo da dramaturgia. Com ele, descobrimos que n\u00e3o se falava de ci\u00eancia no teatro, principalmente para as crian\u00e7as\u201d contou.<\/p>\n<p><a href=\"http:\/\/www.jornaldaciencia.org.br\/receber-uma-premiacao-como-essa-mostra-que-acreditar-e-investir-na-ciencia-no-brasil-ainda-e-possivel-afirma-isabelle-almeida-novais\/\" target=\"_blank\" rel=\"noopener\"><span style=\"color: #800000;\"><strong>Isabelle Almeida Novais<\/strong><\/span><\/a>, estudante da Escola Estadual Fern\u00e3o Dias Paes, de S\u00e3o Paulo, al\u00e9m de apontar a sua rede de apoio, destacou o papel da SBPC na ci\u00eancia. \u201cDepois de tempos dif\u00edceis para a ci\u00eancia, hoje a gente consegue enxergar um futuro no qual as mulheres est\u00e3o inseridas\u201d, disse. Ela foi premiada pelo trabalho \u201cA influ\u00eancia da infraestrutura dos hospitais p\u00fablicos na realiza\u00e7\u00e3o do diagn\u00f3stico da mielomeningocele fetal\u201d.<\/p>\n<p>Al\u00e9m de agradecer seus apoiadores,\u00a0<span style=\"color: #800000;\"><strong><a style=\"color: #800000;\" href=\"http:\/\/www.jornaldaciencia.org.br\/4o-premio-carolina-bori-com-a-premiacao-me-sinto-ainda-mais-motivada-a-continuar-na-carreira-cientifica-afirma-amanda-guimaraes-melo\/\" target=\"_blank\" rel=\"noopener\">Amanda Guimar\u00e3es Melo<\/a><\/strong><\/span>, graduanda em Matem\u00e1tica na Universidade Federal do Sergipe (UFS), disse que foi uma honra ser uma das ganhadoras da 4\u00aa edi\u00e7\u00e3o do Pr\u00eamio Carolina Bori e representar a \u00e1rea Engenharias, Exatas e Ci\u00eancias da Terra, onde o n\u00famero de homens \u00e9 tradicionalmente maior do que o n\u00famero de mulheres. \u201cEu desejo que mais meninas se sintam motivadas a participar do universo cient\u00edfico, principalmente na \u00e1rea de exatas\u201d, disse ela, que se destacou com o trabalho \u201cEqua\u00e7\u00e3o de Log\u00edstica Fracion\u00e1ria\u201d.<\/p>\n<p><a href=\"http:\/\/www.jornaldaciencia.org.br\/apesar-do-sucateado-sistema-de-pesquisas-a-gente-ainda-consegue-gerar-trabalhos-de-qualidade-afirma-sara-luneburger\/\" target=\"_blank\" rel=\"noopener\"><span style=\"color: #800000;\"><strong>Sara L\u00fcneburger<\/strong><\/span><\/a>, formada em Qu\u00edmica pela Universidade Federal da Fronteira Sul (UFFS), tamb\u00e9m ganhadora da \u00e1rea de Engenharias, Exatas e Ci\u00eancias da Terra, por sua vez, evidenciou o papel da universidade p\u00fablica em sua trajet\u00f3ria. \u201cEu quero agradecer \u00e0 universidade p\u00fablica, gratuita e de qualidade. Sem ela eu n\u00e3o estaria aqui. Sem ela eu n\u00e3o teria alcan\u00e7ado o que eu alcancei e n\u00e3o teria desenvolvido meu projeto. Se eu estou aqui, \u00e9 porque foram ofertadas oportunidades a mim e eu gostaria que essas oportunidades chegassem a um n\u00famero maior de pessoas para que mais ci\u00eancia seja desenvolvida\u201d, disse ela, que ganhou o pr\u00eamio pelo projeto \u201cBiodiesel production from Hevea Brasiliensis seed oil\u201d.<\/p>\n<p><a href=\"http:\/\/www.jornaldaciencia.org.br\/4o-premio-carolina-bori-para-anita-de-souza-silva-premiacoes-ampliam-exposicao-dos-trabalhos-das-meninas-e-mulheres-na-ciencia\/\" target=\"_blank\" rel=\"noopener\"><span style=\"color: #800000;\"><strong>Anita de Souza Silva<\/strong><\/span><\/a>, graduada pela Universidade Federal de Sergipe (UFS), uma das vencedoras na \u00e1rea de Biol\u00f3gicas e Sa\u00fade, salientou o papel da SBPC por incentivar a dar visibilidade ao papel das mulheres na ci\u00eancia. Ela ganhou destaque com o projeto \u201cDiagn\u00f3stico da Leishmaniose Visceral em c\u00e3es e percep\u00e7\u00e3o dos tutores de c\u00e3es e gatos sobre a doen\u00e7a\u201d.<\/p>\n<p>\u201cQueria agradecer especialmente a minha orientadora, a professora doutora Roseane Nunes de Santana Campos, que sempre foi uma grande incentivadora. Ela foi minha orientadora na gradua\u00e7\u00e3o e segue agora me orientando no mestrado, onde vou seguir na mesma linha de pesquisa trabalhando com doen\u00e7as tropicais negligenciadas\u201d, disse Silva.<\/p>\n<p>J\u00e1\u00a0<span style=\"color: #800000;\"><strong><a style=\"color: #800000;\" href=\"http:\/\/www.jornaldaciencia.org.br\/com-investimento-na-universidade-a-gente-pode-fazer-muita-coisa-afirma-ariane-leite-do-nascimento\/\" target=\"_blank\" rel=\"noopener\">Ariane Leite do Nascimento<\/a><\/strong><\/span>, graduanda em Ci\u00eancias Biol\u00f3gicas pela Universidade Federal da Bahia (UFBA), tamb\u00e9m vencedora na \u00e1rea de Biol\u00f3gicas e Sa\u00fade, agradeceu as mulheres que abriram caminho para o reconhecimento feminino na ci\u00eancia. Ao falar sobre o projeto que a destacou, intitulado \u201cBot\u00e2nica sempre viva\u201d, frisou que o objetivo de ela e de seu grupo \u00e9 deixar a bot\u00e2nica mais acess\u00edvel. \u201cA bot\u00e2nica, embora seja uma \u00e1rea muito importante na biologia, ainda \u00e9 negligenciada. Estamos falando de seres vivos que comp\u00f5em mais de 80% da biodiversidade do planeta e que n\u00e3o s\u00e3o \u2018t\u00e3o levados a s\u00e9rio\u2019. Esse projeto foi desenvolvido com materiais did\u00e1ticos gratuitos e voltados para o ensino m\u00e9dio. Acreditamos que \u00e9 pela educa\u00e7\u00e3o que a gente vai transformar esse olhar pela bot\u00e2nica\u201d, disse.<\/p>\n<p><span style=\"color: #800000;\"><strong><a style=\"color: #800000;\" href=\"http:\/\/www.jornaldaciencia.org.br\/meu-principal-objetivo-e-seguir-na-pesquisa-cientifica-afirma-alessandra-stefanello-uma-das-vencedoras-do-4o-premio-carolina-bori-ciencia-mulher\/\" target=\"_blank\" rel=\"noopener\">Alessandra Stefanello<\/a><\/strong><\/span>, graduanda de Letras na Universidade Federal de Santa Maria, vencedora na \u00e1rea de Humanidades, citou que seus pais s\u00e3o agricultores familiares, no interior em um munic\u00edpio de 6 mil habitantes, e foi por amar a terra que resolveu o tema para sua vida acad\u00eamica. Ela foi premiada pelo trabalho \u201cUm outro olhar para a l\u00edngua: a posse da terra e o direito \u00e0 propriedade\u201d.<\/p>\n<p>Ao repensar sua trajet\u00f3ria,\u00a0<span style=\"color: #800000;\"><strong><a style=\"color: #800000;\" href=\"http:\/\/www.jornaldaciencia.org.br\/faltam-livros-voltados-para-as-meninas-e-mulheres-negras-diz-denise-barrozo-de-paula\/\" target=\"_blank\" rel=\"noopener\">Denise Barrozo de Paula<\/a>,<\/strong><\/span> graduada de Psicologia na Universidade Municipal de S\u00e3o Caetano do Sul, uma das vencedoras a \u00e1rea de Humanidades, por seu estudo sobre representa\u00e7\u00e3o de meninas negras na literatura, disse que foi atrav\u00e9s da pesquisa que se tornou realmente uma mulher negra de fato. \u201cFoi atrav\u00e9s da pesquisa que eu entendi o que eu podia fazer na sociedade enquanto pessoa negra e pesquisadora\u201d, contou.<\/p>\n<h4 id=\"pais-e-professores-comemoram-conquistas\"><strong>Pais e professores comemoram conquistas<\/strong><\/h4>\n<p>Para a professora Jaqueline Mendes de Almeida, que orientou Isabelle Almeida Novais no estudo sobre como a infraestrutura de hospitais p\u00fablicos pode afetar no diagn\u00f3stico de malforma\u00e7\u00f5es fetais, o que impressionou foi a estudante j\u00e1 ter toda a sua pesquisa definida em sua cabe\u00e7a. O trabalho da educadora veio mais como orienta\u00e7\u00f5es no processo, conforme relata: \u201cTrabalhar com a Isabelle foi muito f\u00e1cil, ela j\u00e1 tinha uma pesquisa em mente. \u00c9 impressionante, porque na gradua\u00e7\u00e3o, a pessoa j\u00e1 pensa numa pesquisa, mas no ensino m\u00e9dio \u00e9 muito raro, principalmente sem um est\u00edmulo. Quando ela me comunicou da pesquisa, eu falei: \u2018bom, voc\u00ea pode come\u00e7ar com uma inicia\u00e7\u00e3o cient\u00edfica\u2019, e a\u00ed eu a incentivei, mas ela fez tudo praticamente sozinha.\u201d<\/p>\n<p>Ao ver a menina com o pr\u00eamio em m\u00e3os, a educadora n\u00e3o segurou o orgulho. \u201cOlha, \u00e9 uma das maiores emo\u00e7\u00f5es que eu tive como professora at\u00e9 hoje. Porque muita gente sofreu para que este pr\u00eamio pudesse ser constru\u00eddo e eu espero que a Isabelle, no futuro, construa um espa\u00e7o para outras [meninas cientistas] surgirem\u201d, ponderou.<\/p>\n<p>M\u00e3e da jovem Alessandra Stefanello, que trouxe outro olhar para a l\u00edngua sobre a posse da terra e o direito \u00e0 propriedade, Elizabeth Stefanello afirmou que as emo\u00e7\u00f5es vieram j\u00e1 na divulga\u00e7\u00e3o do pr\u00eamio:<\/p>\n<p>\u201cAh, foi muito orgulho para n\u00f3s. Est\u00e1vamos eu e o meu marido em casa, a\u00ed ela ligou e disse \u2018Pai, tenho uma novidade, fui premiada em S\u00e3o Paulo, eu tenho que ir e a m\u00e3e est\u00e1 convidada pra ir junto. Eu vou\u2019. A\u00ed n\u00f3s choramos\u201d, contou.<\/p>\n<p>E para Sebasti\u00e3o Gomes do Nascimento, que viu a filha Ariane Leite do Nascimento subir no palco e pegar seu trof\u00e9u, a emo\u00e7\u00e3o transboroua: \u201cOlha, rapaz, receber esse pr\u00eamio aqui na USP Maria Ant\u00f4nia, um pr\u00eamio da SBPC, com o professor Renato [Janine Ribeiro], a ministra da Ci\u00eancia e essa banca que concedeu este pr\u00eamio a ela, \u00e9 muita emo\u00e7\u00e3o pra gente. \u00c9 uma dedica\u00e7\u00e3o dela, que est\u00e1 mostrando pra gente que estuda um conte\u00fado importante. Obrigado \u00e0 SBPC e que ela v\u00e1 pra frente!\u201d<\/p>\n<p><a href=\"https:\/\/www.youtube.com\/watch?v=RkMBdt_9ESY\" target=\"_blank\" rel=\"noopener\"><span style=\"color: #800000;\"><strong>Veja aqui a cerim\u00f4nia na \u00edntegra<\/strong><\/span><\/a>.<\/p>\n<p><span style=\"color: #808080;\"><a style=\"color: #808080;\" href=\"http:\/\/www.jornaldaciencia.org.br\/\" target=\"_blank\" rel=\"noopener\"><em>Jornal da Ci\u00eancia<\/em><\/a><\/span><\/p>\n<p>&nbsp;<\/p>\n<h6 id=\"capa-jardel-rodrigues-sbpc\">Capa: Jardel Rodrigues\/SBPC<\/h6>\n","protected":false},"excerpt":{"rendered":"A cerim\u00f4nia foi realizada na \u00faltima sexta-feira, 10 de fevereiro, e contou&hellip;\n","protected":false},"author":19,"featured_media":3741,"comment_status":"open","ping_status":"open","sticky":false,"template":"","format":"standard","meta":[],"categories":[1,2],"tags":[],"acf":[],"_links":{"self":[{"href":"https:\/\/revistacienciaecultura.org.br\/index.php?rest_route=\/wp\/v2\/posts\/3740"}],"collection":[{"href":"https:\/\/revistacienciaecultura.org.br\/index.php?rest_route=\/wp\/v2\/posts"}],"about":[{"href":"https:\/\/revistacienciaecultura.org.br\/index.php?rest_route=\/wp\/v2\/types\/post"}],"author":[{"embeddable":true,"href":"https:\/\/revistacienciaecultura.org.br\/index.php?rest_route=\/wp\/v2\/users\/19"}],"replies":[{"embeddable":true,"href":"https:\/\/revistacienciaecultura.org.br\/index.php?rest_route=%2Fwp%2Fv2%2Fcomments&post=3740"}],"version-history":[{"count":1,"href":"https:\/\/revistacienciaecultura.org.br\/index.php?rest_route=\/wp\/v2\/posts\/3740\/revisions"}],"predecessor-version":[{"id":3742,"href":"https:\/\/revistacienciaecultura.org.br\/index.php?rest_route=\/wp\/v2\/posts\/3740\/revisions\/3742"}],"wp:featuredmedia":[{"embeddable":true,"href":"https:\/\/revistacienciaecultura.org.br\/index.php?rest_route=\/wp\/v2\/media\/3741"}],"wp:attachment":[{"href":"https:\/\/revistacienciaecultura.org.br\/index.php?rest_route=%2Fwp%2Fv2%2Fmedia&parent=3740"}],"wp:term":[{"taxonomy":"category","embeddable":true,"href":"https:\/\/revistacienciaecultura.org.br\/index.php?rest_route=%2Fwp%2Fv2%2Fcategories&post=3740"},{"taxonomy":"post_tag","embeddable":true,"href":"https:\/\/revistacienciaecultura.org.br\/index.php?rest_route=%2Fwp%2Fv2%2Ftags&post=3740"}],"curies":[{"name":"wp","href":"https:\/\/api.w.org\/{rel}","templated":true}]}}